{"id":18,"count":83,"description":"Hier k\u00f6nnen sie unsere Beitr\u00e4ge der \u00f6kumenischen Fastenaktionen der letzten Jahre nachlesen. Hier k\u00f6nnen Sie in den <a href=\"https:\/\/hallein-evangelisch.at\/wp\/wp-content\/uploads\/2024\/01\/FA_alle_plakate.pdf\">PLAKATEN DER AKTION<\/a> bl\u00e4ttern.","link":"https:\/\/hallein-evangelisch.at\/wp\/?cat=18","name":"Fastenaktion Archiv","slug":"fastenaktion-archiv","taxonomy":"category","parent":0,"meta":[],"_links":{"self":[{"href":"https:\/\/hallein-evangelisch.at\/wp\/index.php?rest_route=\/wp\/v2\/categories\/18","targetHints":{"allow":["GET"]}}],"collection":[{"href":"https:\/\/hallein-evangelisch.at\/wp\/index.php?rest_route=\/wp\/v2\/categories"}],"about":[{"href":"https:\/\/hallein-evangelisch.at\/wp\/index.php?rest_route=\/wp\/v2\/taxonomies\/category"}],"wp:post_type":[{"href":"https:\/\/hallein-evangelisch.at\/wp\/index.php?rest_route=%2Fwp%2Fv2%2Fposts&categories=18"}],"curies":[{"name":"wp","href":"https:\/\/api.w.org\/{rel}","templated":true}]}}