{"id":10354,"date":"2021-12-14T22:34:18","date_gmt":"2021-12-14T21:34:18","guid":{"rendered":"https:\/\/hallein-evangelisch.at\/wp\/?p=10354"},"modified":"2021-12-14T22:39:43","modified_gmt":"2021-12-14T21:39:43","slug":"cd-als-weihnachtsgeschenk","status":"publish","type":"post","link":"https:\/\/hallein-evangelisch.at\/wp\/?p=10354","title":{"rendered":"CD als Weihnachtsgeschenk"},"content":{"rendered":"<p>[14.12.2021]<\/p>\n<p>Liebe Freundinnen und Freunde,<\/p>\n<figure id=\"attachment_1050\" aria-describedby=\"caption-attachment-1050\" style=\"width: 250px\" class=\"wp-caption alignleft\"><img loading=\"lazy\" decoding=\"async\" class=\"wp-image-1050\" src=\"https:\/\/hallein-evangelisch.at\/wp\/wp-content\/uploads\/2013\/05\/Gordon-Safari-420x600.jpg\" alt=\"\" width=\"250\" height=\"357\" srcset=\"https:\/\/hallein-evangelisch.at\/wp\/wp-content\/uploads\/2013\/05\/Gordon-Safari-420x600.jpg 420w, https:\/\/hallein-evangelisch.at\/wp\/wp-content\/uploads\/2013\/05\/Gordon-Safari-717x1024.jpg 717w, https:\/\/hallein-evangelisch.at\/wp\/wp-content\/uploads\/2013\/05\/Gordon-Safari-716x1024.jpg 716w\" sizes=\"auto, (max-width: 250px) 100vw, 250px\" \/><figcaption id=\"caption-attachment-1050\" class=\"wp-caption-text\">Gordon Safari<\/figcaption><\/figure>\n<p>ein besonderes Jahr geht f\u00fcr uns zu Ende. Es war stark gepr\u00e4gt von Krisen aber auch von H\u00f6henfl\u00fcgen, ein Jahr der Extreme.<\/p>\n<p>Wir sind dankbar, dass wir bei allem Schwierigkeiten so viel k\u00fcnstlerisch weiterbringen konnten. Da ist vor allem unsere Deb\u00fct-CD als Duo Violoncello und Orgel hervorzuheben. Viel haben wir 2019 und 20 investiert, um diese Projekt zu realisieren und zum Erfolg zu f\u00fchren. Wir freuen uns, dass die Einspielung seit ihrer Erscheinung im Oktober bereits beim MDR (Fischers Empfehlungen), ORF (DesCis Philipp Weissman), Radio Salzburg (Gerti Mittermeyer), WDR3 (Tonart) und der Radiofabrik Salzburg vorgestellt wurde.<\/p>\n<p>Wer aus unserem gro\u00dfen Freundes- und Bekanntenkreis spontan noch ein Weihnachtsgeschenk mit anr\u00fchrenden, romantischen Kl\u00e4ngen von Hannah und Gordon sucht, der darf sich gern bei uns melden, denn wir schicken diese wunderbare CD direkt zu Euch nach Hause.<\/p>\n<p>Uns w\u00fcrde es als K\u00fcnstler sehr freuen, wenn m\u00f6glichst viele Menschen diese bisher unbekannte Musik h\u00f6ren w\u00fcrden und davon gerade in der Weihnachtszeit anger\u00fchrt werden w\u00fcrden. Zus\u00e4tzlich w\u00fcrde es uns in der derzeitigen Situation sehr helfen, wenn wir unsere CDs verkaufen k\u00f6nnen. Wir verkaufen die neue &#8222;Scheibe&#8220; f\u00fcr 20 \u20ac pro St\u00fcck, 3 CDs zum Sonderpreis von 50 \u20ac und schicken Euch so viele Ihr wollt direkt nach Hause. Wir bitten daf\u00fcr um die Postadresse.<\/p>\n<p>Wir gr\u00fc\u00dfen Euch herzlich &#8211; inzwischen zu dritt &#8211; in dieser Adventszeit und w\u00fcnschen allen, die wir nicht mehr pers\u00f6nlich sehen, gesegnete Fest- und Feiertage!<\/p>\n<p><em>Eure Hannah &amp; Gordon mit Flurina<br \/>\n<\/em>Bestellungen m\u00f6glich per e-Mail an<\/p>\n<ul>\n<li><a href=\"mailto:gordon.safari@gmail.com\">gordon.safari@gmail.com<\/a> oder<\/li>\n<li><a href=\"mailto:contact@hannahvinzens.com\">contact@hannahvinzens.com<\/a><\/li>\n<\/ul>\n<h3>Lesetipp<\/h3>\n<p><a href=\"https:\/\/hallein-evangelisch.at\/wp\/wp-content\/uploads\/2021\/12\/Folder-Vinzens-Safari.pdf\" target=\"_blank\" rel=\"noopener\">Interview von Gabriele Luster anl\u00e4\u00dflich der SACD-Ver\u00f6ffentlichung \u201eWermann Merkel Reger<\/a><br \/>\n<a href=\"https:\/\/hallein-evangelisch.at\/wp\/wp-content\/uploads\/2021\/12\/Folder-Vinzens-Safari.pdf\" target=\"_blank\" rel=\"noopener\">Gesamtwerke f\u00fcr Violoncello und Orgel\u201c bei MDG Musikproduktion Dabringhaus &amp; Grimm<\/a><\/p>\n","protected":false},"excerpt":{"rendered":"<div class=\"mh-excerpt\"><p>[14.12.2021] Liebe Freundinnen und Freunde, ein besonderes Jahr geht f\u00fcr uns zu Ende. Es war stark gepr\u00e4gt von Krisen aber auch von H\u00f6henfl\u00fcgen, ein Jahr der Extreme. Wir sind dankbar, dass wir bei allem Schwierigkeiten <a class=\"mh-excerpt-more\" href=\"https:\/\/hallein-evangelisch.at\/wp\/?p=10354\" title=\"CD als Weihnachtsgeschenk\">[&#8230;]<\/a><\/p>\n<\/div>","protected":false},"author":8,"featured_media":10359,"comment_status":"closed","ping_status":"closed","sticky":false,"template":"","format":"standard","meta":{"footnotes":""},"categories":[31],"tags":[],"class_list":{"0":"post-10354","1":"post","2":"type-post","3":"status-publish","4":"format-standard","5":"has-post-thumbnail","7":"category-kultur"},"_links":{"self":[{"href":"https:\/\/hallein-evangelisch.at\/wp\/index.php?rest_route=\/wp\/v2\/posts\/10354","targetHints":{"allow":["GET"]}}],"collection":[{"href":"https:\/\/hallein-evangelisch.at\/wp\/index.php?rest_route=\/wp\/v2\/posts"}],"about":[{"href":"https:\/\/hallein-evangelisch.at\/wp\/index.php?rest_route=\/wp\/v2\/types\/post"}],"author":[{"embeddable":true,"href":"https:\/\/hallein-evangelisch.at\/wp\/index.php?rest_route=\/wp\/v2\/users\/8"}],"replies":[{"embeddable":true,"href":"https:\/\/hallein-evangelisch.at\/wp\/index.php?rest_route=%2Fwp%2Fv2%2Fcomments&post=10354"}],"version-history":[{"count":7,"href":"https:\/\/hallein-evangelisch.at\/wp\/index.php?rest_route=\/wp\/v2\/posts\/10354\/revisions"}],"predecessor-version":[{"id":10363,"href":"https:\/\/hallein-evangelisch.at\/wp\/index.php?rest_route=\/wp\/v2\/posts\/10354\/revisions\/10363"}],"wp:featuredmedia":[{"embeddable":true,"href":"https:\/\/hallein-evangelisch.at\/wp\/index.php?rest_route=\/wp\/v2\/media\/10359"}],"wp:attachment":[{"href":"https:\/\/hallein-evangelisch.at\/wp\/index.php?rest_route=%2Fwp%2Fv2%2Fmedia&parent=10354"}],"wp:term":[{"taxonomy":"category","embeddable":true,"href":"https:\/\/hallein-evangelisch.at\/wp\/index.php?rest_route=%2Fwp%2Fv2%2Fcategories&post=10354"},{"taxonomy":"post_tag","embeddable":true,"href":"https:\/\/hallein-evangelisch.at\/wp\/index.php?rest_route=%2Fwp%2Fv2%2Ftags&post=10354"}],"curies":[{"name":"wp","href":"https:\/\/api.w.org\/{rel}","templated":true}]}}