{"id":11212,"date":"2022-06-02T12:16:29","date_gmt":"2022-06-02T10:16:29","guid":{"rendered":"https:\/\/hallein-evangelisch.at\/wp\/?p=11212"},"modified":"2022-06-02T12:20:27","modified_gmt":"2022-06-02T10:20:27","slug":"bluetenpracht","status":"publish","type":"post","link":"https:\/\/hallein-evangelisch.at\/wp\/?p=11212","title":{"rendered":"Bl\u00fctenpracht"},"content":{"rendered":"<p>[02.06.2022]<\/p>\n<p>Eine wunderbare Bl\u00fctenpracht im evangelischen Pfarrgarten erfreut um diese Zeit nicht nur die Spazierg\u00e4nger an der Salzach, sondern bietet auch ein wichtiges Nahrungsangebot f\u00fcr Bienen. (Zum Vergr\u00f6\u00dfern einfach in Bild klicken!)<\/p>\n<p><a href=\"https:\/\/hallein-evangelisch.at\/wp\/wp-content\/uploads\/2022\/06\/IMG_0565-1-scaled.jpg\"><img loading=\"lazy\" decoding=\"async\" class=\"alignnone wp-image-11222 size-medium\" src=\"https:\/\/hallein-evangelisch.at\/wp\/wp-content\/uploads\/2022\/06\/IMG_0565-1-600x306.jpg\" alt=\"\" width=\"600\" height=\"306\" srcset=\"https:\/\/hallein-evangelisch.at\/wp\/wp-content\/uploads\/2022\/06\/IMG_0565-1-600x306.jpg 600w, https:\/\/hallein-evangelisch.at\/wp\/wp-content\/uploads\/2022\/06\/IMG_0565-1-1024x523.jpg 1024w, https:\/\/hallein-evangelisch.at\/wp\/wp-content\/uploads\/2022\/06\/IMG_0565-1-300x153.jpg 300w, https:\/\/hallein-evangelisch.at\/wp\/wp-content\/uploads\/2022\/06\/IMG_0565-1-1536x784.jpg 1536w, https:\/\/hallein-evangelisch.at\/wp\/wp-content\/uploads\/2022\/06\/IMG_0565-1-2048x1046.jpg 2048w\" sizes=\"auto, (max-width: 600px) 100vw, 600px\" \/><\/a> <a href=\"https:\/\/hallein-evangelisch.at\/wp\/wp-content\/uploads\/2022\/06\/IMG_0564-1-scaled.jpg\"><img loading=\"lazy\" decoding=\"async\" class=\"alignnone wp-image-11221 size-medium\" src=\"https:\/\/hallein-evangelisch.at\/wp\/wp-content\/uploads\/2022\/06\/IMG_0564-1-600x335.jpg\" alt=\"\" width=\"600\" height=\"335\" srcset=\"https:\/\/hallein-evangelisch.at\/wp\/wp-content\/uploads\/2022\/06\/IMG_0564-1-600x335.jpg 600w, https:\/\/hallein-evangelisch.at\/wp\/wp-content\/uploads\/2022\/06\/IMG_0564-1-1024x571.jpg 1024w, https:\/\/hallein-evangelisch.at\/wp\/wp-content\/uploads\/2022\/06\/IMG_0564-1-300x167.jpg 300w, https:\/\/hallein-evangelisch.at\/wp\/wp-content\/uploads\/2022\/06\/IMG_0564-1-1536x857.jpg 1536w, https:\/\/hallein-evangelisch.at\/wp\/wp-content\/uploads\/2022\/06\/IMG_0564-1-2048x1143.jpg 2048w\" sizes=\"auto, (max-width: 600px) 100vw, 600px\" \/><\/a> <a href=\"https:\/\/hallein-evangelisch.at\/wp\/wp-content\/uploads\/2022\/06\/IMG_0562-scaled.jpg\"><img loading=\"lazy\" decoding=\"async\" class=\"alignnone wp-image-11219 size-medium\" src=\"https:\/\/hallein-evangelisch.at\/wp\/wp-content\/uploads\/2022\/06\/IMG_0562-600x338.jpg\" alt=\"\" width=\"600\" height=\"338\" srcset=\"https:\/\/hallein-evangelisch.at\/wp\/wp-content\/uploads\/2022\/06\/IMG_0562-600x338.jpg 600w, https:\/\/hallein-evangelisch.at\/wp\/wp-content\/uploads\/2022\/06\/IMG_0562-1024x576.jpg 1024w, https:\/\/hallein-evangelisch.at\/wp\/wp-content\/uploads\/2022\/06\/IMG_0562-300x169.jpg 300w, https:\/\/hallein-evangelisch.at\/wp\/wp-content\/uploads\/2022\/06\/IMG_0562-1536x864.jpg 1536w, https:\/\/hallein-evangelisch.at\/wp\/wp-content\/uploads\/2022\/06\/IMG_0562-2048x1152.jpg 2048w, https:\/\/hallein-evangelisch.at\/wp\/wp-content\/uploads\/2022\/06\/IMG_0562-678x381.jpg 678w\" sizes=\"auto, (max-width: 600px) 100vw, 600px\" \/><\/a> <a href=\"https:\/\/hallein-evangelisch.at\/wp\/wp-content\/uploads\/2022\/06\/IMG_0561-scaled.jpg\"><img loading=\"lazy\" decoding=\"async\" class=\"alignnone wp-image-11218 size-medium\" src=\"https:\/\/hallein-evangelisch.at\/wp\/wp-content\/uploads\/2022\/06\/IMG_0561-600x338.jpg\" alt=\"\" width=\"600\" height=\"338\" srcset=\"https:\/\/hallein-evangelisch.at\/wp\/wp-content\/uploads\/2022\/06\/IMG_0561-600x338.jpg 600w, https:\/\/hallein-evangelisch.at\/wp\/wp-content\/uploads\/2022\/06\/IMG_0561-1024x576.jpg 1024w, https:\/\/hallein-evangelisch.at\/wp\/wp-content\/uploads\/2022\/06\/IMG_0561-300x169.jpg 300w, https:\/\/hallein-evangelisch.at\/wp\/wp-content\/uploads\/2022\/06\/IMG_0561-1536x864.jpg 1536w, https:\/\/hallein-evangelisch.at\/wp\/wp-content\/uploads\/2022\/06\/IMG_0561-2048x1152.jpg 2048w, https:\/\/hallein-evangelisch.at\/wp\/wp-content\/uploads\/2022\/06\/IMG_0561-678x381.jpg 678w\" sizes=\"auto, (max-width: 600px) 100vw, 600px\" \/><\/a> <a href=\"https:\/\/hallein-evangelisch.at\/wp\/wp-content\/uploads\/2022\/06\/IMG_0559-scaled.jpg\"><img loading=\"lazy\" decoding=\"async\" class=\"alignnone wp-image-11216 size-medium\" src=\"https:\/\/hallein-evangelisch.at\/wp\/wp-content\/uploads\/2022\/06\/IMG_0559-600x338.jpg\" alt=\"\" width=\"600\" height=\"338\" srcset=\"https:\/\/hallein-evangelisch.at\/wp\/wp-content\/uploads\/2022\/06\/IMG_0559-600x338.jpg 600w, https:\/\/hallein-evangelisch.at\/wp\/wp-content\/uploads\/2022\/06\/IMG_0559-1024x576.jpg 1024w, https:\/\/hallein-evangelisch.at\/wp\/wp-content\/uploads\/2022\/06\/IMG_0559-300x169.jpg 300w, https:\/\/hallein-evangelisch.at\/wp\/wp-content\/uploads\/2022\/06\/IMG_0559-1536x864.jpg 1536w, https:\/\/hallein-evangelisch.at\/wp\/wp-content\/uploads\/2022\/06\/IMG_0559-2048x1152.jpg 2048w, https:\/\/hallein-evangelisch.at\/wp\/wp-content\/uploads\/2022\/06\/IMG_0559-678x381.jpg 678w\" sizes=\"auto, (max-width: 600px) 100vw, 600px\" \/><\/a> <a href=\"https:\/\/hallein-evangelisch.at\/wp\/wp-content\/uploads\/2022\/06\/IMG_0557-scaled.jpg\"><img loading=\"lazy\" decoding=\"async\" class=\"alignnone wp-image-11214 size-medium\" src=\"https:\/\/hallein-evangelisch.at\/wp\/wp-content\/uploads\/2022\/06\/IMG_0557-600x338.jpg\" alt=\"\" width=\"600\" height=\"338\" srcset=\"https:\/\/hallein-evangelisch.at\/wp\/wp-content\/uploads\/2022\/06\/IMG_0557-600x338.jpg 600w, https:\/\/hallein-evangelisch.at\/wp\/wp-content\/uploads\/2022\/06\/IMG_0557-1024x576.jpg 1024w, https:\/\/hallein-evangelisch.at\/wp\/wp-content\/uploads\/2022\/06\/IMG_0557-300x169.jpg 300w, https:\/\/hallein-evangelisch.at\/wp\/wp-content\/uploads\/2022\/06\/IMG_0557-1536x864.jpg 1536w, https:\/\/hallein-evangelisch.at\/wp\/wp-content\/uploads\/2022\/06\/IMG_0557-2048x1152.jpg 2048w, https:\/\/hallein-evangelisch.at\/wp\/wp-content\/uploads\/2022\/06\/IMG_0557-678x381.jpg 678w\" sizes=\"auto, (max-width: 600px) 100vw, 600px\" \/><\/a> <a href=\"https:\/\/hallein-evangelisch.at\/wp\/wp-content\/uploads\/2022\/06\/IMG_0564-scaled.jpg\"><img loading=\"lazy\" decoding=\"async\" class=\"alignnone wp-image-11211 size-medium\" src=\"https:\/\/hallein-evangelisch.at\/wp\/wp-content\/uploads\/2022\/06\/IMG_0564-600x335.jpg\" alt=\"\" width=\"600\" height=\"335\" srcset=\"https:\/\/hallein-evangelisch.at\/wp\/wp-content\/uploads\/2022\/06\/IMG_0564-600x335.jpg 600w, https:\/\/hallein-evangelisch.at\/wp\/wp-content\/uploads\/2022\/06\/IMG_0564-1024x571.jpg 1024w, https:\/\/hallein-evangelisch.at\/wp\/wp-content\/uploads\/2022\/06\/IMG_0564-300x167.jpg 300w, https:\/\/hallein-evangelisch.at\/wp\/wp-content\/uploads\/2022\/06\/IMG_0564-1536x857.jpg 1536w, https:\/\/hallein-evangelisch.at\/wp\/wp-content\/uploads\/2022\/06\/IMG_0564-2048x1143.jpg 2048w\" sizes=\"auto, (max-width: 600px) 100vw, 600px\" \/><\/a> <a href=\"https:\/\/hallein-evangelisch.at\/wp\/wp-content\/uploads\/2022\/06\/IMG_0565-scaled.jpg\"><img loading=\"lazy\" decoding=\"async\" class=\"alignnone wp-image-11210 size-medium\" src=\"https:\/\/hallein-evangelisch.at\/wp\/wp-content\/uploads\/2022\/06\/IMG_0565-600x306.jpg\" alt=\"\" width=\"600\" height=\"306\" srcset=\"https:\/\/hallein-evangelisch.at\/wp\/wp-content\/uploads\/2022\/06\/IMG_0565-600x306.jpg 600w, https:\/\/hallein-evangelisch.at\/wp\/wp-content\/uploads\/2022\/06\/IMG_0565-1024x523.jpg 1024w, https:\/\/hallein-evangelisch.at\/wp\/wp-content\/uploads\/2022\/06\/IMG_0565-300x153.jpg 300w, https:\/\/hallein-evangelisch.at\/wp\/wp-content\/uploads\/2022\/06\/IMG_0565-1536x784.jpg 1536w, https:\/\/hallein-evangelisch.at\/wp\/wp-content\/uploads\/2022\/06\/IMG_0565-2048x1046.jpg 2048w\" sizes=\"auto, (max-width: 600px) 100vw, 600px\" \/><\/a> <a href=\"https:\/\/hallein-evangelisch.at\/wp\/wp-content\/uploads\/2022\/06\/IMG_0553-scaled.jpg\"><img loading=\"lazy\" decoding=\"async\" class=\"alignnone wp-image-11208 size-medium\" src=\"https:\/\/hallein-evangelisch.at\/wp\/wp-content\/uploads\/2022\/06\/IMG_0553-600x338.jpg\" alt=\"\" width=\"600\" height=\"338\" srcset=\"https:\/\/hallein-evangelisch.at\/wp\/wp-content\/uploads\/2022\/06\/IMG_0553-600x338.jpg 600w, https:\/\/hallein-evangelisch.at\/wp\/wp-content\/uploads\/2022\/06\/IMG_0553-1024x576.jpg 1024w, https:\/\/hallein-evangelisch.at\/wp\/wp-content\/uploads\/2022\/06\/IMG_0553-300x169.jpg 300w, https:\/\/hallein-evangelisch.at\/wp\/wp-content\/uploads\/2022\/06\/IMG_0553-1536x864.jpg 1536w, https:\/\/hallein-evangelisch.at\/wp\/wp-content\/uploads\/2022\/06\/IMG_0553-2048x1152.jpg 2048w, https:\/\/hallein-evangelisch.at\/wp\/wp-content\/uploads\/2022\/06\/IMG_0553-678x381.jpg 678w\" sizes=\"auto, (max-width: 600px) 100vw, 600px\" \/><\/a><\/p>\n<p>(Fotos: Helmut Meisl)<\/p>\n","protected":false},"excerpt":{"rendered":"<div class=\"mh-excerpt\"><p>[02.06.2022] Eine wunderbare Bl\u00fctenpracht im evangelischen Pfarrgarten erfreut um diese Zeit nicht nur die Spazierg\u00e4nger an der Salzach, sondern bietet auch ein wichtiges Nahrungsangebot f\u00fcr Bienen. (Zum Vergr\u00f6\u00dfern einfach in Bild klicken!) (Fotos: Helmut Meisl)<\/p>\n<\/div>","protected":false},"author":8,"featured_media":11224,"comment_status":"closed","ping_status":"closed","sticky":false,"template":"","format":"standard","meta":{"footnotes":""},"categories":[1],"tags":[],"class_list":{"0":"post-11212","1":"post","2":"type-post","3":"status-publish","4":"format-standard","5":"has-post-thumbnail","7":"category-allgemein"},"_links":{"self":[{"href":"https:\/\/hallein-evangelisch.at\/wp\/index.php?rest_route=\/wp\/v2\/posts\/11212","targetHints":{"allow":["GET"]}}],"collection":[{"href":"https:\/\/hallein-evangelisch.at\/wp\/index.php?rest_route=\/wp\/v2\/posts"}],"about":[{"href":"https:\/\/hallein-evangelisch.at\/wp\/index.php?rest_route=\/wp\/v2\/types\/post"}],"author":[{"embeddable":true,"href":"https:\/\/hallein-evangelisch.at\/wp\/index.php?rest_route=\/wp\/v2\/users\/8"}],"replies":[{"embeddable":true,"href":"https:\/\/hallein-evangelisch.at\/wp\/index.php?rest_route=%2Fwp%2Fv2%2Fcomments&post=11212"}],"version-history":[{"count":6,"href":"https:\/\/hallein-evangelisch.at\/wp\/index.php?rest_route=\/wp\/v2\/posts\/11212\/revisions"}],"predecessor-version":[{"id":11229,"href":"https:\/\/hallein-evangelisch.at\/wp\/index.php?rest_route=\/wp\/v2\/posts\/11212\/revisions\/11229"}],"wp:featuredmedia":[{"embeddable":true,"href":"https:\/\/hallein-evangelisch.at\/wp\/index.php?rest_route=\/wp\/v2\/media\/11224"}],"wp:attachment":[{"href":"https:\/\/hallein-evangelisch.at\/wp\/index.php?rest_route=%2Fwp%2Fv2%2Fmedia&parent=11212"}],"wp:term":[{"taxonomy":"category","embeddable":true,"href":"https:\/\/hallein-evangelisch.at\/wp\/index.php?rest_route=%2Fwp%2Fv2%2Fcategories&post=11212"},{"taxonomy":"post_tag","embeddable":true,"href":"https:\/\/hallein-evangelisch.at\/wp\/index.php?rest_route=%2Fwp%2Fv2%2Ftags&post=11212"}],"curies":[{"name":"wp","href":"https:\/\/api.w.org\/{rel}","templated":true}]}}