{"id":11256,"date":"2022-07-04T00:00:18","date_gmt":"2022-07-03T22:00:18","guid":{"rendered":"https:\/\/hallein-evangelisch.at\/wp\/?p=11256"},"modified":"2022-09-14T17:11:04","modified_gmt":"2022-09-14T15:11:04","slug":"kirche-und-glaube-eine-vision-fuers-heute","status":"publish","type":"post","link":"https:\/\/hallein-evangelisch.at\/wp\/?p=11256","title":{"rendered":"Kirche und Glaube &#8211; eine Vision f\u00fcrs Heute"},"content":{"rendered":"<p>[04.07.2022]<\/p>\n<p><img loading=\"lazy\" decoding=\"async\" class=\"wp-image-11666 alignleft\" src=\"https:\/\/hallein-evangelisch.at\/wp\/wp-content\/uploads\/2022\/07\/jens_daniel_mauer_2_F-495x600.png\" alt=\"\" width=\"300\" height=\"364\" srcset=\"https:\/\/hallein-evangelisch.at\/wp\/wp-content\/uploads\/2022\/07\/jens_daniel_mauer_2_F-495x600.png 495w, https:\/\/hallein-evangelisch.at\/wp\/wp-content\/uploads\/2022\/07\/jens_daniel_mauer_2_F-247x300.png 247w, https:\/\/hallein-evangelisch.at\/wp\/wp-content\/uploads\/2022\/07\/jens_daniel_mauer_2_F.png 734w\" sizes=\"auto, (max-width: 300px) 100vw, 300px\" \/><\/p>\n<p>\u201eGlaube ist Privatsache.\u201c &#8211; ich stimme dieser \u00dcberzeugung zu. <strong>Glaube wird lebendig, wenn er meine Pers\u00f6nlichkeit betrifft<\/strong>, wenn er mich in meinem tiefen Inneren angeht, wenn er mein Privatleben pr\u00e4gt und durchdringt. Im Grunde geht es doch darum, was mich auf den Beinen h\u00e4lt, wenn der Boden unter meinen F\u00fc\u00dfen wankt. Was mir wieder hoch hilft, wenn ich ins Straucheln gekommen bin. Was mir Orientierung gibt, wenn ich eine Entscheidung f\u00fcrs Leben zu treffen habe. Was mir einen Wertekatalog oder ein ethisches Grundger\u00fcst liefert. Etwas, woran ich nicht r\u00fctteln, was ich mir nicht nehmen lassen m\u00f6chte.<\/p>\n<p>Insofern glauben wir Menschen alle. Die Frage ist vielmehr, worauf der oder die Einzelne diesen Halt, dieses Vertrauen gr\u00fcndet. Daf\u00fcr braucht es keine Religionsgemeinschaft, das <strong>hat nicht automatisch etwas mit Kirche zu tun<\/strong>. Glaube beruht auf Erfahrungen, Bekenntnissen und Erkenntnissen. Wir glauben nicht alle das Gleiche und schon gar nicht auf die gleiche Art und Weise. Freunde von mir glauben an beweisbare Erkenntnisse und bezeichnen sich als Atheisten. Wieder andere Freunde hatten eine spirituelle Erfahrung, die ausschlaggebend war f\u00fcr ihren Weg des Glaubens. Mein Glaube hat mit dem christlichen Bekenntnis begonnen, durch das ich in meiner Familie gepr\u00e4gt wurde.<\/p>\n<p>\u201eGlaube ist Privatsache.\u201c &#8211; ich stimme dieser \u00dcberzeugung zu, wenn ich mit meinem Glauben nicht das Ziel verfolge, dass er meine Privatsache bleibt. <strong>In der organisierten Kirche liegt eine gro\u00dfartige Chance<\/strong>! Und jetzt schreibe ich bewusst und ausschlie\u00dflich \u00fcber unsere christliche Kirche: Ich zimmere mir nicht mein alleiniges Glaubens-Ger\u00fcst zurecht, das ich an die Umst\u00e4nde anpasse. Ich pr\u00fcfe und vertiefe meine Erfahrungen, Bekenntnisse und Erkenntnisse an denen der anderen. Ich erkl\u00e4re mich verbindlich dazu bereit, meinen .privaten* Glaubensschatz und meine Begabungen zur Verf\u00fcgung zu stellen (manchmal nennen wir das \u201eMitarbeit\u201c \u00a9).<\/p>\n<h3>Eine Vision von Kirche f\u00fcrs Heute<\/h3>\n<p>Sie lebt von unserem jeweiligen Privatglauben. Das, was uns im ganz Privaten \u201eHalt\u201c gibt, auf was wir zutiefst vertrauen, das teilen wir miteinander. Kirchliches Leben unterscheidet sich nicht vom Privatleben, vielmehr pr\u00e4gen unsere privaten Interessen, Lebensthemen und Hobbys die Gemeindeaktivit\u00e4ten. Als Gemeindeleitung er\u00f6ffnen wir (neue) R\u00e4ume der verantwortungsbewussten Beteiligung und sind neugierig, welche W\u00fcnsche die verschiedenen Altersgruppen an unsre Pfarrgemeinde richten. Daf\u00fcr investieren wir unsere kirchlichen Ressourcen -Raum, Personal, Zeit und Geld. Gemeinsam entwickeln wir insbesondere unsere gottesdienstlichen Formate so weiter, dass wir Gottes Geisteskraft den Raum er\u00f6ffnen, das zu tun, was sie am liebsten tut: Unserem jeweiligen Privatglauben zu dienen und ihn zu st\u00e4rken.<\/p>\n<p><em>Euer Pfarrer Jens-Daniel Mauer<\/em><\/p>\n","protected":false},"excerpt":{"rendered":"<div class=\"mh-excerpt\"><p>[04.07.2022] \u201eGlaube ist Privatsache.\u201c &#8211; ich stimme dieser \u00dcberzeugung zu. Glaube wird lebendig, wenn er meine Pers\u00f6nlichkeit betrifft, wenn er mich in meinem tiefen Inneren angeht, wenn er mein Privatleben pr\u00e4gt und durchdringt. Im Grunde <a class=\"mh-excerpt-more\" href=\"https:\/\/hallein-evangelisch.at\/wp\/?p=11256\" title=\"Kirche und Glaube &#8211; eine Vision f\u00fcrs Heute\">[&#8230;]<\/a><\/p>\n<\/div>","protected":false},"author":8,"featured_media":11670,"comment_status":"closed","ping_status":"closed","sticky":false,"template":"","format":"standard","meta":{"footnotes":""},"categories":[4],"tags":[],"class_list":{"0":"post-11256","1":"post","2":"type-post","3":"status-publish","4":"format-standard","5":"has-post-thumbnail","7":"category-gedanken"},"_links":{"self":[{"href":"https:\/\/hallein-evangelisch.at\/wp\/index.php?rest_route=\/wp\/v2\/posts\/11256","targetHints":{"allow":["GET"]}}],"collection":[{"href":"https:\/\/hallein-evangelisch.at\/wp\/index.php?rest_route=\/wp\/v2\/posts"}],"about":[{"href":"https:\/\/hallein-evangelisch.at\/wp\/index.php?rest_route=\/wp\/v2\/types\/post"}],"author":[{"embeddable":true,"href":"https:\/\/hallein-evangelisch.at\/wp\/index.php?rest_route=\/wp\/v2\/users\/8"}],"replies":[{"embeddable":true,"href":"https:\/\/hallein-evangelisch.at\/wp\/index.php?rest_route=%2Fwp%2Fv2%2Fcomments&post=11256"}],"version-history":[{"count":8,"href":"https:\/\/hallein-evangelisch.at\/wp\/index.php?rest_route=\/wp\/v2\/posts\/11256\/revisions"}],"predecessor-version":[{"id":11668,"href":"https:\/\/hallein-evangelisch.at\/wp\/index.php?rest_route=\/wp\/v2\/posts\/11256\/revisions\/11668"}],"wp:featuredmedia":[{"embeddable":true,"href":"https:\/\/hallein-evangelisch.at\/wp\/index.php?rest_route=\/wp\/v2\/media\/11670"}],"wp:attachment":[{"href":"https:\/\/hallein-evangelisch.at\/wp\/index.php?rest_route=%2Fwp%2Fv2%2Fmedia&parent=11256"}],"wp:term":[{"taxonomy":"category","embeddable":true,"href":"https:\/\/hallein-evangelisch.at\/wp\/index.php?rest_route=%2Fwp%2Fv2%2Fcategories&post=11256"},{"taxonomy":"post_tag","embeddable":true,"href":"https:\/\/hallein-evangelisch.at\/wp\/index.php?rest_route=%2Fwp%2Fv2%2Ftags&post=11256"}],"curies":[{"name":"wp","href":"https:\/\/api.w.org\/{rel}","templated":true}]}}