{"id":11265,"date":"2022-07-11T00:00:28","date_gmt":"2022-07-10T22:00:28","guid":{"rendered":"https:\/\/hallein-evangelisch.at\/wp\/?p=11265"},"modified":"2022-08-24T18:32:24","modified_gmt":"2022-08-24T16:32:24","slug":"orgelreinigung","status":"publish","type":"post","link":"https:\/\/hallein-evangelisch.at\/wp\/?p=11265","title":{"rendered":"Orgelreinigung"},"content":{"rendered":"<p>[11.07.2022]<\/p>\n<p><img loading=\"lazy\" decoding=\"async\" class=\"size-thumbnail wp-image-11266 alignleft\" src=\"https:\/\/hallein-evangelisch.at\/wp\/wp-content\/uploads\/2022\/06\/orgelreinigung-300x221.jpg\" alt=\"\" width=\"300\" height=\"221\" srcset=\"https:\/\/hallein-evangelisch.at\/wp\/wp-content\/uploads\/2022\/06\/orgelreinigung-300x221.jpg 300w, https:\/\/hallein-evangelisch.at\/wp\/wp-content\/uploads\/2022\/06\/orgelreinigung-600x442.jpg 600w, https:\/\/hallein-evangelisch.at\/wp\/wp-content\/uploads\/2022\/06\/orgelreinigung-1024x755.jpg 1024w, https:\/\/hallein-evangelisch.at\/wp\/wp-content\/uploads\/2022\/06\/orgelreinigung-1536x1132.jpg 1536w, https:\/\/hallein-evangelisch.at\/wp\/wp-content\/uploads\/2022\/06\/orgelreinigung-80x60.jpg 80w, https:\/\/hallein-evangelisch.at\/wp\/wp-content\/uploads\/2022\/06\/orgelreinigung.jpg 1780w\" sizes=\"auto, (max-width: 300px) 100vw, 300px\" \/>F\u00fcr die Orgel in der Halleiner Schaitbergerkirche waren wichtige Erhaltungsma\u00dfnahmen notwendig: Wie die Begutachtung durch Orgelbaumeister Roland Hitsch ergab, musste das aus dem Jahr 1977 stammende Instrument nicht nur gr\u00fcndlich gereinigt, sondern auch von Schimmelbefall befreit werden. Zur Beseitigung der jahrzehntelangen Verschmutzung wurde die Orgel zerlegt. Der Anblick der zahllosen Pfeifen und sonstigen Teile, die sich perfekt geordnet auf der Empore t\u00fcrmten, l\u00f6ste h\u00f6chste Bewunderung f\u00fcr das Wissen und technische K\u00f6nnen eines Orgelbaumeisters aus.<\/p>\n<p>Rechtzeitig vor den Osterfeiertagen vollendeten Roland Hitsch und sein Geselle ihr Werk. Gereinigt, vom Schimmel befreit, mit manchen Ersatzteilen versehen und frisch gestimmt erklingt unsere kleine, aber immer noch ihre Dienste treu versehende Orgel wieder, gespielt von unseren Organisten, die das Beste aus diesem Instrument herausholen.<\/p>\n<p>Freilich war dieses Projekt mit seinen Kosten von knapp \u20ac 20.000,- f\u00fcr unsere Pfarrgemeinde eine gro\u00dfe finanzielle Herausforderung. Wir danken ganz herzlich allen Spenderinnen und Spendern, die die notwendigen Ma\u00dfnahmen bisher unterst\u00fctzt haben, sowie den Gemeinden Puch und Hallein, die Subventionen gew\u00e4hrt bzw. zugesagt haben. F\u00fcr weitere Ansuchen an den Gustav-Adolf-Verein und den Martin-Luther-Bund hoffen wir auf positive Entscheidungen.<\/p>\n<p>Dennoch sind wir auf weitere Spenden angewiesen, damit das Minus in unserem Haushalt nicht zu belastend wird: Bitte helfen Sie uns!<br \/>\n<strong>Kontonummer: IBAN AT06 2040 4060 0901 9290,<\/strong><br \/>\n<strong>Verwendungszweck \u201eOrgel\u201c. <\/strong><\/p>\n<p>Ganz herzlichen Dank!<br \/>\n<em>Peter Pr\u00f6glh\u00f6f<\/em><\/p>\n","protected":false},"excerpt":{"rendered":"<div class=\"mh-excerpt\"><p>[11.07.2022] F\u00fcr die Orgel in der Halleiner Schaitbergerkirche waren wichtige Erhaltungsma\u00dfnahmen notwendig: Wie die Begutachtung durch Orgelbaumeister Roland Hitsch ergab, musste das aus dem Jahr 1977 stammende Instrument nicht nur gr\u00fcndlich gereinigt, sondern auch von <a class=\"mh-excerpt-more\" href=\"https:\/\/hallein-evangelisch.at\/wp\/?p=11265\" title=\"Orgelreinigung\">[&#8230;]<\/a><\/p>\n<\/div>","protected":false},"author":8,"featured_media":11266,"comment_status":"closed","ping_status":"closed","sticky":false,"template":"","format":"standard","meta":{"footnotes":""},"categories":[1],"tags":[],"class_list":{"0":"post-11265","1":"post","2":"type-post","3":"status-publish","4":"format-standard","5":"has-post-thumbnail","7":"category-allgemein"},"_links":{"self":[{"href":"https:\/\/hallein-evangelisch.at\/wp\/index.php?rest_route=\/wp\/v2\/posts\/11265","targetHints":{"allow":["GET"]}}],"collection":[{"href":"https:\/\/hallein-evangelisch.at\/wp\/index.php?rest_route=\/wp\/v2\/posts"}],"about":[{"href":"https:\/\/hallein-evangelisch.at\/wp\/index.php?rest_route=\/wp\/v2\/types\/post"}],"author":[{"embeddable":true,"href":"https:\/\/hallein-evangelisch.at\/wp\/index.php?rest_route=\/wp\/v2\/users\/8"}],"replies":[{"embeddable":true,"href":"https:\/\/hallein-evangelisch.at\/wp\/index.php?rest_route=%2Fwp%2Fv2%2Fcomments&post=11265"}],"version-history":[{"count":2,"href":"https:\/\/hallein-evangelisch.at\/wp\/index.php?rest_route=\/wp\/v2\/posts\/11265\/revisions"}],"predecessor-version":[{"id":11446,"href":"https:\/\/hallein-evangelisch.at\/wp\/index.php?rest_route=\/wp\/v2\/posts\/11265\/revisions\/11446"}],"wp:featuredmedia":[{"embeddable":true,"href":"https:\/\/hallein-evangelisch.at\/wp\/index.php?rest_route=\/wp\/v2\/media\/11266"}],"wp:attachment":[{"href":"https:\/\/hallein-evangelisch.at\/wp\/index.php?rest_route=%2Fwp%2Fv2%2Fmedia&parent=11265"}],"wp:term":[{"taxonomy":"category","embeddable":true,"href":"https:\/\/hallein-evangelisch.at\/wp\/index.php?rest_route=%2Fwp%2Fv2%2Fcategories&post=11265"},{"taxonomy":"post_tag","embeddable":true,"href":"https:\/\/hallein-evangelisch.at\/wp\/index.php?rest_route=%2Fwp%2Fv2%2Ftags&post=11265"}],"curies":[{"name":"wp","href":"https:\/\/api.w.org\/{rel}","templated":true}]}}