{"id":11268,"date":"2022-07-13T00:00:16","date_gmt":"2022-07-12T22:00:16","guid":{"rendered":"https:\/\/hallein-evangelisch.at\/wp\/?p=11268"},"modified":"2022-08-24T18:33:07","modified_gmt":"2022-08-24T16:33:07","slug":"ausbildungszeit-neigt-sich-dem-ende-zu","status":"publish","type":"post","link":"https:\/\/hallein-evangelisch.at\/wp\/?p=11268","title":{"rendered":"Ausbildungszeit neigt sich dem Ende zu"},"content":{"rendered":"<p>[13.07.2022]<\/p>\n<p><img loading=\"lazy\" decoding=\"async\" class=\"alignleft wp-image-8977\" src=\"https:\/\/hallein-evangelisch.at\/wp\/wp-content\/uploads\/2021\/02\/thomas_mueller_2021.png\" alt=\"\" width=\"300\" height=\"461\" srcset=\"https:\/\/hallein-evangelisch.at\/wp\/wp-content\/uploads\/2021\/02\/thomas_mueller_2021.png 396w, https:\/\/hallein-evangelisch.at\/wp\/wp-content\/uploads\/2021\/02\/thomas_mueller_2021-390x600.png 390w\" sizes=\"auto, (max-width: 300px) 100vw, 300px\" \/>Ein Grundpfeiler des lutherischen Christseins ist f\u00fcr mich das hoffnungsvolle Schauen in die Zukunft: Egal was auf mich zukommen mag, an Gott halte ich mich fest. Ich kann schlicht nicht anders. Dieses Gef\u00fchl hatte ich im Februar 2020. Als frischgepr\u00fcfter Theologe kam ich von Wien nach Hallein. Von einem komischen Virus in China h\u00f6rte man seit Dezember, ernst habe ich das jedoch nicht genommen.<\/p>\n<p>Wie sehr das Leben mich eines Besseren belehrt hat. Dinge, die rasch als \u201eweit weg\u201c klassifiziert werden, haben oft die Kraft, unangenehm nahe zu kommen. Ich feierte erstmals in meinem Leben Ostern fernab meiner Familie, zu zweit alleine mit meiner Lebensgef\u00e4hrtin. Die Menschen in der Pfarrgemeinde und in dieser Stadt waren mir so nah und zugleich so fern gewesen.<\/p>\n<p>Ich w\u00fcnschte manchmal, dass die Umst\u00e4nde meines Vikariats andere gewesen w\u00e4ren; dass Gottesdienste, Besuche, Konzerte oder Feste uneingeschr\u00e4nkt und unabgesagt stattfinden h\u00e4tten k\u00f6nnen. Aber dennoch, trotz der Umst\u00e4nde, durfte ich in Hallein sehr viel Sch\u00f6nes erleben. Ich lernte Gruppen und Kreise, Jugendmitarbeiterinnen und -Mitarbeiter, Kinder, Sch\u00fclerinnen und Sch\u00fcler, Lehrerkollegen und viele andere engagierte Menschen kennen. Besonders gesch\u00e4tzt habe ich die liebevolle und intensive Ausbildung bei Peter Gabriel und die gro\u00dfe Unterst\u00fctzung seitens des Presbyteriums und der Gemeindevertretung. Ich hatte nie das Gef\u00fchl, fehl am Platze zu sein. Ich erhoffe mir von meiner Kirche, dass sie aufnahmebereit ist \u2013 und Hallein hat mir diese Hoffnung erf\u00fcllt.<\/p>\n<p>Nach zweieinhalb Jahren ist es leider an der Zeit, mich von Hallein zu verabschieden. Es f\u00e4llt mir nicht leicht, denn ich f\u00fchle mich mit dieser Stadt, mit der Gemeinde und mit den Menschen hier sehr verbunden. Aber gleichzeitig blicke ich hoffnungsvoll auf die neuen Wege, die auf mich warten. Die Pfarrgemeinde Kufstein in Tirol wird sich meiner \u201eHalleiner Schule\u201c sehr erfreuen und ich werde \u00fcber diese Zeit nur Positives zu berichten wissen.<\/p>\n<p>In diesem Sinne m\u00f6chte ich mich mit Psalm 56 verabschieden: \u201e<em>Ich will Gottes Wort r\u00fchmen; auf Gott will ich hoffen.<\/em>\u201c<\/p>\n<p><em>Euer Thomas M\u00fcller<\/em><\/p>\n","protected":false},"excerpt":{"rendered":"<div class=\"mh-excerpt\"><p>[13.07.2022] Ein Grundpfeiler des lutherischen Christseins ist f\u00fcr mich das hoffnungsvolle Schauen in die Zukunft: Egal was auf mich zukommen mag, an Gott halte ich mich fest. Ich kann schlicht nicht anders. Dieses Gef\u00fchl hatte <a class=\"mh-excerpt-more\" href=\"https:\/\/hallein-evangelisch.at\/wp\/?p=11268\" title=\"Ausbildungszeit neigt sich dem Ende zu\">[&#8230;]<\/a><\/p>\n<\/div>","protected":false},"author":8,"featured_media":8977,"comment_status":"closed","ping_status":"closed","sticky":false,"template":"","format":"standard","meta":{"footnotes":""},"categories":[1],"tags":[],"class_list":{"0":"post-11268","1":"post","2":"type-post","3":"status-publish","4":"format-standard","5":"has-post-thumbnail","7":"category-allgemein"},"_links":{"self":[{"href":"https:\/\/hallein-evangelisch.at\/wp\/index.php?rest_route=\/wp\/v2\/posts\/11268","targetHints":{"allow":["GET"]}}],"collection":[{"href":"https:\/\/hallein-evangelisch.at\/wp\/index.php?rest_route=\/wp\/v2\/posts"}],"about":[{"href":"https:\/\/hallein-evangelisch.at\/wp\/index.php?rest_route=\/wp\/v2\/types\/post"}],"author":[{"embeddable":true,"href":"https:\/\/hallein-evangelisch.at\/wp\/index.php?rest_route=\/wp\/v2\/users\/8"}],"replies":[{"embeddable":true,"href":"https:\/\/hallein-evangelisch.at\/wp\/index.php?rest_route=%2Fwp%2Fv2%2Fcomments&post=11268"}],"version-history":[{"count":3,"href":"https:\/\/hallein-evangelisch.at\/wp\/index.php?rest_route=\/wp\/v2\/posts\/11268\/revisions"}],"predecessor-version":[{"id":11447,"href":"https:\/\/hallein-evangelisch.at\/wp\/index.php?rest_route=\/wp\/v2\/posts\/11268\/revisions\/11447"}],"wp:featuredmedia":[{"embeddable":true,"href":"https:\/\/hallein-evangelisch.at\/wp\/index.php?rest_route=\/wp\/v2\/media\/8977"}],"wp:attachment":[{"href":"https:\/\/hallein-evangelisch.at\/wp\/index.php?rest_route=%2Fwp%2Fv2%2Fmedia&parent=11268"}],"wp:term":[{"taxonomy":"category","embeddable":true,"href":"https:\/\/hallein-evangelisch.at\/wp\/index.php?rest_route=%2Fwp%2Fv2%2Fcategories&post=11268"},{"taxonomy":"post_tag","embeddable":true,"href":"https:\/\/hallein-evangelisch.at\/wp\/index.php?rest_route=%2Fwp%2Fv2%2Ftags&post=11268"}],"curies":[{"name":"wp","href":"https:\/\/api.w.org\/{rel}","templated":true}]}}