{"id":11271,"date":"2022-07-18T12:54:05","date_gmt":"2022-07-18T10:54:05","guid":{"rendered":"https:\/\/hallein-evangelisch.at\/wp\/?p=11271"},"modified":"2022-08-24T18:33:33","modified_gmt":"2022-08-24T16:33:33","slug":"neu-in-der-gemeindevertretung","status":"publish","type":"post","link":"https:\/\/hallein-evangelisch.at\/wp\/?p=11271","title":{"rendered":"Neu in der Gemeindevertretung"},"content":{"rendered":"<p>[18.07.2022]<\/p>\n<p>Herzlich m\u00f6chten wir an dieser Stelle <strong>Erika Fehrer<\/strong> und <strong>Nicole Proft<\/strong> f\u00fcr ihre jahrelange Mitarbeit in der Gemeindevertretung danken. Aus pers\u00f6nlichen Gr\u00fcnden haben sie ihre Aufgabe leider niedergelegt. Die Gemeindevertretung hat f\u00fcr sie <strong>Lina Grill<\/strong> und <strong>Melanie Pichler<\/strong> in die Gemeindevertretung nachberufen \u2013 die beiden stellen sich hier kurz vor.<\/p>\n<h3>Lina Grill<\/h3>\n<p><img loading=\"lazy\" decoding=\"async\" class=\"wp-image-11273 alignleft\" src=\"https:\/\/hallein-evangelisch.at\/wp\/wp-content\/uploads\/2022\/06\/lina_grill.jpg\" alt=\"\" width=\"300\" height=\"274\" srcset=\"https:\/\/hallein-evangelisch.at\/wp\/wp-content\/uploads\/2022\/06\/lina_grill.jpg 1922w, https:\/\/hallein-evangelisch.at\/wp\/wp-content\/uploads\/2022\/06\/lina_grill-600x548.jpg 600w, https:\/\/hallein-evangelisch.at\/wp\/wp-content\/uploads\/2022\/06\/lina_grill-1024x934.jpg 1024w, https:\/\/hallein-evangelisch.at\/wp\/wp-content\/uploads\/2022\/06\/lina_grill-300x274.jpg 300w, https:\/\/hallein-evangelisch.at\/wp\/wp-content\/uploads\/2022\/06\/lina_grill-1536x1402.jpg 1536w\" sizes=\"auto, (max-width: 300px) 100vw, 300px\" \/>Ich hei\u00dfe Lina Grill und bin bei der letzten Gemeindevertretungssitzung im M\u00e4rz (trotz meiner coronabedingten Abwesenheit bei eben dieser Sitzung) als Mitglied in die GV gew\u00e4hlt worden. Ich bedanke mich f\u00fcr diesen Vertrauensvorschuss und freue mich sehr, denn ich f\u00fchle mich unserer offenen, freundlichen, bunten Gemeinde und ihren Menschen sehr verbunden.<\/p>\n<p>Geboren bin ich 1984 in Berlin, 2003 kam ich zum Studium nach Wien und bin seitdem in \u00d6sterreich geblieben. In Wien lernte ich meinen Mann (einen Salzburger) kennen und seit 2013 leben wir im sch\u00f6nen Hallein, fast in unmittelbarer Nachbarschaft von unserer Kirche. Unsere drei Kinder Maximilian, Luise und Nikolaus sind mittlerweile 10, 8 und fast 3 Jahre alt und bis zur Geburt von unserem j\u00fcngsten war ich f\u00fcr ein Paar Jahre im Krabbelgottesdienstteam aktiv. Beruflich bin ich Tierzuchtreferentin bei der Landwirtschaftskammer Salzburg und Gesch\u00e4ftsf\u00fchrerin des Salzburger Gefl\u00fcgelverbandes.<\/p>\n<p>Man sieht mich selten ohne unsere schwarze H\u00fcndin Milli, die seit 2020 fest zu unserer Familie geh\u00f6rt und eine \u201eSeele von einem Hund\u201c ist. Ich freue mich auf konstruktiven Austausch und bereichernde Begegnungen und Zusammenarbeit f\u00fcr, mit und in unserer Gemeinde.<\/p>\n<h3>Melanie Pichler<\/h3>\n<p><img loading=\"lazy\" decoding=\"async\" class=\"alignleft wp-image-11275\" src=\"https:\/\/hallein-evangelisch.at\/wp\/wp-content\/uploads\/2022\/06\/melanie_pichler-224x300.jpg\" alt=\"\" width=\"300\" height=\"401\" srcset=\"https:\/\/hallein-evangelisch.at\/wp\/wp-content\/uploads\/2022\/06\/melanie_pichler-224x300.jpg 224w, https:\/\/hallein-evangelisch.at\/wp\/wp-content\/uploads\/2022\/06\/melanie_pichler-449x600.jpg 449w, https:\/\/hallein-evangelisch.at\/wp\/wp-content\/uploads\/2022\/06\/melanie_pichler-766x1024.jpg 766w, https:\/\/hallein-evangelisch.at\/wp\/wp-content\/uploads\/2022\/06\/melanie_pichler.jpg 1116w\" sizes=\"auto, (max-width: 300px) 100vw, 300px\" \/>Ich hei\u00dfe Melanie Pichler, bin 51 Jahre jung und habe zwei erwachsene S\u00f6hne. Ich bin in Hallein geboren und habe hier die Volks- und Hauptschule besucht.<\/p>\n<p>Nach meiner Lehre zur Einzelhandelskauffrau machte ich die Ausbildung zur Altenfachbetreuerin in der Diakonie. Derzeit arbeite ich in der Tagesbetreuung Aigen. Diese aktivierende Arbeit mit betagten Menschen gef\u00e4llt mir sehr gut. Deshalb habe ich mich entschlossen, gemeinsam mit Andrea Keferbeck-Pichler das Erz\u00e4hlkaffee in der evang. Pfarrgemeinde Hallein zu betreuen. Auch im Besuchskreis wirke ich gerne mit. Die ehrenamtlichen T\u00e4tigkeiten finde ich wichtig und notwendig, deshalb unterst\u00fctze ich unsere Pfarrgemeinde gerne. Gerade in schwierigen Zeiten ist die Kirche eine wichtige Anlaufstelle f\u00fcr Menschen in Not.<\/p>\n<p>Nach dem Ausscheiden von Frau Erika Fehrer wurde ich gebeten in die Gemeindevertretung nachzur\u00fccken. Ich bin schon sehr neugierig auf meine neue Aufgabe und werde mich bem\u00fchen, so gut wie m\u00f6glich mitzuwirken.<\/p>\n","protected":false},"excerpt":{"rendered":"<div class=\"mh-excerpt\"><p>[18.07.2022] Herzlich m\u00f6chten wir an dieser Stelle Erika Fehrer und Nicole Proft f\u00fcr ihre jahrelange Mitarbeit in der Gemeindevertretung danken. Aus pers\u00f6nlichen Gr\u00fcnden haben sie ihre Aufgabe leider niedergelegt. Die Gemeindevertretung hat f\u00fcr sie Lina <a class=\"mh-excerpt-more\" href=\"https:\/\/hallein-evangelisch.at\/wp\/?p=11271\" title=\"Neu in der Gemeindevertretung\">[&#8230;]<\/a><\/p>\n<\/div>","protected":false},"author":8,"featured_media":3036,"comment_status":"closed","ping_status":"closed","sticky":false,"template":"","format":"standard","meta":{"footnotes":""},"categories":[1],"tags":[],"class_list":{"0":"post-11271","1":"post","2":"type-post","3":"status-publish","4":"format-standard","5":"has-post-thumbnail","7":"category-allgemein"},"_links":{"self":[{"href":"https:\/\/hallein-evangelisch.at\/wp\/index.php?rest_route=\/wp\/v2\/posts\/11271","targetHints":{"allow":["GET"]}}],"collection":[{"href":"https:\/\/hallein-evangelisch.at\/wp\/index.php?rest_route=\/wp\/v2\/posts"}],"about":[{"href":"https:\/\/hallein-evangelisch.at\/wp\/index.php?rest_route=\/wp\/v2\/types\/post"}],"author":[{"embeddable":true,"href":"https:\/\/hallein-evangelisch.at\/wp\/index.php?rest_route=\/wp\/v2\/users\/8"}],"replies":[{"embeddable":true,"href":"https:\/\/hallein-evangelisch.at\/wp\/index.php?rest_route=%2Fwp%2Fv2%2Fcomments&post=11271"}],"version-history":[{"count":4,"href":"https:\/\/hallein-evangelisch.at\/wp\/index.php?rest_route=\/wp\/v2\/posts\/11271\/revisions"}],"predecessor-version":[{"id":11448,"href":"https:\/\/hallein-evangelisch.at\/wp\/index.php?rest_route=\/wp\/v2\/posts\/11271\/revisions\/11448"}],"wp:featuredmedia":[{"embeddable":true,"href":"https:\/\/hallein-evangelisch.at\/wp\/index.php?rest_route=\/wp\/v2\/media\/3036"}],"wp:attachment":[{"href":"https:\/\/hallein-evangelisch.at\/wp\/index.php?rest_route=%2Fwp%2Fv2%2Fmedia&parent=11271"}],"wp:term":[{"taxonomy":"category","embeddable":true,"href":"https:\/\/hallein-evangelisch.at\/wp\/index.php?rest_route=%2Fwp%2Fv2%2Fcategories&post=11271"},{"taxonomy":"post_tag","embeddable":true,"href":"https:\/\/hallein-evangelisch.at\/wp\/index.php?rest_route=%2Fwp%2Fv2%2Ftags&post=11271"}],"curies":[{"name":"wp","href":"https:\/\/api.w.org\/{rel}","templated":true}]}}