{"id":11278,"date":"2022-07-20T12:57:15","date_gmt":"2022-07-20T10:57:15","guid":{"rendered":"https:\/\/hallein-evangelisch.at\/wp\/?p=11278"},"modified":"2022-08-24T18:33:57","modified_gmt":"2022-08-24T16:33:57","slug":"muellsammelaktion","status":"publish","type":"post","link":"https:\/\/hallein-evangelisch.at\/wp\/?p=11278","title":{"rendered":"M\u00fcllsammelaktion"},"content":{"rendered":"<p>[20.07.2022]<\/p>\n<p><img loading=\"lazy\" decoding=\"async\" class=\"size-large wp-image-11279 aligncenter\" src=\"https:\/\/hallein-evangelisch.at\/wp\/wp-content\/uploads\/2022\/06\/muellsammlung-1024x702.jpg\" alt=\"\" width=\"1024\" height=\"702\" srcset=\"https:\/\/hallein-evangelisch.at\/wp\/wp-content\/uploads\/2022\/06\/muellsammlung-1024x702.jpg 1024w, https:\/\/hallein-evangelisch.at\/wp\/wp-content\/uploads\/2022\/06\/muellsammlung-600x411.jpg 600w, https:\/\/hallein-evangelisch.at\/wp\/wp-content\/uploads\/2022\/06\/muellsammlung-300x206.jpg 300w, https:\/\/hallein-evangelisch.at\/wp\/wp-content\/uploads\/2022\/06\/muellsammlung-1536x1053.jpg 1536w, https:\/\/hallein-evangelisch.at\/wp\/wp-content\/uploads\/2022\/06\/muellsammlung-2048x1403.jpg 2048w\" sizes=\"auto, (max-width: 1024px) 100vw, 1024px\" \/>Am diesj\u00e4hrigen Gr\u00fcndonnerstag kamen um 10 Uhr im Pfarrhof 12 Kinder im Volksschulalter, 6 Erwachsene und 1 Jugendlicher zusammen, um gemeinsam nach diversem M\u00fcll in der Umgebung Ausschau zu halten.<\/p>\n<p>Zuerst gab\u2019s ca. eine halbe Stunde Spiel und Musik geleitet von Jens-Daniel und auch noch einige wichtige Anleitungen f\u00fcr einen sicheren und reibungslosen Ablauf. Immerhin hatten wir vor, am Salzachufer nach M\u00fcll zu suchen. Dann bekamen alle spezielle Handschuhe, die uns vom Wirtschaftshof Hallein zur Verf\u00fcgung gestellt wurden. Auch viele gro\u00dfe M\u00fclls\u00e4cke (60 l) erhielten wir und sogar eine Greifzange wurde uns geliehen. Und dann starteten wir los. Gleich unter der Zeder vor dem Kirchturm fanden wir schon einige Zigarettenstummel. Weiter ging\u2019s Richtung Neumayrbr\u00fccke, aber auch hier schon entlang des Zauns zum Pfarrgarten wurde wieder etwas gefunden und dabei entdeckten wir auch noch einige Gegenstr\u00e4nde, die hinter dem Zaun einfach so \u201eentsorgt\u201c wurden, zu denen wir aber im Moment nicht hinkommen konnten.<\/p>\n<p>Ab der Neumayrbr\u00fccke teilten wir uns auf. Eine Gruppe ging mit Jens-Daniel am Radweg weiter Richtung Stadtbr\u00fccke, die andere kletterte mit mir \u00fcber die Mauer hinunter zur Salzach, um dort in dieselbe Richtung zugehen. Und dabei haben die Kinder dann zu einigen Plastikflaschen und Getr\u00e4nkedosen auch einige Kuriosit\u00e4ten gefunden wie z.B. Grillgitter, kaputtes Fahrradschloss, Socken, Stoffwindel, Zuckerlpapier, Papiertaschent\u00fccher, FFP2- Masken, Metallrohr, Baustellenvlie\u00df, Scheibtruhenrad, einen kaputten Fahrradreifenmantel, der nur mehr zum Teil aus dem Sand herausragte und m\u00fchsam herausgezogen werden musste. Ein Randst\u00fcck von einem Plastikeimer ragte im B\u00f6schungsbereich zum Teil aus der festen Erde heraus, und so wurde die Greifzange auch als Grabungswerkzeug umfunktioniert, um dieses St\u00fcck aus der Erde herauszuholen.<\/p>\n<p>Die 2. Gruppe wurde dann noch einmal geteilt und traf sich am Radweg, um mit der Gruppe von Jens-Daniel entlang der W\u00fcstenrotstra\u00dfe und bei der Bushaltestelle Burgfried nach M\u00fcll zu suchen, w\u00e4hrend eine kleine Gruppe noch mit mir bis zum Ende des begehbaren Teils entlang der Salzach weitersuchte und auch f\u00fcndig wurde, um dann \u00fcber die Mauer hinaufzuklettern. Wir gingen dann noch am Radweg entlang bis zum Gehsteig der Stadtbr\u00fccke und sammelten noch etliche Zigarettenstummel vor allem in H\u00f6he der HTL und des Caf\u00e9s ein.<\/p>\n<p>Auf dem R\u00fcckweg zum Pfarrhaus fanden wir noch weitere Zigarettenstummel, wahrscheinlich haben wir da so an die 800 \u2013 1000 St\u00fcck gefunden. Und eine der erwachsenen Begleitpersonen meinte dazu: \u201eEigentlich ist das hier eine Sisyphusarbeit, die wir da machen\u201c. Aber f\u00fcr den Augenblick gab es ein kleines Fleckerl sauberer Umwelt.<\/p>\n<p>Erschreckend war auch f\u00fcr die andere Gruppe, dass selbst im Bereich von den aufgestellten Mistk\u00fcbeln entlang des Radwegs und bei der Bushaltestelle sehr viel M\u00fcll gelegen ist.<\/p>\n<p>Beim Pfarrgarten angekommen, erfreuten sich alle an der zuvor besorgten Jause bestehend aus aufgeschnittenem K\u00e4se, Semmeln, Gurkensticks, Cocktailtomaten und roten Ostereiern. Sogar einen Guglhupf gab es als Nachspeise.<\/p>\n<p>Erstaunt waren dann alle, als sie erfuhren, wie manch so achtlos weggeworfener M\u00fcll oft viele Jahre, teilweise auch Jahrzehnte und Jahrhunderte braucht, um zu verrotten, abgesehen davon, welche Chemikalien in dieser Zeit dabei frei werden und in die Erde und ins Grundwasser dringen.<\/p>\n<p>Anschlie\u00dfend wurde noch der zuvor entdeckte M\u00fcll, der beim Pfarrgartenzaun lag, in einen der M\u00fclls\u00e4cke geleert. Insgesamt waren es zusammen circa 50 kg oder auch mehr, aufgeteilt in 5 S\u00e4cken, die dann sp\u00e4ter vom Wirtschaftshof abgeholt wurden.<\/p>\n<p>Zum Abschluss gab es dann wieder Spiel und Spa\u00df f\u00fcr die Kinder und wir waren uns einig, dass so eine M\u00fcllsammelaktion eigentlich \u00f6fter durchgef\u00fchrt werden sollte. Noch besser w\u00e4re es allerdings, wenn jede*r den angefallenen Abfall auch bei den entsprechenden Sammelstellen selbst entsorgen w\u00fcrde.<\/p>\n<p><em>Christine Frauscher<\/em><\/p>\n","protected":false},"excerpt":{"rendered":"<div class=\"mh-excerpt\"><p>[20.07.2022] Am diesj\u00e4hrigen Gr\u00fcndonnerstag kamen um 10 Uhr im Pfarrhof 12 Kinder im Volksschulalter, 6 Erwachsene und 1 Jugendlicher zusammen, um gemeinsam nach diversem M\u00fcll in der Umgebung Ausschau zu halten. Zuerst gab\u2019s ca. eine <a class=\"mh-excerpt-more\" href=\"https:\/\/hallein-evangelisch.at\/wp\/?p=11278\" title=\"M\u00fcllsammelaktion\">[&#8230;]<\/a><\/p>\n<\/div>","protected":false},"author":8,"featured_media":11280,"comment_status":"closed","ping_status":"closed","sticky":false,"template":"","format":"standard","meta":{"footnotes":""},"categories":[5],"tags":[],"class_list":{"0":"post-11278","1":"post","2":"type-post","3":"status-publish","4":"format-standard","5":"has-post-thumbnail","7":"category-kinder_jugend"},"_links":{"self":[{"href":"https:\/\/hallein-evangelisch.at\/wp\/index.php?rest_route=\/wp\/v2\/posts\/11278","targetHints":{"allow":["GET"]}}],"collection":[{"href":"https:\/\/hallein-evangelisch.at\/wp\/index.php?rest_route=\/wp\/v2\/posts"}],"about":[{"href":"https:\/\/hallein-evangelisch.at\/wp\/index.php?rest_route=\/wp\/v2\/types\/post"}],"author":[{"embeddable":true,"href":"https:\/\/hallein-evangelisch.at\/wp\/index.php?rest_route=\/wp\/v2\/users\/8"}],"replies":[{"embeddable":true,"href":"https:\/\/hallein-evangelisch.at\/wp\/index.php?rest_route=%2Fwp%2Fv2%2Fcomments&post=11278"}],"version-history":[{"count":2,"href":"https:\/\/hallein-evangelisch.at\/wp\/index.php?rest_route=\/wp\/v2\/posts\/11278\/revisions"}],"predecessor-version":[{"id":11449,"href":"https:\/\/hallein-evangelisch.at\/wp\/index.php?rest_route=\/wp\/v2\/posts\/11278\/revisions\/11449"}],"wp:featuredmedia":[{"embeddable":true,"href":"https:\/\/hallein-evangelisch.at\/wp\/index.php?rest_route=\/wp\/v2\/media\/11280"}],"wp:attachment":[{"href":"https:\/\/hallein-evangelisch.at\/wp\/index.php?rest_route=%2Fwp%2Fv2%2Fmedia&parent=11278"}],"wp:term":[{"taxonomy":"category","embeddable":true,"href":"https:\/\/hallein-evangelisch.at\/wp\/index.php?rest_route=%2Fwp%2Fv2%2Fcategories&post=11278"},{"taxonomy":"post_tag","embeddable":true,"href":"https:\/\/hallein-evangelisch.at\/wp\/index.php?rest_route=%2Fwp%2Fv2%2Ftags&post=11278"}],"curies":[{"name":"wp","href":"https:\/\/api.w.org\/{rel}","templated":true}]}}