{"id":11285,"date":"2022-07-27T00:00:47","date_gmt":"2022-07-26T22:00:47","guid":{"rendered":"https:\/\/hallein-evangelisch.at\/wp\/?p=11285"},"modified":"2022-09-14T13:49:34","modified_gmt":"2022-09-14T11:49:34","slug":"die-blume-die-wuensche-wahr-werden-laesst","status":"publish","type":"post","link":"https:\/\/hallein-evangelisch.at\/wp\/?p=11285","title":{"rendered":"Die Blume, die W\u00fcnsche wahr werden l\u00e4sst&#8230;"},"content":{"rendered":"<p>[27.07.2022]<\/p>\n<p><img loading=\"lazy\" decoding=\"async\" class=\"size-large wp-image-11288 aligncenter\" src=\"https:\/\/hallein-evangelisch.at\/wp\/wp-content\/uploads\/2022\/07\/lo\u0308wenzahn-1024x612.jpeg\" alt=\"\" width=\"1024\" height=\"612\" srcset=\"https:\/\/hallein-evangelisch.at\/wp\/wp-content\/uploads\/2022\/07\/lo\u0308wenzahn-1024x612.jpeg 1024w, https:\/\/hallein-evangelisch.at\/wp\/wp-content\/uploads\/2022\/07\/lo\u0308wenzahn-600x358.jpeg 600w, https:\/\/hallein-evangelisch.at\/wp\/wp-content\/uploads\/2022\/07\/lo\u0308wenzahn-300x179.jpeg 300w, https:\/\/hallein-evangelisch.at\/wp\/wp-content\/uploads\/2022\/07\/lo\u0308wenzahn-1536x918.jpeg 1536w, https:\/\/hallein-evangelisch.at\/wp\/wp-content\/uploads\/2022\/07\/lo\u0308wenzahn.jpeg 1920w\" sizes=\"auto, (max-width: 1024px) 100vw, 1024px\" \/>Wie bei der Pusteblume, bei der sich die Samen bei einem einzigen Atemsto\u00df in hoher Zahl in der Luft verteilen, sind meine W\u00fcnsche an unsere Kirche so zahlreich, dass ich hier nur die wichtigsten anf\u00fchren m\u00f6chte. Aber vorweg die Frage: WER oder WAS ist &#8222;meine Kirche&#8220;, an die ich all die W\u00fcnsche formuliere?<\/p>\n<p>Die meisten von uns denken bei dem Begriff &#8222;Kirche&#8220; zun\u00e4chst an ein Geb\u00e4ude. Weit sichtbar durch den Glockenturm bietet die Kirche einen Raum, in dem Leben und Glaube zur Sprache kommt und Platz f\u00fcr all das ist, was in einer Welt voller Hektik und dem st\u00e4ndigen Anspruch auf Erfolg und Anerkennung schnell in Vergessenheit geraten kann. &#8222;Kirche&#8220; &#8211; das sind aber auch die Menschen, die ihren Glauben gemeinsam erleben und das christliche Leben miteinander teilen. An diese Menschen &#8211; unsere Kirchengemeinschaft &#8211; richten sich meine W\u00fcnsche. Ob Kirche wirklich Kirche ist, zeigt sich f\u00fcr mich vor allem daran, ob meine W\u00fcnsche von der Kirche nicht nur wahrgenommen, sondern auch bestm\u00f6glich erf\u00fcllt werden:<\/p>\n<ul>\n<li><img loading=\"lazy\" decoding=\"async\" class=\"alignright wp-image-11652\" src=\"https:\/\/hallein-evangelisch.at\/wp\/wp-content\/uploads\/2022\/07\/edda_boehm_ingram_F-507x600.png\" alt=\"\" width=\"300\" height=\"355\" srcset=\"https:\/\/hallein-evangelisch.at\/wp\/wp-content\/uploads\/2022\/07\/edda_boehm_ingram_F-507x600.png 507w, https:\/\/hallein-evangelisch.at\/wp\/wp-content\/uploads\/2022\/07\/edda_boehm_ingram_F-253x300.png 253w, https:\/\/hallein-evangelisch.at\/wp\/wp-content\/uploads\/2022\/07\/edda_boehm_ingram_F.png 592w\" sizes=\"auto, (max-width: 300px) 100vw, 300px\" \/>Ich w\u00fcnsche mir eine Kirche, die ihre Gottesh\u00e4user weit \u00f6ffnet und damit allen Menschen in dieser hektischen Zeit R\u00e4ume der Stille anbietet, um bei sich selbst und im Gebet bei Gott ankommen zu k\u00f6nnen.<\/li>\n<li>Ich w\u00fcnsche mir eine Kirche, die in fr\u00f6hlichen Gottesdiensten das Lob Gottes so singt, dass alle Menschen mit einstimmen k\u00f6nnen &#8211; auch diejenigen, die von sich behaupten, nicht singen zu k\u00f6nnen!<\/li>\n<li>Ich w\u00fcnsche mir eine Kirche, die ihren Mitarbeitenden stets wertsch\u00e4tzend begegnet und ihnen Aufgaben \u00fcbertr\u00e4gt, die ihren F\u00e4higkeiten entsprechen! Dabei soll es keine Rolle spielen, ob jemand haupt- oder ehrenamtlich t\u00e4tig ist.<\/li>\n<li>Ich w\u00fcnsche mir, dass meine Kirche jeden Menschen akzeptiert und gleicherma\u00dfen willkommen hei\u00dft, ohne Unterschiede in Bezug auf das Geschlecht, die sexuelle Orientierung oder die jeweilige Lebensweise!<\/li>\n<li>Ich w\u00fcnsche mir, dass meine Kirche den Menschen Lebensbegleitung und Hilfe immer dann anbietet, wenn sie den Weg allein nicht mehr gehen k\u00f6nnen und unsere Unterst\u00fctzung ben\u00f6tigen!<\/li>\n<li>F\u00fcr alle Kinder und Jugendlichen w\u00fcnsche ich mir, dass meine Kirche ihnen gesch\u00fctzte R\u00e4ume bietet, in denen sie eigene Erfahrungen machen und als Pers\u00f6nlichkeiten wachsen k\u00f6nnen und ihnen eine Auseinandersetzung mit ihrem Glauben erm\u00f6glicht wird.<\/li>\n<li>Ich w\u00fcnsche mir, dass meine Kirche eine \u201elernende Kirche\u201c bleibt, damit sie zukunftsf\u00e4hig gestaltet werden kann! Das bedeutet, f\u00fcr die Erfahrungen, die wir machen, offen zu bleiben und nicht zur\u00fcckzuschrecken, wenn der Weg auch einmal unbequem oder gar steinig wird.<\/li>\n<li>Ich w\u00fcnsche mir, dass meine Kirche ein Ort der Hoffnung ist und den Menschen die Gewissheit vermitteln kann, dass unser Leben und unsere Zukunft in Gottes Hand liegen!<\/li>\n<\/ul>\n<p>Menschen, die eine klare Haltung haben und Entschlossenheit an den Tag legen, haben mich immer schon beeindruckt. Deshalb w\u00fcnsche ich mir von meiner Kirche, dass sie nicht nur f\u00fcr alle gleicherma\u00dfen offene T\u00fcren hat, sondern immer und ohne Einschr\u00e4nkung an der Seite derer steht, die keine eigene Stimme haben! Wichtig ist dabei, dass wir als Christinnen und Christen dabei nicht \u201everwechselbar\u201c werden, sondern wahrhaftig handeln. Das bedeutet f\u00fcr mich, dass unser Leben \u00fcbereinstimmt mit unserem Reden &#8211; und unser Reden \u00fcbereinstimmt mit der biblischen Botschaft.<\/p>\n<p>Und wie w\u00fcrdest du\/w\u00fcrden Sie die Frage beantworten, wenn sie nach den W\u00fcnschen an deine\/lhre Kirche gefragt werden? Gern kannst du\/ k\u00f6nnen Sie Ihre W\u00fcnsche formulieren und diese entweder an einen unserer beiden Pfarrer oder an mich per Mail \u00fcbermitteln. Vielleicht gelingt es uns dann gemeinsam, den einen oder anderen Wunsch zu erf\u00fcllen!<\/p>\n<p><em>Diakoniebeauftragte Edda B\u00f6hm-Ingram<\/em><\/p>\n<p>&nbsp;<\/p>\n","protected":false},"excerpt":{"rendered":"<div class=\"mh-excerpt\"><p>[27.07.2022] Wie bei der Pusteblume, bei der sich die Samen bei einem einzigen Atemsto\u00df in hoher Zahl in der Luft verteilen, sind meine W\u00fcnsche an unsere Kirche so zahlreich, dass ich hier nur die wichtigsten <a class=\"mh-excerpt-more\" href=\"https:\/\/hallein-evangelisch.at\/wp\/?p=11285\" title=\"Die Blume, die W\u00fcnsche wahr werden l\u00e4sst&#8230;\">[&#8230;]<\/a><\/p>\n<\/div>","protected":false},"author":8,"featured_media":11652,"comment_status":"closed","ping_status":"closed","sticky":false,"template":"","format":"standard","meta":{"footnotes":""},"categories":[4],"tags":[],"class_list":{"0":"post-11285","1":"post","2":"type-post","3":"status-publish","4":"format-standard","5":"has-post-thumbnail","7":"category-gedanken"},"_links":{"self":[{"href":"https:\/\/hallein-evangelisch.at\/wp\/index.php?rest_route=\/wp\/v2\/posts\/11285","targetHints":{"allow":["GET"]}}],"collection":[{"href":"https:\/\/hallein-evangelisch.at\/wp\/index.php?rest_route=\/wp\/v2\/posts"}],"about":[{"href":"https:\/\/hallein-evangelisch.at\/wp\/index.php?rest_route=\/wp\/v2\/types\/post"}],"author":[{"embeddable":true,"href":"https:\/\/hallein-evangelisch.at\/wp\/index.php?rest_route=\/wp\/v2\/users\/8"}],"replies":[{"embeddable":true,"href":"https:\/\/hallein-evangelisch.at\/wp\/index.php?rest_route=%2Fwp%2Fv2%2Fcomments&post=11285"}],"version-history":[{"count":6,"href":"https:\/\/hallein-evangelisch.at\/wp\/index.php?rest_route=\/wp\/v2\/posts\/11285\/revisions"}],"predecessor-version":[{"id":11653,"href":"https:\/\/hallein-evangelisch.at\/wp\/index.php?rest_route=\/wp\/v2\/posts\/11285\/revisions\/11653"}],"wp:featuredmedia":[{"embeddable":true,"href":"https:\/\/hallein-evangelisch.at\/wp\/index.php?rest_route=\/wp\/v2\/media\/11652"}],"wp:attachment":[{"href":"https:\/\/hallein-evangelisch.at\/wp\/index.php?rest_route=%2Fwp%2Fv2%2Fmedia&parent=11285"}],"wp:term":[{"taxonomy":"category","embeddable":true,"href":"https:\/\/hallein-evangelisch.at\/wp\/index.php?rest_route=%2Fwp%2Fv2%2Fcategories&post=11285"},{"taxonomy":"post_tag","embeddable":true,"href":"https:\/\/hallein-evangelisch.at\/wp\/index.php?rest_route=%2Fwp%2Fv2%2Ftags&post=11285"}],"curies":[{"name":"wp","href":"https:\/\/api.w.org\/{rel}","templated":true}]}}