{"id":11294,"date":"2022-08-03T00:00:48","date_gmt":"2022-08-02T22:00:48","guid":{"rendered":"https:\/\/hallein-evangelisch.at\/wp\/?p=11294"},"modified":"2024-02-12T23:13:45","modified_gmt":"2024-02-12T22:13:45","slug":"kirche-wieso-kirche","status":"publish","type":"post","link":"https:\/\/hallein-evangelisch.at\/wp\/?p=11294","title":{"rendered":"Kirche? &#8211; wieso Kirche!?"},"content":{"rendered":"<p>[03.08.2022]<\/p>\n<p>Hast du dir schon mal die Frage gestellt, was Du dir von Gott wirklich w\u00fcnschst oder von der Kirche? Ich meine jetzt nicht, ob der Test morgen in der Schule ausf\u00e4llt oder die Sonne scheint, sondern eher so was, wie: \u201eWas brauche ich, um sagen zu k\u00f6nnen, dass ich mich hier wohl f\u00fchle und deswegen komme ich auch gerne in die Kirche\u201c. Wie sollte \u201aKirche\u2018 sein?<\/p>\n<p>Ich hab mir schon mal ein paar Gedanken dar\u00fcber gemacht; genauso wie Tom. Tom kam eines Tages in die K\u00fcche zum Fr\u00fchst\u00fccken und h\u00f6rte, wie sich seine Eltern ganz aufgeregt miteinander unterhielten. Es fielen Worte wie \u201eKirche\u201c, \u201eGott\u201c, \u201eGebet\u201c \u201eTaufe\u201c und \u201eTaufpaten\u201c usw. \u201eMama, was ist denn los?\u201c, fragte Tom deshalb, \u201ewieso redet ihr \u00fcber \u201aKirche\u2018?\u201c Mama sagte zu ihm: \u201eSetz dich mal, Tom, ich mach\u2018 dir Fr\u00fchst\u00fcck und dann erkl\u00e4r\u2018 ich dir alles.\u201c Sp\u00e4ter setzte sie sich zu ihm und \u00fcberlegte, was und vor allem wie sie ihm das jetzt alles erkl\u00e4ren sollte: \u201eAlso Tom, du wei\u00dft ja, dass wir gerne f\u00fcr deine kleine Schwester Mia eine Taufe machen wollen, aber nicht nur f\u00fcr sie, sondern auch f\u00fcr dich. Also miteinander. Was h\u00e4ltst du davon?\u201c, fragte sie ihren Sohn. Tom \u00fcberlegt und nickte. \u201eNa gut, aber wieso bin ich eigentlich noch nicht getauft und au\u00dferdem waren wir ja noch nie in der Kirche! Ich kann mich jedenfalls nicht daran erinnern? Und warum erst jetzt?\u201c, fragte er.<\/p>\n<p><img loading=\"lazy\" decoding=\"async\" class=\"aligncenter wp-image-11298 size-large\" src=\"https:\/\/hallein-evangelisch.at\/wp\/wp-content\/uploads\/2022\/08\/geheimnisfest_kinder-1024x623.jpg\" alt=\"\" width=\"1024\" height=\"623\" srcset=\"https:\/\/hallein-evangelisch.at\/wp\/wp-content\/uploads\/2022\/08\/geheimnisfest_kinder-1024x623.jpg 1024w, https:\/\/hallein-evangelisch.at\/wp\/wp-content\/uploads\/2022\/08\/geheimnisfest_kinder-600x365.jpg 600w, https:\/\/hallein-evangelisch.at\/wp\/wp-content\/uploads\/2022\/08\/geheimnisfest_kinder-300x183.jpg 300w, https:\/\/hallein-evangelisch.at\/wp\/wp-content\/uploads\/2022\/08\/geheimnisfest_kinder-1536x934.jpg 1536w, https:\/\/hallein-evangelisch.at\/wp\/wp-content\/uploads\/2022\/08\/geheimnisfest_kinder-2048x1246.jpg 2048w\" sizes=\"auto, (max-width: 1024px) 100vw, 1024px\" \/><\/p>\n<p>Seine Mama antwortete: \u201eNaja, fr\u00fcher waren wir schon. Also Papa und ich. Wir haben uns schlie\u00dflich auch dort kennengelernt. Aber wir waren sehr jung und dachten uns, dass wir die Kirche nicht brauchen, und sind deshalb beide ausgetreten. Aber jetzt haben wir euch: dich und Mia und vor einer Weile haben dein Papa und ich uns daran erinnert, wie sch\u00f6n es eigentlich war, in die Kirche zu gehen und was wir alles als Kinder so erlebt haben. Darum haben wir uns entschlossen wieder einzutreten.\u201c \u201eO.K., aber geht das \u00fcberhaupt? Ist da denn Gott nicht eigentlich b\u00f6se auf euch, weil ihr ihn vorher verlassen habt?\u201c Mama lachte: \u201eNein! Gott ist nicht deswegen b\u00f6se, wir haben ja damals nicht ihn, sondern die Kirche verlassen \u2013 das ist nicht das Gleiche. Aber es geh\u00f6rt dennoch zusammen und das haben wir jetzt erkannt.\u201c Tom \u00fcberlegte lange und dann sah er seine Mutter an und sagte: \u201eUnd was hab\u2018 ich jetzt damit zu tun? Ich kenn\u2018 da ja niemanden und ich wei\u00df ja gar nicht, was man da alles tun muss! \u2013 Das ist echt bl\u00f6d. Und wenn das so ist wie bei den Martinsfeiern vom Kindergarten, will ich da nicht hin! Da sitzt man nur da, darf nichts sagen. Und vorne wird immer nur so komisch geredet und man muss st\u00e4ndig aufstehen, dass mag ich nicht!\u201c<\/p>\n<p>\u201eAber Tom, das ist nicht so. Lass uns doch gemeinsam in den Jung &amp; Alt &#8211; Gottesdienst gehen, der ist ganz speziell f\u00fcr euch Kids und da darfst du sogar mitmachen, was sagen, und wenn nicht, dann musst du auch nichts tun. Aber es gibt nette Lieder, tolle Geschichten und wenn dich das gar nicht interessiert, kannst du ja dort ein Bild malen\u201c, sagte Mama jetzt. \u201eHm. Na gut, lass uns da mal hin, aber Mama woher wei\u00dft du denn das alles?\u201c, wollte Tom nun wissen.<\/p>\n<p>\u201eTja wei\u00dft du, wie der Papa und ich wieder ,eingetreten\u2018 sind, hatten wir mit dem Pfarrer dort ein Gespr\u00e4ch und da hat er uns das erz\u00e4hlt und uns einen Gemeindebrief mitgegeben und in diesem stehen die Termine drin und auch ein paar andere Berichte und Sachen. Es ist sogar eine Kindergeschichte drin, schau mal\u201c, sagt Mama und setzt sich zu ihm, um mit ihm den Gemeindebrief anzusehen.<\/p>\n<p><img loading=\"lazy\" decoding=\"async\" class=\"aligncenter wp-image-11295 size-large\" src=\"https:\/\/hallein-evangelisch.at\/wp\/wp-content\/uploads\/2022\/06\/krabbelgottesdienst-15-1024x680.jpg\" alt=\"\" width=\"1024\" height=\"680\" srcset=\"https:\/\/hallein-evangelisch.at\/wp\/wp-content\/uploads\/2022\/06\/krabbelgottesdienst-15-1024x680.jpg 1024w, https:\/\/hallein-evangelisch.at\/wp\/wp-content\/uploads\/2022\/06\/krabbelgottesdienst-15-600x399.jpg 600w, https:\/\/hallein-evangelisch.at\/wp\/wp-content\/uploads\/2022\/06\/krabbelgottesdienst-15-300x199.jpg 300w, https:\/\/hallein-evangelisch.at\/wp\/wp-content\/uploads\/2022\/06\/krabbelgottesdienst-15-1536x1020.jpg 1536w, https:\/\/hallein-evangelisch.at\/wp\/wp-content\/uploads\/2022\/06\/krabbelgottesdienst-15-2048x1360.jpg 2048w\" sizes=\"auto, (max-width: 1024px) 100vw, 1024px\" \/>Eine Woche sp\u00e4ter war es dann so weit, die ganze Familie ging in den Jung &amp; Alt &#8211; Gottesdienst. Da staunte Tom nicht schlecht und er hatte anfangs gar nicht damit gerechnet, dass es ihm so gut gefallen wird. Alle waren voll nett und freundlich und er bekam sogar noch etwas S\u00fc\u00dfes am Ausgang und dann der gro\u00dfe Garten mit dem Spielplatz. Auch die Kinder waren freundlich und redeten mit ihm, als ob er immer schon .dazugeh\u00f6rte\u2018! Das freute Tom sehr und schlie\u00dflich wusste er, was Kirche bedeutet und was er auch von ihr erwartet: Freundschaft mit Gott, Jesus und mit den Leuten der Gemeinde. Einen Ort zu haben, wo man so angenommen wird, wie man ist; wo Freude ist und Lachen; ein Ort, bei dem man sch\u00f6ne Lieder singt und auch mal herumgehen darf. Und wo man sich einfach wohl f\u00fchlt.<\/p>\n<p>Seine Mama hat ihn dann sogar f\u00fcr die Kinderferieninsel angemeldet und dar\u00fcber hat er sich sehr gefreut und war schon ganz aufgeregt, was ihn wohl da alles erwartet und was denn da alles passieren wird!<\/p>\n<p>Tja, ich w\u00fcnsche euch auch diesen Ort und dass ihr euch genauso wie Tom freuen k\u00f6nnt, bei uns mal reinzuschauen und unsere Gemeinde zu entdecken!<\/p>\n<p>Ich w\u00fcnsche Euch einen sch\u00f6nen Sommer! Wir sehen uns hoffentlich bald mal?! Vielleicht sogar beim n\u00e4chsten Jung &amp; Alt-Gottesdienst?<\/p>\n<p><em>Eure Yvonne<\/em><\/p>\n","protected":false},"excerpt":{"rendered":"<div class=\"mh-excerpt\"><p>[03.08.2022] Hast du dir schon mal die Frage gestellt, was Du dir von Gott wirklich w\u00fcnschst oder von der Kirche? Ich meine jetzt nicht, ob der Test morgen in der Schule ausf\u00e4llt oder die Sonne <a class=\"mh-excerpt-more\" href=\"https:\/\/hallein-evangelisch.at\/wp\/?p=11294\" title=\"Kirche? &#8211; wieso Kirche!?\">[&#8230;]<\/a><\/p>\n<\/div>","protected":false},"author":8,"featured_media":11295,"comment_status":"closed","ping_status":"closed","sticky":false,"template":"","format":"standard","meta":{"footnotes":""},"categories":[5],"tags":[],"class_list":{"0":"post-11294","1":"post","2":"type-post","3":"status-publish","4":"format-standard","5":"has-post-thumbnail","7":"category-kinder_jugend"},"_links":{"self":[{"href":"https:\/\/hallein-evangelisch.at\/wp\/index.php?rest_route=\/wp\/v2\/posts\/11294","targetHints":{"allow":["GET"]}}],"collection":[{"href":"https:\/\/hallein-evangelisch.at\/wp\/index.php?rest_route=\/wp\/v2\/posts"}],"about":[{"href":"https:\/\/hallein-evangelisch.at\/wp\/index.php?rest_route=\/wp\/v2\/types\/post"}],"author":[{"embeddable":true,"href":"https:\/\/hallein-evangelisch.at\/wp\/index.php?rest_route=\/wp\/v2\/users\/8"}],"replies":[{"embeddable":true,"href":"https:\/\/hallein-evangelisch.at\/wp\/index.php?rest_route=%2Fwp%2Fv2%2Fcomments&post=11294"}],"version-history":[{"count":5,"href":"https:\/\/hallein-evangelisch.at\/wp\/index.php?rest_route=\/wp\/v2\/posts\/11294\/revisions"}],"predecessor-version":[{"id":14272,"href":"https:\/\/hallein-evangelisch.at\/wp\/index.php?rest_route=\/wp\/v2\/posts\/11294\/revisions\/14272"}],"wp:featuredmedia":[{"embeddable":true,"href":"https:\/\/hallein-evangelisch.at\/wp\/index.php?rest_route=\/wp\/v2\/media\/11295"}],"wp:attachment":[{"href":"https:\/\/hallein-evangelisch.at\/wp\/index.php?rest_route=%2Fwp%2Fv2%2Fmedia&parent=11294"}],"wp:term":[{"taxonomy":"category","embeddable":true,"href":"https:\/\/hallein-evangelisch.at\/wp\/index.php?rest_route=%2Fwp%2Fv2%2Fcategories&post=11294"},{"taxonomy":"post_tag","embeddable":true,"href":"https:\/\/hallein-evangelisch.at\/wp\/index.php?rest_route=%2Fwp%2Fv2%2Ftags&post=11294"}],"curies":[{"name":"wp","href":"https:\/\/api.w.org\/{rel}","templated":true}]}}