{"id":11550,"date":"2022-09-16T00:00:34","date_gmt":"2022-09-15T22:00:34","guid":{"rendered":"https:\/\/hallein-evangelisch.at\/wp\/?p=11550"},"modified":"2022-09-14T13:45:42","modified_gmt":"2022-09-14T11:45:42","slug":"herzliche-einladung-zum-mitsingen","status":"publish","type":"post","link":"https:\/\/hallein-evangelisch.at\/wp\/?p=11550","title":{"rendered":"Herzliche Einladung zum Mitsingen!"},"content":{"rendered":"<p>[16.09.2022]<\/p>\n<p><img loading=\"lazy\" decoding=\"async\" class=\"alignright wp-image-11649\" src=\"https:\/\/hallein-evangelisch.at\/wp\/wp-content\/uploads\/2022\/09\/proeglhoeff_F-485x600.png\" alt=\"\" width=\"300\" height=\"371\" srcset=\"https:\/\/hallein-evangelisch.at\/wp\/wp-content\/uploads\/2022\/09\/proeglhoeff_F-485x600.png 485w, https:\/\/hallein-evangelisch.at\/wp\/wp-content\/uploads\/2022\/09\/proeglhoeff_F-243x300.png 243w, https:\/\/hallein-evangelisch.at\/wp\/wp-content\/uploads\/2022\/09\/proeglhoeff_F.png 529w\" sizes=\"auto, (max-width: 300px) 100vw, 300px\" \/>Nach einem Sommer ohne dramatische Corona-Auflagen besteht die Hoffnung, dass die Proben im September wieder beginnen k\u00f6nnen. In den vergangenen 15 Jahren hat sich der Chor der Evangelischen Kirche Hallein zu beachtlichen Leistungen gesteigert. Insgesamt 12 Kantaten von Johann Sebastian Bach, Ausschnitte aus 7 Kantaten von Felix Mendelssohn-Bartholdy, sowie unz\u00e4hlige kleinere Werke konnten mit Solisten und Orchester, oder mit Orgel- und Klavierbegleitung in gut besuchten, festlichen Gottesdiensten beigetragen werden. Dazu haben wir viele Taize-Gebete mitgestaltet, die Gemeinde mit Kanons und mehrstimmigen Chorals\u00e4tzen zum Mitsingen animiert, im Advent auf den Stationen des Halleiner Krankenhauses gesungen, aber auch viel gelacht, gefeiert und etwas vom Zusammengeh\u00f6rigkeitsgef\u00fchl einer Gemeinde gesp\u00fcrt.<\/p>\n<p>Die Corona-Pandemie hat in dem allen einen tiefen Einschnitt bedeutet. 2 \u00bd Jahre lang war Chorarbeit gar nicht oder nur sehr eingeschr\u00e4nkt m\u00f6glich. Viele S\u00e4ngerinnen und S\u00e4nger sind auch danach weggeblieben, oder haben wegen anderer Verpflichtungen, aus Altersgr\u00fcnden oder Krankheit das Mitsingen aufgeben m\u00fcssen. Auch f\u00fcr mich als ehrenamtlicher Chorleiter-Laie war das eine schwere Zeit, in der das Abw\u00e4gen zwischen dem, was wegen der Pandemie verantwortbar ist, was in der kleinen Besetzung m\u00f6glich ist und was ich mir gemeinsam mit vielen anderen w\u00fcnsche, schwierig war.<\/p>\n<p>Ich habe mich daher entschlossen, f\u00fcr den Neustart des Chores in diesem Herbst zun\u00e4chst einmal 3stimmige Werke auszuw\u00e4hlen. Dazu ist in den letzten Jahren gute neue Literatur erschienen, von der ich Einiges ausprobieren m\u00f6chte. Das bedeutet: Wir brauchen nicht mehr zu zittern, dass wir gen\u00fcgend M\u00e4nnerstimmen bekommen, die sich in Tenor und Bass aufteilen m\u00fcssen, sondern es gibt eine gemeinsame M\u00e4nnerstimme, sowie zwei Frauenstimmen (Sopran und Alt).<\/p>\n<p>Ich hoffe, dass auf diese Weise alle, die zum Singen kommen, auch wieder Freude daran haben werden und so auch immer wieder neue S\u00e4ngerinnen und S\u00e4nger hinzukommen.<\/p>\n<p>Proben in der Regel am Donnerstag um 19.30 Uhr.<br \/>\nInformationen jederzeit bei:<br \/>\nPeter Pr\u00f6glh\u00f6f, Tel. 0699\/188 77 503 peter.proeglhoef@evang.at<\/p>\n","protected":false},"excerpt":{"rendered":"<div class=\"mh-excerpt\"><p>[16.09.2022] Nach einem Sommer ohne dramatische Corona-Auflagen besteht die Hoffnung, dass die Proben im September wieder beginnen k\u00f6nnen. In den vergangenen 15 Jahren hat sich der Chor der Evangelischen Kirche Hallein zu beachtlichen Leistungen gesteigert. <a class=\"mh-excerpt-more\" href=\"https:\/\/hallein-evangelisch.at\/wp\/?p=11550\" title=\"Herzliche Einladung zum Mitsingen!\">[&#8230;]<\/a><\/p>\n<\/div>","protected":false},"author":8,"featured_media":11551,"comment_status":"closed","ping_status":"closed","sticky":false,"template":"","format":"standard","meta":{"footnotes":""},"categories":[31],"tags":[],"class_list":{"0":"post-11550","1":"post","2":"type-post","3":"status-publish","4":"format-standard","5":"has-post-thumbnail","7":"category-kultur"},"_links":{"self":[{"href":"https:\/\/hallein-evangelisch.at\/wp\/index.php?rest_route=\/wp\/v2\/posts\/11550","targetHints":{"allow":["GET"]}}],"collection":[{"href":"https:\/\/hallein-evangelisch.at\/wp\/index.php?rest_route=\/wp\/v2\/posts"}],"about":[{"href":"https:\/\/hallein-evangelisch.at\/wp\/index.php?rest_route=\/wp\/v2\/types\/post"}],"author":[{"embeddable":true,"href":"https:\/\/hallein-evangelisch.at\/wp\/index.php?rest_route=\/wp\/v2\/users\/8"}],"replies":[{"embeddable":true,"href":"https:\/\/hallein-evangelisch.at\/wp\/index.php?rest_route=%2Fwp%2Fv2%2Fcomments&post=11550"}],"version-history":[{"count":5,"href":"https:\/\/hallein-evangelisch.at\/wp\/index.php?rest_route=\/wp\/v2\/posts\/11550\/revisions"}],"predecessor-version":[{"id":11651,"href":"https:\/\/hallein-evangelisch.at\/wp\/index.php?rest_route=\/wp\/v2\/posts\/11550\/revisions\/11651"}],"wp:featuredmedia":[{"embeddable":true,"href":"https:\/\/hallein-evangelisch.at\/wp\/index.php?rest_route=\/wp\/v2\/media\/11551"}],"wp:attachment":[{"href":"https:\/\/hallein-evangelisch.at\/wp\/index.php?rest_route=%2Fwp%2Fv2%2Fmedia&parent=11550"}],"wp:term":[{"taxonomy":"category","embeddable":true,"href":"https:\/\/hallein-evangelisch.at\/wp\/index.php?rest_route=%2Fwp%2Fv2%2Fcategories&post=11550"},{"taxonomy":"post_tag","embeddable":true,"href":"https:\/\/hallein-evangelisch.at\/wp\/index.php?rest_route=%2Fwp%2Fv2%2Ftags&post=11550"}],"curies":[{"name":"wp","href":"https:\/\/api.w.org\/{rel}","templated":true}]}}