{"id":11768,"date":"2022-10-16T16:45:47","date_gmt":"2022-10-16T14:45:47","guid":{"rendered":"https:\/\/hallein-evangelisch.at\/wp\/?p=11768"},"modified":"2022-10-16T16:47:56","modified_gmt":"2022-10-16T14:47:56","slug":"neue-beratungsstelle-fuer-hospiz-und-trauerbegleitung-im-tennengau","status":"publish","type":"post","link":"https:\/\/hallein-evangelisch.at\/wp\/?p=11768","title":{"rendered":"Neue Beratungsstelle f\u00fcr Hospiz- und Trauerbegleitung im Tennengau"},"content":{"rendered":"<p>[16.10.2022]<\/p>\n<p>Die Hospiz Initiative Tennengau mit ihrer Einsatzleiterin Martina Gratz-Michelag freut sich einen Beratungsraum im Erdgescho\u00df des <strong>Mehrzweckhauses, Markt 24 b in Kuchl<\/strong> seit September ben\u00fctzen zu d\u00fcrfen.<\/p>\n<p><strong>Jeden ersten Dienstag im Monat von 15:00 \u2013 18:00 Uhr<\/strong>, sowie zus\u00e4tzlich nach <strong>individueller telefonischer Vereinbarung<\/strong>, werden hier k\u00fcnftig Beratungs- und Begleitgespr\u00e4che mit der Einsatzleiterin und\/oder ehrenamtlichen Hospizbegleiter*innen angeboten.<\/p>\n<p>Ist ein Mensch von schwerer Krankheit betroffen, \u00e4ndert sich f\u00fcr ihn und seine Angeh\u00f6rigen oft schlagartig das Leben. Belastende medizinische Behandlungen, organisatorische Herausforderungen, Sorgen \u00fcber die Zukunft und vielschichtige Themen sowie Fragen k\u00f6nnen den Alltag pr\u00e4gen.<\/p>\n<p>Die ehrenamtlichen Lebens-, Sterbe- und Trauerbegleiter*innen der Hospizinitiative Tennengau stehen diesen Menschen zur Seite und leisten Beistand durch einf\u00fchlsame Gespr\u00e4che \u00fcber Krankheit, Sterben, Tod und Trauer. Die Hospizbegleiter*innen schenken Betroffenen und An- und Zugeh\u00f6rigen Zeit und lindern oft nur durch ihr \u201eDa-Sein\u201c N\u00f6te in belastenden Situationen. Auch in einfachen praktisch-organisatorischen Belangen k\u00f6nnen sie nach Bedarf und ihren M\u00f6glichkeiten gerne behilflich sein. Sie nehmen Menschen sinnbildlich gesprochen an die Hand.<\/p>\n<p>Durch die neue R\u00e4umlichkeit im Mehrzweckhaus der Gemeinde Kuchl, die von dieser dankenswerterweise kostenlos zur Verf\u00fcgung gestellt wird, ist es nun m\u00f6glich, auch au\u00dferhalb der eigenen vier W\u00e4nde in einer angenehmen, vertraulichen Atmosph\u00e4re das pers\u00f6nliche Gespr\u00e4ch zu suchen.<\/p>\n<p>Die Angebote der Hospiz Initiative Tennengau sind kostenlos und allen Menschen rasch und unb\u00fcrokratisch zug\u00e4nglich.<\/p>\n<p>Sie erreichen uns unter der Telefonnummer <strong>+43 676 837 49 \u2013 303<\/strong> oder\u00a0per E-Mail: <strong>tennengau@hospiz-sbg.at<\/strong><\/p>\n<p><strong>Spenden Sie Lebensfreude!<\/strong><br \/>\nIBAN: AT51 2040 4000 4056 6770 BIC: SBGSAT2SXXX<\/p>\n<p>Herzlichen Dank!<\/p>\n","protected":false},"excerpt":{"rendered":"<div class=\"mh-excerpt\"><p>[16.10.2022] Die Hospiz Initiative Tennengau mit ihrer Einsatzleiterin Martina Gratz-Michelag freut sich einen Beratungsraum im Erdgescho\u00df des Mehrzweckhauses, Markt 24 b in Kuchl seit September ben\u00fctzen zu d\u00fcrfen. Jeden ersten Dienstag im Monat von 15:00 <a class=\"mh-excerpt-more\" href=\"https:\/\/hallein-evangelisch.at\/wp\/?p=11768\" title=\"Neue Beratungsstelle f\u00fcr Hospiz- und Trauerbegleitung im Tennengau\">[&#8230;]<\/a><\/p>\n<\/div>","protected":false},"author":8,"featured_media":11770,"comment_status":"closed","ping_status":"closed","sticky":false,"template":"","format":"standard","meta":{"footnotes":""},"categories":[1],"tags":[],"class_list":{"0":"post-11768","1":"post","2":"type-post","3":"status-publish","4":"format-standard","5":"has-post-thumbnail","7":"category-allgemein"},"_links":{"self":[{"href":"https:\/\/hallein-evangelisch.at\/wp\/index.php?rest_route=\/wp\/v2\/posts\/11768","targetHints":{"allow":["GET"]}}],"collection":[{"href":"https:\/\/hallein-evangelisch.at\/wp\/index.php?rest_route=\/wp\/v2\/posts"}],"about":[{"href":"https:\/\/hallein-evangelisch.at\/wp\/index.php?rest_route=\/wp\/v2\/types\/post"}],"author":[{"embeddable":true,"href":"https:\/\/hallein-evangelisch.at\/wp\/index.php?rest_route=\/wp\/v2\/users\/8"}],"replies":[{"embeddable":true,"href":"https:\/\/hallein-evangelisch.at\/wp\/index.php?rest_route=%2Fwp%2Fv2%2Fcomments&post=11768"}],"version-history":[{"count":1,"href":"https:\/\/hallein-evangelisch.at\/wp\/index.php?rest_route=\/wp\/v2\/posts\/11768\/revisions"}],"predecessor-version":[{"id":11769,"href":"https:\/\/hallein-evangelisch.at\/wp\/index.php?rest_route=\/wp\/v2\/posts\/11768\/revisions\/11769"}],"wp:featuredmedia":[{"embeddable":true,"href":"https:\/\/hallein-evangelisch.at\/wp\/index.php?rest_route=\/wp\/v2\/media\/11770"}],"wp:attachment":[{"href":"https:\/\/hallein-evangelisch.at\/wp\/index.php?rest_route=%2Fwp%2Fv2%2Fmedia&parent=11768"}],"wp:term":[{"taxonomy":"category","embeddable":true,"href":"https:\/\/hallein-evangelisch.at\/wp\/index.php?rest_route=%2Fwp%2Fv2%2Fcategories&post=11768"},{"taxonomy":"post_tag","embeddable":true,"href":"https:\/\/hallein-evangelisch.at\/wp\/index.php?rest_route=%2Fwp%2Fv2%2Ftags&post=11768"}],"curies":[{"name":"wp","href":"https:\/\/api.w.org\/{rel}","templated":true}]}}