{"id":12332,"date":"2023-01-06T11:12:01","date_gmt":"2023-01-06T10:12:01","guid":{"rendered":"https:\/\/hallein-evangelisch.at\/wp\/?p=12332"},"modified":"2023-01-30T13:35:43","modified_gmt":"2023-01-30T12:35:43","slug":"sonntagsgruss-zum-8-jaenner-2023","status":"publish","type":"post","link":"https:\/\/hallein-evangelisch.at\/wp\/?p=12332","title":{"rendered":"Sonntagsgru\u00df zum 8. J\u00e4nner 2023"},"content":{"rendered":"<p>[06.01.2023]<\/p>\n<p><em>Du bist ein Gott, der mich sieht.<\/em> 1. Mose 16,13<\/p>\n<p>Liebe Mitglieder und Freund*innen unserer Halleiner Pfarrgemeinde!<\/p>\n<p><img loading=\"lazy\" decoding=\"async\" class=\"alignright wp-image-9965 size-medium\" src=\"https:\/\/hallein-evangelisch.at\/wp\/wp-content\/uploads\/2021\/09\/auswahl_IOS_IMG_4521469210919-300x200.jpg\" alt=\"\" width=\"300\" height=\"200\" srcset=\"https:\/\/hallein-evangelisch.at\/wp\/wp-content\/uploads\/2021\/09\/auswahl_IOS_IMG_4521469210919-300x200.jpg 300w, https:\/\/hallein-evangelisch.at\/wp\/wp-content\/uploads\/2021\/09\/auswahl_IOS_IMG_4521469210919-1024x683.jpg 1024w, https:\/\/hallein-evangelisch.at\/wp\/wp-content\/uploads\/2021\/09\/auswahl_IOS_IMG_4521469210919.jpg 1210w\" sizes=\"auto, (max-width: 300px) 100vw, 300px\" \/>Es ist Hagar, \u201edie \u00dcbersehene\u201c, die laut dem 1. Buch Mose vom \u201esehenden Gott\u201c spricht. Bitter hatte sie erfahren m\u00fcssen, was es bedeutet, \u201ebenutzt\u201c zu werden. Sie war die pers\u00f6nliche Sklavin von Sara, der Frau des biblischen Stammvaters Abraham \u2013 Sara und Abraham, ein durchaus wohlhabendes \u00e4lteres Ehepaar mit einem wunden Punkt: Die beiden hatten keine Kinder. Dabei, so erz\u00e4hlt es die biblische Geschichte, hatte doch Gott selbst Abraham das gro\u00dfe Versprechen gegeben, dass er nicht nur einmal Vater werden w\u00fcrde, sondern sogar der Stammvater eines ganzen Volkes.<\/p>\n<p>Doch als es nicht klappen will mit der Zeugung, verlieren die beiden die Geduld. Sie entscheiden sich f\u00fcr eine Leihmutterschaft. Sara gibt Abraham ihren Segen, dass er mit der Sklavin Hagar schl\u00e4ft und sie ihm den lang ersehnten Sohn gebiert. So kommt es dann auch. Hager wird schwanger. Wie sich Hagar gef\u00fchlt haben mag? Als Geb\u00e4rmaschine f\u00fcr Abraham? Missbraucht als Mittel zum Zweck? Vielleicht auch mit der bescheidenen Hoffnung, eben doch nicht nur eine Sklavin zu sein? Gesehen zu werden?<\/p>\n<p>Mit ihrer Schwangerschaft w\u00e4chst tats\u00e4chlich Hagars Gef\u00fchl: \u201eIch bin doch nicht nur eine Sklavin. Ich habe einen Wert, ich habe eine Bedeutung.\u201c Doch als Sara, ihre Herrin, das mitbekommt, dr\u00fcckt sie ihre Untergebene recht schnell wieder auf den Boden der Tatsachen zur\u00fcck. Sie, die durch die unerf\u00fcllte Schwangerschaft selbst gekr\u00e4nkt und durch den Deal gedem\u00fctigt ist, behandelt die hochschwangere Hager so herabw\u00fcrdigend, dass dieser nur die Flucht in die W\u00fcste bleibt.<\/p>\n<p>Wie viel Verletzungen und wie viele Kr\u00e4nkungen liegen in dieser Geschichte! Hagar steht vor dem kompletten Nichts. Einsam, vertrieben, nicht einmal mehr gut genug, um als Sklavin zu dienen. Ihr ganzes Leben in Scherben, als alleinerziehende Mutter ohne Rechte und ohne Schutz. \u201eNiemand sieht mich!\u201c<\/p>\n<p>Gott schickt einen Boten zu Hagar, der sie in ihrer Einsamkeit und Not aufsucht und l\u00e4sst ihr ausrichten, dass er sich um sie k\u00fcmmern wird, dass sie sich nicht aufgeben und wieder zu Sara und Abraham zur\u00fcckzukehren soll. Gottes Kraft werde sie durch alles durchtragen. Hagar erkennt: <strong>Du bist ein Gott, der mich sieht<\/strong>.<\/p>\n<p>Ich bitte unseren Gott, dass wir in diesem Jahr keine solch existentiellen N\u00f6te erleiden m\u00fcssen, um tief ber\u00fchrt zu bemerken: Gott sieht auch mich und dich. \u201aLassen wir uns doch immer wieder von ihm anschaun\u2018 , auf dass auch wir die Gotteskraft wahrnehmen, die uns durch die H\u00f6hen und Tiefen des Jahres tragen wird.<\/p>\n<p><em>In Gottes Richtung blickend, Pfarrer Jens-Daniel Mauer<\/em><br \/>\n(inspiriert von Pfarrer Marcus Tesch)<\/p>\n","protected":false},"excerpt":{"rendered":"<div class=\"mh-excerpt\"><p>[06.01.2023] Du bist ein Gott, der mich sieht. 1. Mose 16,13 Liebe Mitglieder und Freund*innen unserer Halleiner Pfarrgemeinde! Es ist Hagar, \u201edie \u00dcbersehene\u201c, die laut dem 1. Buch Mose vom \u201esehenden Gott\u201c spricht. Bitter hatte <a class=\"mh-excerpt-more\" href=\"https:\/\/hallein-evangelisch.at\/wp\/?p=12332\" title=\"Sonntagsgru\u00df zum 8. J\u00e4nner 2023\">[&#8230;]<\/a><\/p>\n<\/div>","protected":false},"author":8,"featured_media":12345,"comment_status":"open","ping_status":"closed","sticky":false,"template":"","format":"standard","meta":{"footnotes":""},"categories":[84,102],"tags":[],"class_list":{"0":"post-12332","1":"post","2":"type-post","3":"status-publish","4":"format-standard","5":"has-post-thumbnail","7":"category-hauskirche","8":"category-sonntagsgruss"},"_links":{"self":[{"href":"https:\/\/hallein-evangelisch.at\/wp\/index.php?rest_route=\/wp\/v2\/posts\/12332","targetHints":{"allow":["GET"]}}],"collection":[{"href":"https:\/\/hallein-evangelisch.at\/wp\/index.php?rest_route=\/wp\/v2\/posts"}],"about":[{"href":"https:\/\/hallein-evangelisch.at\/wp\/index.php?rest_route=\/wp\/v2\/types\/post"}],"author":[{"embeddable":true,"href":"https:\/\/hallein-evangelisch.at\/wp\/index.php?rest_route=\/wp\/v2\/users\/8"}],"replies":[{"embeddable":true,"href":"https:\/\/hallein-evangelisch.at\/wp\/index.php?rest_route=%2Fwp%2Fv2%2Fcomments&post=12332"}],"version-history":[{"count":3,"href":"https:\/\/hallein-evangelisch.at\/wp\/index.php?rest_route=\/wp\/v2\/posts\/12332\/revisions"}],"predecessor-version":[{"id":12351,"href":"https:\/\/hallein-evangelisch.at\/wp\/index.php?rest_route=\/wp\/v2\/posts\/12332\/revisions\/12351"}],"wp:featuredmedia":[{"embeddable":true,"href":"https:\/\/hallein-evangelisch.at\/wp\/index.php?rest_route=\/wp\/v2\/media\/12345"}],"wp:attachment":[{"href":"https:\/\/hallein-evangelisch.at\/wp\/index.php?rest_route=%2Fwp%2Fv2%2Fmedia&parent=12332"}],"wp:term":[{"taxonomy":"category","embeddable":true,"href":"https:\/\/hallein-evangelisch.at\/wp\/index.php?rest_route=%2Fwp%2Fv2%2Fcategories&post=12332"},{"taxonomy":"post_tag","embeddable":true,"href":"https:\/\/hallein-evangelisch.at\/wp\/index.php?rest_route=%2Fwp%2Fv2%2Ftags&post=12332"}],"curies":[{"name":"wp","href":"https:\/\/api.w.org\/{rel}","templated":true}]}}