{"id":12372,"date":"2023-01-13T09:39:51","date_gmt":"2023-01-13T08:39:51","guid":{"rendered":"https:\/\/hallein-evangelisch.at\/wp\/?p=12372"},"modified":"2023-01-30T13:35:17","modified_gmt":"2023-01-30T12:35:17","slug":"sonntagsgruss-zum-15-jaenner-2023","status":"publish","type":"post","link":"https:\/\/hallein-evangelisch.at\/wp\/?p=12372","title":{"rendered":"Sonntagsgru\u00df zum 15. J\u00e4nner 2023"},"content":{"rendered":"<p>[13.01.2022]<\/p>\n<p>2. Sonntag nach Epiphanias<\/p>\n<p>Liebe Mitglieder und Freund*innen unserer Halleiner Pfarrgemeinde!<\/p>\n<p><strong><img loading=\"lazy\" decoding=\"async\" class=\"alignright wp-image-11662\" src=\"https:\/\/hallein-evangelisch.at\/wp\/wp-content\/uploads\/2022\/09\/peter_gabriel_6_F.png\" alt=\"\" width=\"300\" height=\"377\" srcset=\"https:\/\/hallein-evangelisch.at\/wp\/wp-content\/uploads\/2022\/09\/peter_gabriel_6_F.png 592w, https:\/\/hallein-evangelisch.at\/wp\/wp-content\/uploads\/2022\/09\/peter_gabriel_6_F-477x600.png 477w, https:\/\/hallein-evangelisch.at\/wp\/wp-content\/uploads\/2022\/09\/peter_gabriel_6_F-239x300.png 239w\" sizes=\"auto, (max-width: 300px) 100vw, 300px\" \/>Epiphanias-Zeit<\/strong> \u2013 so nennen Evangelische die Wochen zwischen dem Drei-K\u00f6nigs- Tag (6. J\u00e4nner) und dem Sonntag nach Maria Lichtmess (heuer der 5. Februar). Danach gehen wir schon auf die Passionszeit zu, vor allem aber wird Fasching gefeiert.<\/p>\n<p>Diese \u201eZeit dazwischen\u201c wird meistens wenig wahrgenommen. Die Menschen gehen lieber Schifahren als in den Gottesdienst, nach dem Weihnachtsfest treten Kirche und Religion wieder in den Hintergrund.<\/p>\n<p>Dabei geh\u00f6ren die Sonntage nach Epiphanias (auf Deutsch Erscheinung) noch zum Weihnachtsfestkreis. Das zeigen die wei\u00dfen Paramente an Altar und Kanzel, oft bleiben auch Christb\u00e4ume, Krippen oder Schwippb\u00f6gen noch stehen, leuchten weiterhin die Herrnhuter Sterne aus den Fenstern.<br \/>\nSie alle deuten darauf hin, worum es in diesen Wochen geht: Um das Licht Gottes, das mit der Geburt des Kindleins im Stall von Bethlehem unter uns aufgeleuchtet ist. Dieses unendliche gro\u00dfe, alles erhellende Licht scheint jetzt bei uns auf der Erde, in meinem oft beschwerlichem, d\u00fcsteren Alltag. Gerade in den kurzen, dunklen J\u00e4nnertagen bricht bei aller Freude am Schnee sich eben auch schon die Sehnsucht nach dem Fr\u00fchling Bahn.<br \/>\nDie Sehnsucht nach dem Licht, der Liebe, dem Frieden und dem Segen Gottes dr\u00fcckt sich aus im Bild von Jesus als dem Morgenstern. Er ist das hellste Gestirn, das sich kurz vor Sonnenaufgang zeigt und diesen ank\u00fcndigt. Es ist also nicht mehr weit bis zum Morgen.<\/p>\n<p>Mit Jesus Christus, der das Licht Gottes in sich tr\u00e4gt und es verk\u00f6rpert, leuchtet schon die Herrschaft Gottes auf Erden auf. Es ist klar und deutlich sichtbar, wie Gott sich seine Erde w\u00fcnscht, was seinem Willen entspricht.<\/p>\n<p>Die biblischen Texte in diesen Wochen bedenken also die Konsequenzen des Christfestes f\u00fcr mich und mein Leben. Und sie handeln vom Licht, von der Herrlichkeit Gottes, die sich uns Menschen zeigt und die doch nur mittelbar, im Nachhinein von uns wahrgenommen werden kann.<\/p>\n<p>\u00dcber diesen Morgenstern, der immer schon mit Gott verbunden war und aus seinem Licht seine Leuchtkraft erhellt, dichtet Johann Gottfried Herder (EG 74,1):<br \/>\n\u201e<em>Du Morgenstern, du Licht vom Licht, das durch die Finsternisse bricht, du gingst vor aller Zeiten Lauf in unerschaffner Klarheit auf.<\/em>\u201c<\/p>\n<p>Von Herzen w\u00fcnsche ich euch, dass Gottes Licht auch in eurem Leben aufscheint, er eure Dunkelheiten erhellt.<\/p>\n<p><em>Euer Pfarrer Peter Gabriel<\/em><\/p>\n","protected":false},"excerpt":{"rendered":"<div class=\"mh-excerpt\"><p>[13.01.2022] 2. Sonntag nach Epiphanias Liebe Mitglieder und Freund*innen unserer Halleiner Pfarrgemeinde! Epiphanias-Zeit \u2013 so nennen Evangelische die Wochen zwischen dem Drei-K\u00f6nigs- Tag (6. J\u00e4nner) und dem Sonntag nach Maria Lichtmess (heuer der 5. Februar). <a class=\"mh-excerpt-more\" href=\"https:\/\/hallein-evangelisch.at\/wp\/?p=12372\" title=\"Sonntagsgru\u00df zum 15. J\u00e4nner 2023\">[&#8230;]<\/a><\/p>\n<\/div>","protected":false},"author":8,"featured_media":12385,"comment_status":"open","ping_status":"closed","sticky":false,"template":"","format":"standard","meta":{"footnotes":""},"categories":[84,102],"tags":[],"class_list":{"0":"post-12372","1":"post","2":"type-post","3":"status-publish","4":"format-standard","5":"has-post-thumbnail","7":"category-hauskirche","8":"category-sonntagsgruss"},"_links":{"self":[{"href":"https:\/\/hallein-evangelisch.at\/wp\/index.php?rest_route=\/wp\/v2\/posts\/12372","targetHints":{"allow":["GET"]}}],"collection":[{"href":"https:\/\/hallein-evangelisch.at\/wp\/index.php?rest_route=\/wp\/v2\/posts"}],"about":[{"href":"https:\/\/hallein-evangelisch.at\/wp\/index.php?rest_route=\/wp\/v2\/types\/post"}],"author":[{"embeddable":true,"href":"https:\/\/hallein-evangelisch.at\/wp\/index.php?rest_route=\/wp\/v2\/users\/8"}],"replies":[{"embeddable":true,"href":"https:\/\/hallein-evangelisch.at\/wp\/index.php?rest_route=%2Fwp%2Fv2%2Fcomments&post=12372"}],"version-history":[{"count":2,"href":"https:\/\/hallein-evangelisch.at\/wp\/index.php?rest_route=\/wp\/v2\/posts\/12372\/revisions"}],"predecessor-version":[{"id":12374,"href":"https:\/\/hallein-evangelisch.at\/wp\/index.php?rest_route=\/wp\/v2\/posts\/12372\/revisions\/12374"}],"wp:featuredmedia":[{"embeddable":true,"href":"https:\/\/hallein-evangelisch.at\/wp\/index.php?rest_route=\/wp\/v2\/media\/12385"}],"wp:attachment":[{"href":"https:\/\/hallein-evangelisch.at\/wp\/index.php?rest_route=%2Fwp%2Fv2%2Fmedia&parent=12372"}],"wp:term":[{"taxonomy":"category","embeddable":true,"href":"https:\/\/hallein-evangelisch.at\/wp\/index.php?rest_route=%2Fwp%2Fv2%2Fcategories&post=12372"},{"taxonomy":"post_tag","embeddable":true,"href":"https:\/\/hallein-evangelisch.at\/wp\/index.php?rest_route=%2Fwp%2Fv2%2Ftags&post=12372"}],"curies":[{"name":"wp","href":"https:\/\/api.w.org\/{rel}","templated":true}]}}