{"id":12477,"date":"2023-02-01T00:00:06","date_gmt":"2023-01-31T23:00:06","guid":{"rendered":"https:\/\/hallein-evangelisch.at\/wp\/?p=12477"},"modified":"2023-10-20T12:07:17","modified_gmt":"2023-10-20T10:07:17","slug":"12477","status":"publish","type":"post","link":"https:\/\/hallein-evangelisch.at\/wp\/?p=12477","title":{"rendered":"Ist Frieden (un)m\u00f6glich?"},"content":{"rendered":"<p>[01.02.2023]<\/p>\n<p>Liebe Halleinerinnen und Halleiner,<br \/>\nNachbarn und Nachbarinnen!<\/p>\n<figure id=\"attachment_12560\" aria-describedby=\"caption-attachment-12560\" style=\"width: 300px\" class=\"wp-caption alignright\"><img loading=\"lazy\" decoding=\"async\" class=\"wp-image-12560 size-thumbnail\" src=\"https:\/\/hallein-evangelisch.at\/wp\/wp-content\/uploads\/2023\/02\/presse01a-300x419.jpg\" alt=\"\" width=\"300\" height=\"419\" srcset=\"https:\/\/hallein-evangelisch.at\/wp\/wp-content\/uploads\/2023\/02\/presse01a-300x419.jpg 300w, https:\/\/hallein-evangelisch.at\/wp\/wp-content\/uploads\/2023\/02\/presse01a-600x837.jpg 600w, https:\/\/hallein-evangelisch.at\/wp\/wp-content\/uploads\/2023\/02\/presse01a-734x1024.jpg 734w, https:\/\/hallein-evangelisch.at\/wp\/wp-content\/uploads\/2023\/02\/presse01a-1101x1536.jpg 1101w, https:\/\/hallein-evangelisch.at\/wp\/wp-content\/uploads\/2023\/02\/presse01a-1468x2048.jpg 1468w, https:\/\/hallein-evangelisch.at\/wp\/wp-content\/uploads\/2023\/02\/presse01a-scaled.jpg 1835w\" sizes=\"auto, (max-width: 300px) 100vw, 300px\" \/><figcaption id=\"caption-attachment-12560\" class=\"wp-caption-text\">Dechant Markus Danner und Pfarrer Peter Gabriel<\/figcaption><\/figure>\n<p>Der Krieg in der Ukraine hat uns schmerzlich vor Augen gef\u00fchrt, dass der Friede, den wir gewohnt waren, keine Selbstverst\u00e4ndlichkeit ist. Wir erleben keine Bem\u00fchungen um Frieden, sondern nur den Einsatz von immer mehr Waffen, mehr Zerst\u00f6rung, noch schlimmere Drohungen.<\/p>\n<p>Der Pazifismus ist in die Defensive geraten. Frieden schaffen ohne Waffen scheint unm\u00f6glich. Von gewaltfreiem Widerstand h\u00f6ren wir wenig, das Gebot der Feindesliebe interessiert anscheinend nicht mehr oder wird als weltfremde Illusion abgetan. Ist Aufr\u00fcstung wirklich der einzige Weg zu einer sicheren Welt?<\/p>\n<p>\u201e<em><strong>Ist Frieden (un)m\u00f6glich? Anspruch \u2013 Realit\u00e4t \u2013 Vision<\/strong><\/em>\u201c, so haben wir im Vorbereitungsteam die heurige 32. \u00d6kumenische Fastenaktion \u00fcberschrieben. Wir haben Referenten mit ganz verschiedenen Zug\u00e4ngen und Erfahrungen eingeladen, mit uns das heikle Thema aus unterschiedlichen Blickwinkeln zu betrachten.<\/p>\n<h3>Die Referenten und Vortragsthemen in diesem Jahr<\/h3>\n<ul>\n<li><strong>Dienstag, 28. Februar 2023 19:30 Uhr<br \/>\n&#8222;Frieden schaffen ohne Waffen&#8220;<br \/>\nM\u00f6glichkeiten und Grenzen<br \/>\n<\/strong><em>HTL Hallein Davis-Stra\u00dfe 5<\/em><strong><br \/>\n<\/strong>Dr. Valentin Inzko: Diplomat, bis 2021 Hoher Repr\u00e4sentant der UN in Bosnien und Herzegowina, Obmann des Rates der K\u00e4rntner Slowenen. Gro\u00dfes Silbernes Ehrenzeichen f\u00fcr Verdienste um die Republik \u00d6sterreich.<\/li>\n<li><strong>Dienstag, 7. M\u00e4rz 2023 19.30 Uhr<br \/>\n&#8222;Im Namen Gottes&#8220;<br \/>\nFrieden und Krieg in den Religionen<br \/>\n<\/strong><em>Pfarrzentrum Neualm Sikora-Stra\u00dfe 20a<\/em><br \/>\nAssoz.-Prof. Dr. Martin Ro\u0308tting: Professor f\u00fcr Religious Studies an der Paris-Lodron-Universit\u00e4t in Salzburg. Vorstandsvorsitzender von OCCURSO e.V. Lehrauftr\u00e4ge an Ludwig-Maximilians-Universit\u00e4t M\u00fcnchen, Katholischer Universit\u00e4t Eichst\u00e4tt und Universit\u00e4t Salzburg<\/li>\n<li><strong>Dienstag, 14. M\u00e4rz 2023 19.30 Uhr<br \/>\n&#8222;Wege zu einem gerechten Frieden&#8220;<br \/>\nSchlaglichter zur milit\u00e4rethischen Entwicklung<br \/>\n<\/strong><em>Pfarrzentrum Rehhof Tuval-Stra\u00dfe 16<\/em><strong><br \/>\n<\/strong>Priv.Doz.DDr. Karl-Reinhart Trauner: Studium Fachtheologie, Religionsp\u00e4dagogik und Geschichte. Vikariat in Gols. Lehrbeauftragter an der Theresianischen Milit\u00e4rakademie, Leiter des Instituts f\u00fcr Milit\u00e4rethische Studien (IMS). Milit\u00e4rsuperintendent. Privatdozent f\u00fcr Kirchengeschichte an der Universit\u00e4t Wien<\/li>\n<li><strong>Dienstag, 21. M\u00e4rz 2023 19.30 Uhr<br \/>\n&#8222;Realismus und Hoffnung&#8220;<br \/>\nEvangelische Friedensethik heute<br \/>\n<\/strong><em>Evangelische Kirche Davis-Stra\u00dfe 38<\/em><strong><br \/>\n<\/strong>Univ.-Prof. Dr. Reiner Anselm: Dissertation \u201eJ\u00fcngstes Gericht und irdische Gerechtigkeit\u201c. Professor f\u00fcr Systematische Theologie und Ethik (Universit\u00e4t Jena). Lehrstuhls f\u00fcr Systematische Theologie und Ethik an der Ludwig-Maximilians-Universit\u00e4t M\u00fcnchen<\/li>\n<li><strong>Dienstag, 28. M\u00e4rz 2023 19.30 Uhr<br \/>\n&#8222;Konfliktf\u00e4higkeit lernen!&#8220;<br \/>\nWissen erlangen, Haltung entwickeln, Methoden er\u00fcben<br \/>\n<\/strong><em>Pfarrzentrum Oberalm Kirchen-Stra\u00dfe 1<\/em><strong><br \/>\n<\/strong>Univ.-Prof. Dr.Dr.h.c. Friedrich Glasl: \u00d6konom, Organisationsberater, Konfliktforscher. Dozent f\u00fcr Organisationsentwicklung und Konfliktmanagement (Universit\u00e4t Salzburg). Gastprofessor an der staatlichen Universit\u00e4t Tbilissi (Georgien) sowie in der Schweiz, in S\u00fcdafrika, in Russland, in Finnland und in Brasilien<\/li>\n<\/ul>\n<p>Wir hoffen auf anregende und spannende Diskussionen im Anschluss an die Vortr\u00e4ge.<\/p>\n<p>Die Vortragsreihe findet bei freiem Eintritt an den jeweiligen Veranstaltungsorten statt. Wir sind dankbar f\u00fcr freiwillige Spenden, die die Finanzierung unterst\u00fctzen.<\/p>\n<p><em>evang. Pfarrer Dr. Peter Gabriel<\/em><br \/>\n<em>r.k. Dechant Dr. Markus Danner<\/em><\/p>\n<p><img loading=\"lazy\" decoding=\"async\" class=\"alignright size-full wp-image-12475\" src=\"https:\/\/hallein-evangelisch.at\/wp\/wp-content\/uploads\/2023\/01\/FA_2023_PLAKAT.png\" alt=\"\" width=\"2479\" height=\"3508\" srcset=\"https:\/\/hallein-evangelisch.at\/wp\/wp-content\/uploads\/2023\/01\/FA_2023_PLAKAT.png 2479w, https:\/\/hallein-evangelisch.at\/wp\/wp-content\/uploads\/2023\/01\/FA_2023_PLAKAT-600x849.png 600w, https:\/\/hallein-evangelisch.at\/wp\/wp-content\/uploads\/2023\/01\/FA_2023_PLAKAT-724x1024.png 724w, https:\/\/hallein-evangelisch.at\/wp\/wp-content\/uploads\/2023\/01\/FA_2023_PLAKAT-300x425.png 300w, https:\/\/hallein-evangelisch.at\/wp\/wp-content\/uploads\/2023\/01\/FA_2023_PLAKAT-1085x1536.png 1085w, https:\/\/hallein-evangelisch.at\/wp\/wp-content\/uploads\/2023\/01\/FA_2023_PLAKAT-1447x2048.png 1447w\" sizes=\"auto, (max-width: 2479px) 100vw, 2479px\" \/><\/p>\n","protected":false},"excerpt":{"rendered":"<div class=\"mh-excerpt\"><p>[01.02.2023] Liebe Halleinerinnen und Halleiner, Nachbarn und Nachbarinnen! Der Krieg in der Ukraine hat uns schmerzlich vor Augen gef\u00fchrt, dass der Friede, den wir gewohnt waren, keine Selbstverst\u00e4ndlichkeit ist. Wir erleben keine Bem\u00fchungen um Frieden, <a class=\"mh-excerpt-more\" href=\"https:\/\/hallein-evangelisch.at\/wp\/?p=12477\" title=\"Ist Frieden (un)m\u00f6glich?\">[&#8230;]<\/a><\/p>\n<\/div>","protected":false},"author":8,"featured_media":12476,"comment_status":"closed","ping_status":"closed","sticky":false,"template":"","format":"standard","meta":{"footnotes":""},"categories":[18],"tags":[],"class_list":{"0":"post-12477","1":"post","2":"type-post","3":"status-publish","4":"format-standard","5":"has-post-thumbnail","7":"category-fastenaktion-archiv"},"_links":{"self":[{"href":"https:\/\/hallein-evangelisch.at\/wp\/index.php?rest_route=\/wp\/v2\/posts\/12477","targetHints":{"allow":["GET"]}}],"collection":[{"href":"https:\/\/hallein-evangelisch.at\/wp\/index.php?rest_route=\/wp\/v2\/posts"}],"about":[{"href":"https:\/\/hallein-evangelisch.at\/wp\/index.php?rest_route=\/wp\/v2\/types\/post"}],"author":[{"embeddable":true,"href":"https:\/\/hallein-evangelisch.at\/wp\/index.php?rest_route=\/wp\/v2\/users\/8"}],"replies":[{"embeddable":true,"href":"https:\/\/hallein-evangelisch.at\/wp\/index.php?rest_route=%2Fwp%2Fv2%2Fcomments&post=12477"}],"version-history":[{"count":6,"href":"https:\/\/hallein-evangelisch.at\/wp\/index.php?rest_route=\/wp\/v2\/posts\/12477\/revisions"}],"predecessor-version":[{"id":12565,"href":"https:\/\/hallein-evangelisch.at\/wp\/index.php?rest_route=\/wp\/v2\/posts\/12477\/revisions\/12565"}],"wp:featuredmedia":[{"embeddable":true,"href":"https:\/\/hallein-evangelisch.at\/wp\/index.php?rest_route=\/wp\/v2\/media\/12476"}],"wp:attachment":[{"href":"https:\/\/hallein-evangelisch.at\/wp\/index.php?rest_route=%2Fwp%2Fv2%2Fmedia&parent=12477"}],"wp:term":[{"taxonomy":"category","embeddable":true,"href":"https:\/\/hallein-evangelisch.at\/wp\/index.php?rest_route=%2Fwp%2Fv2%2Fcategories&post=12477"},{"taxonomy":"post_tag","embeddable":true,"href":"https:\/\/hallein-evangelisch.at\/wp\/index.php?rest_route=%2Fwp%2Fv2%2Ftags&post=12477"}],"curies":[{"name":"wp","href":"https:\/\/api.w.org\/{rel}","templated":true}]}}