{"id":12529,"date":"2023-03-07T19:30:44","date_gmt":"2023-03-07T18:30:44","guid":{"rendered":"https:\/\/hallein-evangelisch.at\/wp\/?p=12529"},"modified":"2023-10-20T12:06:51","modified_gmt":"2023-10-20T10:06:51","slug":"im-namen-gottes","status":"publish","type":"post","link":"https:\/\/hallein-evangelisch.at\/wp\/?p=12529","title":{"rendered":"3. Wege zu einem gerechten Frieden"},"content":{"rendered":"<p class=\"p1\"><\/p>\n<h2>&#8222;Wege zu einem gerechten Frieden&#8220;<br \/>\nSchlaglichter zur milit\u00e4rethischen Entwicklung<\/h2>\n<h3>Vortrag<br \/>\nPriv.Doz.DDr. Karl-Reinhart Trauner (Evang. Milit\u00e4rsuperintendent Wien)<br \/>\nDienstag,14. M\u00e4rz 2023 um 19:30 Uhr<br \/>\nPfarrzentrum Rehhof, Tuval-Stra\u00dfe 16<\/h3>\n<figure id=\"attachment_12736\" aria-describedby=\"caption-attachment-12736\" style=\"width: 300px\" class=\"wp-caption alignright\"><img loading=\"lazy\" decoding=\"async\" class=\"wp-image-12736 size-thumbnail\" src=\"https:\/\/hallein-evangelisch.at\/wp\/wp-content\/uploads\/2023\/02\/bild_trauner-300x394.jpg\" alt=\"\" width=\"300\" height=\"394\" srcset=\"https:\/\/hallein-evangelisch.at\/wp\/wp-content\/uploads\/2023\/02\/bild_trauner-300x394.jpg 300w, https:\/\/hallein-evangelisch.at\/wp\/wp-content\/uploads\/2023\/02\/bild_trauner-600x788.jpg 600w, https:\/\/hallein-evangelisch.at\/wp\/wp-content\/uploads\/2023\/02\/bild_trauner-779x1024.jpg 779w, https:\/\/hallein-evangelisch.at\/wp\/wp-content\/uploads\/2023\/02\/bild_trauner.jpg 847w\" sizes=\"auto, (max-width: 300px) 100vw, 300px\" \/><figcaption id=\"caption-attachment-12736\" class=\"wp-caption-text\">Priv.Doz.DDr. Karl-Reinhart Trauner (Evang. Milit\u00e4rsuperintendent Wien)<\/figcaption><\/figure>\n<p>Ein Friede, der eine positive Entwicklung der einzelnen Menschen wie der gesamten Gesellschaft erm\u00f6glicht und f\u00f6rdert, ist der oberste Zweck eines Staates. Aber er ist nicht selbstverst\u00e4ndlich, er ist kein Naturzustand, sondern geh\u00f6rt gestiftet und erhalten. Er ist ein Prozess.<\/p>\n<p>Ein solcher Friede ist vielf\u00e4ltig \u2013 und gerade deshalb fragil. Nicht nur Kriege gef\u00e4hrden den Frieden, sie sind es aber, die ihn nachhaltig vernichten k\u00f6nnen und verhindern selbst nach einem Ende des Krieges oftmals, dass ein Friede wieder entsteht.<\/p>\n<p>So wie der Friede vielf\u00e4ltig ist, sind auch die Mittel, einen Frieden aufzurichten, vielf\u00e4ltig.<\/p>\n<p>Dem Zivilen steht der Vorrang zu, es geht doch um die Aufrichtung einer funktionierenden zivilen, staatlichen Gesellschaft. Das Milit\u00e4r kann einen solchen Prozess jedoch unterst\u00fctzen; in gewissen Situationen ist der Einsatz des Milit\u00e4rs sogar geboten. Der Weg zu einem Frieden ist in vielen F\u00e4llen m\u00fchsam und steinig, aber es lohnt sich.<\/p>\n<p>Um der Menschen willen.<\/p>\n<p><img loading=\"lazy\" decoding=\"async\" class=\"alignright size-full wp-image-12475\" src=\"https:\/\/hallein-evangelisch.at\/wp\/wp-content\/uploads\/2023\/01\/FA_2023_PLAKAT.png\" alt=\"\" width=\"2479\" height=\"3508\" srcset=\"https:\/\/hallein-evangelisch.at\/wp\/wp-content\/uploads\/2023\/01\/FA_2023_PLAKAT.png 2479w, https:\/\/hallein-evangelisch.at\/wp\/wp-content\/uploads\/2023\/01\/FA_2023_PLAKAT-600x849.png 600w, https:\/\/hallein-evangelisch.at\/wp\/wp-content\/uploads\/2023\/01\/FA_2023_PLAKAT-724x1024.png 724w, https:\/\/hallein-evangelisch.at\/wp\/wp-content\/uploads\/2023\/01\/FA_2023_PLAKAT-300x425.png 300w, https:\/\/hallein-evangelisch.at\/wp\/wp-content\/uploads\/2023\/01\/FA_2023_PLAKAT-1085x1536.png 1085w, https:\/\/hallein-evangelisch.at\/wp\/wp-content\/uploads\/2023\/01\/FA_2023_PLAKAT-1447x2048.png 1447w\" sizes=\"auto, (max-width: 2479px) 100vw, 2479px\" \/><\/p>\n","protected":false},"excerpt":{"rendered":"<div class=\"mh-excerpt\"><p>&#8222;Wege zu einem gerechten Frieden&#8220; Schlaglichter zur milit\u00e4rethischen Entwicklung Vortrag Priv.Doz.DDr. Karl-Reinhart Trauner (Evang. Milit\u00e4rsuperintendent Wien) Dienstag,14. M\u00e4rz 2023 um 19:30 Uhr Pfarrzentrum Rehhof, Tuval-Stra\u00dfe 16 Ein Friede, der eine positive Entwicklung der einzelnen Menschen <a class=\"mh-excerpt-more\" href=\"https:\/\/hallein-evangelisch.at\/wp\/?p=12529\" title=\"3. Wege zu einem gerechten Frieden\">[&#8230;]<\/a><\/p>\n<\/div>","protected":false},"author":8,"featured_media":12476,"comment_status":"closed","ping_status":"closed","sticky":false,"template":"","format":"standard","meta":{"footnotes":""},"categories":[18],"tags":[],"class_list":{"0":"post-12529","1":"post","2":"type-post","3":"status-publish","4":"format-standard","5":"has-post-thumbnail","7":"category-fastenaktion-archiv"},"_links":{"self":[{"href":"https:\/\/hallein-evangelisch.at\/wp\/index.php?rest_route=\/wp\/v2\/posts\/12529","targetHints":{"allow":["GET"]}}],"collection":[{"href":"https:\/\/hallein-evangelisch.at\/wp\/index.php?rest_route=\/wp\/v2\/posts"}],"about":[{"href":"https:\/\/hallein-evangelisch.at\/wp\/index.php?rest_route=\/wp\/v2\/types\/post"}],"author":[{"embeddable":true,"href":"https:\/\/hallein-evangelisch.at\/wp\/index.php?rest_route=\/wp\/v2\/users\/8"}],"replies":[{"embeddable":true,"href":"https:\/\/hallein-evangelisch.at\/wp\/index.php?rest_route=%2Fwp%2Fv2%2Fcomments&post=12529"}],"version-history":[{"count":8,"href":"https:\/\/hallein-evangelisch.at\/wp\/index.php?rest_route=\/wp\/v2\/posts\/12529\/revisions"}],"predecessor-version":[{"id":12741,"href":"https:\/\/hallein-evangelisch.at\/wp\/index.php?rest_route=\/wp\/v2\/posts\/12529\/revisions\/12741"}],"wp:featuredmedia":[{"embeddable":true,"href":"https:\/\/hallein-evangelisch.at\/wp\/index.php?rest_route=\/wp\/v2\/media\/12476"}],"wp:attachment":[{"href":"https:\/\/hallein-evangelisch.at\/wp\/index.php?rest_route=%2Fwp%2Fv2%2Fmedia&parent=12529"}],"wp:term":[{"taxonomy":"category","embeddable":true,"href":"https:\/\/hallein-evangelisch.at\/wp\/index.php?rest_route=%2Fwp%2Fv2%2Fcategories&post=12529"},{"taxonomy":"post_tag","embeddable":true,"href":"https:\/\/hallein-evangelisch.at\/wp\/index.php?rest_route=%2Fwp%2Fv2%2Ftags&post=12529"}],"curies":[{"name":"wp","href":"https:\/\/api.w.org\/{rel}","templated":true}]}}