{"id":12602,"date":"2023-02-21T00:00:25","date_gmt":"2023-02-20T23:00:25","guid":{"rendered":"https:\/\/hallein-evangelisch.at\/wp\/?p=12602"},"modified":"2023-10-20T12:07:12","modified_gmt":"2023-10-20T10:07:12","slug":"frieden-schaffen-ohne-waffen","status":"publish","type":"post","link":"https:\/\/hallein-evangelisch.at\/wp\/?p=12602","title":{"rendered":"1. Frieden schaffen ohne Waffen"},"content":{"rendered":"<p>[21.02.2023]<\/p>\n<h3>M\u00f6glichkeiten und Grenzen<\/h3>\n<ul>\n<li><strong>Dienstag, 28. Februar 2023 19:30 Uhr<\/strong><\/li>\n<li><strong>HTL Hallein Davis-Stra\u00dfe 5<\/strong><\/li>\n<li><strong>Dr. Valentin Inzko (Diplomat, K\u00e4rnten)<\/strong><\/li>\n<\/ul>\n<figure id=\"attachment_12744\" aria-describedby=\"caption-attachment-12744\" style=\"width: 300px\" class=\"wp-caption alignright\"><img loading=\"lazy\" decoding=\"async\" class=\"size-thumbnail wp-image-12744\" src=\"https:\/\/hallein-evangelisch.at\/wp\/wp-content\/uploads\/2023\/02\/bild_Inzko-300x448.jpg\" alt=\"\" width=\"300\" height=\"448\" srcset=\"https:\/\/hallein-evangelisch.at\/wp\/wp-content\/uploads\/2023\/02\/bild_Inzko-300x448.jpg 300w, https:\/\/hallein-evangelisch.at\/wp\/wp-content\/uploads\/2023\/02\/bild_Inzko.jpg 383w\" sizes=\"auto, (max-width: 300px) 100vw, 300px\" \/><figcaption id=\"caption-attachment-12744\" class=\"wp-caption-text\">Dr. Valentin Inzko (Diplomat, K\u00e4rnten)<\/figcaption><\/figure>\n<p>Der russische Angriffskrieg auf die Ukraine markiert laut Olaf Scholz eine \u201eZeitenwende\u201c. Von der Welt von gestern, von den \u201estabilen\u201c Verh\u00e4ltnissen der Vergangenheit, werden wir uns verabschieden m\u00fcssen. Der Weg zum Frieden wird einen langen Atem brauchen.<\/p>\n<p>Eine Zeitenwende gab es schon, als die Berliner Mauer fiel. Die Ereignisse des Jahres 1989, die erst durch die Schw\u00e4chung und den darauffolgenden Zerfall der Sowjetunion m\u00f6glich wurden, k\u00f6nnen als Vorboten des heutigen Krieges in der Ukraine betrachtet werden. Denn Pr\u00e4sident Putin betrachtet den Zerfall der Sowjetunion als \u201egr\u00f6\u00dfte geopolitische Katastrophe des 20. Jahrhunderts\u201c. Putins Leitmotiv lautet: Jetzt wird zur\u00fcckerobert, was fr\u00fcher verloren wurde.<\/p>\n<p>Ist dieser Krieg ein Vorbote f\u00fcr eine gewaltsamere Welt, in der Straffreiheit herrscht und das Recht des St\u00e4rkeren z\u00e4hlt? Oder kann der Krieg ein Katalysator f\u00fcr die weltweite R\u00fcckbesinnung auf die regelbasierte internationale Ordnung sein? Kann man Frieden schaffen vor dem Einsatz von Waffen? Woran scheitern oder wie gelingen gewaltfreie Konfliktl\u00f6sungen? Die Verantwortung liegt bei den Politiker*innen \u2013 welche M\u00f6glichkeiten haben sie, Friedensl\u00f6sungen zu gestalten?<\/p>\n<p><em>Dr. Valentin Inzko<\/em><\/p>\n<p><img loading=\"lazy\" decoding=\"async\" class=\"alignright size-full wp-image-12475\" src=\"https:\/\/hallein-evangelisch.at\/wp\/wp-content\/uploads\/2023\/01\/FA_2023_PLAKAT.png\" alt=\"\" width=\"2479\" height=\"3508\" srcset=\"https:\/\/hallein-evangelisch.at\/wp\/wp-content\/uploads\/2023\/01\/FA_2023_PLAKAT.png 2479w, https:\/\/hallein-evangelisch.at\/wp\/wp-content\/uploads\/2023\/01\/FA_2023_PLAKAT-600x849.png 600w, https:\/\/hallein-evangelisch.at\/wp\/wp-content\/uploads\/2023\/01\/FA_2023_PLAKAT-724x1024.png 724w, https:\/\/hallein-evangelisch.at\/wp\/wp-content\/uploads\/2023\/01\/FA_2023_PLAKAT-300x425.png 300w, https:\/\/hallein-evangelisch.at\/wp\/wp-content\/uploads\/2023\/01\/FA_2023_PLAKAT-1085x1536.png 1085w, https:\/\/hallein-evangelisch.at\/wp\/wp-content\/uploads\/2023\/01\/FA_2023_PLAKAT-1447x2048.png 1447w\" sizes=\"auto, (max-width: 2479px) 100vw, 2479px\" \/><\/p>\n<p>&nbsp;<\/p>\n<p>&nbsp;<\/p>\n","protected":false},"excerpt":{"rendered":"<div class=\"mh-excerpt\"><p>[21.02.2023] M\u00f6glichkeiten und Grenzen Dienstag, 28. Februar 2023 19:30 Uhr HTL Hallein Davis-Stra\u00dfe 5 Dr. Valentin Inzko (Diplomat, K\u00e4rnten) Der russische Angriffskrieg auf die Ukraine markiert laut Olaf Scholz eine \u201eZeitenwende\u201c. Von der Welt von <a class=\"mh-excerpt-more\" href=\"https:\/\/hallein-evangelisch.at\/wp\/?p=12602\" title=\"1. Frieden schaffen ohne Waffen\">[&#8230;]<\/a><\/p>\n<\/div>","protected":false},"author":8,"featured_media":12476,"comment_status":"closed","ping_status":"closed","sticky":false,"template":"","format":"standard","meta":{"footnotes":""},"categories":[18],"tags":[],"class_list":{"0":"post-12602","1":"post","2":"type-post","3":"status-publish","4":"format-standard","5":"has-post-thumbnail","7":"category-fastenaktion-archiv"},"_links":{"self":[{"href":"https:\/\/hallein-evangelisch.at\/wp\/index.php?rest_route=\/wp\/v2\/posts\/12602","targetHints":{"allow":["GET"]}}],"collection":[{"href":"https:\/\/hallein-evangelisch.at\/wp\/index.php?rest_route=\/wp\/v2\/posts"}],"about":[{"href":"https:\/\/hallein-evangelisch.at\/wp\/index.php?rest_route=\/wp\/v2\/types\/post"}],"author":[{"embeddable":true,"href":"https:\/\/hallein-evangelisch.at\/wp\/index.php?rest_route=\/wp\/v2\/users\/8"}],"replies":[{"embeddable":true,"href":"https:\/\/hallein-evangelisch.at\/wp\/index.php?rest_route=%2Fwp%2Fv2%2Fcomments&post=12602"}],"version-history":[{"count":5,"href":"https:\/\/hallein-evangelisch.at\/wp\/index.php?rest_route=\/wp\/v2\/posts\/12602\/revisions"}],"predecessor-version":[{"id":12746,"href":"https:\/\/hallein-evangelisch.at\/wp\/index.php?rest_route=\/wp\/v2\/posts\/12602\/revisions\/12746"}],"wp:featuredmedia":[{"embeddable":true,"href":"https:\/\/hallein-evangelisch.at\/wp\/index.php?rest_route=\/wp\/v2\/media\/12476"}],"wp:attachment":[{"href":"https:\/\/hallein-evangelisch.at\/wp\/index.php?rest_route=%2Fwp%2Fv2%2Fmedia&parent=12602"}],"wp:term":[{"taxonomy":"category","embeddable":true,"href":"https:\/\/hallein-evangelisch.at\/wp\/index.php?rest_route=%2Fwp%2Fv2%2Fcategories&post=12602"},{"taxonomy":"post_tag","embeddable":true,"href":"https:\/\/hallein-evangelisch.at\/wp\/index.php?rest_route=%2Fwp%2Fv2%2Ftags&post=12602"}],"curies":[{"name":"wp","href":"https:\/\/api.w.org\/{rel}","templated":true}]}}