{"id":12619,"date":"2023-02-24T08:43:46","date_gmt":"2023-02-24T07:43:46","guid":{"rendered":"https:\/\/hallein-evangelisch.at\/wp\/?p=12619"},"modified":"2023-02-24T08:43:46","modified_gmt":"2023-02-24T07:43:46","slug":"sonntagsgruss-zum-26-februar-2023","status":"publish","type":"post","link":"https:\/\/hallein-evangelisch.at\/wp\/?p=12619","title":{"rendered":"Sonntagsgru\u00df zum 26. Februar 2023"},"content":{"rendered":"<p>[24.02.2023]<\/p>\n<p>1. Sonntag der Passionszeit<\/p>\n<p>Liebe Mitglieder, Freundinnen und Freunde unserer Halleiner Pfarrgemeinde!<\/p>\n<p><img loading=\"lazy\" decoding=\"async\" class=\"alignright wp-image-9834\" src=\"https:\/\/hallein-evangelisch.at\/wp\/wp-content\/uploads\/2021\/09\/gabriel_2021.png\" alt=\"\" width=\"300\" height=\"425\" srcset=\"https:\/\/hallein-evangelisch.at\/wp\/wp-content\/uploads\/2021\/09\/gabriel_2021.png 592w, https:\/\/hallein-evangelisch.at\/wp\/wp-content\/uploads\/2021\/09\/gabriel_2021-424x600.png 424w\" sizes=\"auto, (max-width: 300px) 100vw, 300px\" \/>Im Mittelpunkt des ersten Sonntags in der Passionszeit steht die Erz\u00e4hlung von der Versuchung Jesu in der W\u00fcste (Matth\u00e4us 4,1-11). Wer mag, lese den Text gerne nach! Jesus zieht sich f\u00fcr 40 Tage in die Stille und die Einsamkeit zur\u00fcck, um sich dar\u00fcber klar zu werden, was genau sein Auftrag ist.<\/p>\n<p>Denn er hatte ein gewaltiges Erlebnis gehabt: In der Taufe durch Johannes den T\u00e4ufer im Jordan wird ihm zugesagt: Du bist mein geliebter Sohn. Nicht nur im Namen Gottes, sondern als sein Abgesandter auf Erden soll er die Menschen zur Umkehr aufrufen, weil jetzt Gottes Herrschaft anbricht, weil Gott allen Menschen mit seiner Liebe begegnet.<br \/>\nDoch es fragt sich: Ist er nun der Wunderwuzzi, der alle Menschen rundum versorgt? Garantiert er umfassenden Schutz, so dass ich mich bedenkenlos allen Gefahren ausset- zen kann? Besitzt er unbeschr\u00e4nkte, ja diktatorische Macht \u00fcber diese Welt und alle Menschen? Und vor allem: w\u00fcrde er damit Gott, seinem Sein und Handeln entsprechen?<br \/>\nNein! Sondern diese Vorstellungen sind teuflisch! So ist und handelt weder Gott noch Jesus als sein Stellvertreter! Deshalb entgegnet Jesus den verf\u00fchrerischen Fragen des Teufels mit eindeutigen Antworten:<\/p>\n<p>Der Mensch braucht mehr zum Leben als eine materielle Rundumversorgung. Es geht um das Vertrauen auf einen liebenden Gott. Die Beziehung zu ihm l\u00e4sst sich nicht auf eine Kosten-Nutzen-Rechnung reduzieren, sondern Gott schenkt Leben, Liebe, aber auch Leid, Traurigkeit und Entt\u00e4uschung geh\u00f6ren zum Leben dazu.<\/p>\n<p>Auch wenn ich darauf vertrauen kann, dass Gott mich besch\u00fctzt, bin ich aufgerufen, verantwortlich mit mir, meinem Leben und meinen Beziehungen umzugehen und nicht ohne Absicherungen, sondern mit Vorsicht und R\u00fccksichtnahme zu leben.<\/p>\n<p>Gottes Macht ist seine werbende Liebe, er verlangt keine Unterwerfung, keinen Gehorsam, auch keine Anbetung, sondern er w\u00fcnscht sich, dass ich ihm mein Vertrauen schenke als Antwort auf seine Liebe. Das unterscheidet die Macht Gottes von den Machthabern dieser Welt und vor allem von der Macht des Satans.<\/p>\n<p>F\u00fcr den Evangelisten Matth\u00e4us ist klar: Mit Jesu Auftreten auf Erden ist die Macht des Satans ein f\u00fcr alle Mal begrenzt, Jesus durchschaut seine teuflischen Spiele und weist ihn in die Schranken.<\/p>\n<p>Das sagt uns auch das biblische Wort f\u00fcr diesen Sonntag zu (1.Johannes 3,8b):<br \/>\n\u201e<em>Dazu ist erschienen der Sohn Gottes, dass er die Werke des Teufels zerst\u00f6re.<\/em>\u201c<\/p>\n<p>Diese Erfahrung w\u00fcnsche ich uns f\u00fcr diese Passions- oder Fastenzeit: Die Versuchung und der Teufel haben letztlich keine Macht mehr \u00fcber uns, Gott und seine Liebe haben und behalten das letzte Wort!<\/p>\n<p><em>Euer Pfarrer Peter Gabriel<\/em><\/p>\n","protected":false},"excerpt":{"rendered":"<div class=\"mh-excerpt\"><p>[24.02.2023] 1. Sonntag der Passionszeit Liebe Mitglieder, Freundinnen und Freunde unserer Halleiner Pfarrgemeinde! Im Mittelpunkt des ersten Sonntags in der Passionszeit steht die Erz\u00e4hlung von der Versuchung Jesu in der W\u00fcste (Matth\u00e4us 4,1-11). Wer mag, <a class=\"mh-excerpt-more\" href=\"https:\/\/hallein-evangelisch.at\/wp\/?p=12619\" title=\"Sonntagsgru\u00df zum 26. Februar 2023\">[&#8230;]<\/a><\/p>\n<\/div>","protected":false},"author":8,"featured_media":12390,"comment_status":"closed","ping_status":"closed","sticky":false,"template":"","format":"standard","meta":{"footnotes":""},"categories":[84,102],"tags":[],"class_list":{"0":"post-12619","1":"post","2":"type-post","3":"status-publish","4":"format-standard","5":"has-post-thumbnail","7":"category-hauskirche","8":"category-sonntagsgruss"},"_links":{"self":[{"href":"https:\/\/hallein-evangelisch.at\/wp\/index.php?rest_route=\/wp\/v2\/posts\/12619","targetHints":{"allow":["GET"]}}],"collection":[{"href":"https:\/\/hallein-evangelisch.at\/wp\/index.php?rest_route=\/wp\/v2\/posts"}],"about":[{"href":"https:\/\/hallein-evangelisch.at\/wp\/index.php?rest_route=\/wp\/v2\/types\/post"}],"author":[{"embeddable":true,"href":"https:\/\/hallein-evangelisch.at\/wp\/index.php?rest_route=\/wp\/v2\/users\/8"}],"replies":[{"embeddable":true,"href":"https:\/\/hallein-evangelisch.at\/wp\/index.php?rest_route=%2Fwp%2Fv2%2Fcomments&post=12619"}],"version-history":[{"count":2,"href":"https:\/\/hallein-evangelisch.at\/wp\/index.php?rest_route=\/wp\/v2\/posts\/12619\/revisions"}],"predecessor-version":[{"id":12621,"href":"https:\/\/hallein-evangelisch.at\/wp\/index.php?rest_route=\/wp\/v2\/posts\/12619\/revisions\/12621"}],"wp:featuredmedia":[{"embeddable":true,"href":"https:\/\/hallein-evangelisch.at\/wp\/index.php?rest_route=\/wp\/v2\/media\/12390"}],"wp:attachment":[{"href":"https:\/\/hallein-evangelisch.at\/wp\/index.php?rest_route=%2Fwp%2Fv2%2Fmedia&parent=12619"}],"wp:term":[{"taxonomy":"category","embeddable":true,"href":"https:\/\/hallein-evangelisch.at\/wp\/index.php?rest_route=%2Fwp%2Fv2%2Fcategories&post=12619"},{"taxonomy":"post_tag","embeddable":true,"href":"https:\/\/hallein-evangelisch.at\/wp\/index.php?rest_route=%2Fwp%2Fv2%2Ftags&post=12619"}],"curies":[{"name":"wp","href":"https:\/\/api.w.org\/{rel}","templated":true}]}}