{"id":12694,"date":"2023-03-02T00:00:44","date_gmt":"2023-03-01T23:00:44","guid":{"rendered":"https:\/\/hallein-evangelisch.at\/wp\/?p=12694"},"modified":"2024-11-16T14:49:01","modified_gmt":"2024-11-16T13:49:01","slug":"krankenhausseelsorge-in-hallein-neu-aufgestellt","status":"publish","type":"post","link":"https:\/\/hallein-evangelisch.at\/wp\/?p=12694","title":{"rendered":"Krankenhausseelsorge in Hallein neu aufgestellt"},"content":{"rendered":"<p>[02.03.2023]<\/p>\n<figure id=\"attachment_15510\" aria-describedby=\"caption-attachment-15510\" style=\"width: 300px\" class=\"wp-caption alignright\"><img loading=\"lazy\" decoding=\"async\" class=\"size-thumbnail wp-image-15510\" src=\"https:\/\/hallein-evangelisch.at\/wp\/wp-content\/uploads\/2023\/03\/depression-300x220.jpg\" alt=\"\" width=\"300\" height=\"220\" srcset=\"https:\/\/hallein-evangelisch.at\/wp\/wp-content\/uploads\/2023\/03\/depression-300x220.jpg 300w, https:\/\/hallein-evangelisch.at\/wp\/wp-content\/uploads\/2023\/03\/depression-600x441.jpg 600w, https:\/\/hallein-evangelisch.at\/wp\/wp-content\/uploads\/2023\/03\/depression-1024x752.jpg 1024w, https:\/\/hallein-evangelisch.at\/wp\/wp-content\/uploads\/2023\/03\/depression-80x60.jpg 80w, https:\/\/hallein-evangelisch.at\/wp\/wp-content\/uploads\/2023\/03\/depression.jpg 1500w\" sizes=\"auto, (max-width: 300px) 100vw, 300px\" \/><figcaption id=\"caption-attachment-15510\" class=\"wp-caption-text\">Bild: Peter Weidemann<br \/>In: Pfarrbriefservice.de<\/figcaption><\/figure>\n<p>Nach ersten Gespr\u00e4chen im vergangenen Jahr hatten wir als Team mit unseren katholischen Kollegen im Januar zu einem Gespr\u00e4ch bei der Pflegedirektion unseres Halleiner Krankenhauses getroffen. Als Geistliche konnten wir unsere Ideen und konkreten Vorschl\u00e4ge f\u00fcr eine Neukonzeption der Seelsorge in \u00f6kumenischer Verantwortung zur Planung auf den Weg bringen. Die Motivation, im gesamten Haus unser Gespr\u00e4chs-Angebot sichtbarer und christlich-motivierte Begleitung niederschwelliger zu gestalten wurde von der Pflegedienstleitung gerne aufgenommen und seither tatkr\u00e4ftig unterst\u00fctzt.<\/p>\n<p>Seit Februar gehen evangelische und katholische Haupt- und Ehrenamtliche auf den Stationen von einem Zimmer zum anderen und wir wenden uns den Patient*innen zu \u2013 egal welchen Bekenntnisses. Die Pflegekr\u00e4fte sind \u00fcber unseren Dienst nicht nur informiert, sondern begegnen uns zudem von Zeit zu Zeit in Mitarbeiter-Sitzungen. Das erm\u00f6glicht einen transparenten Einblick und Austausch \u00fcber die M\u00f6glichkeiten der Seelsorge im Haus. Dar\u00fcber hinaus h\u00e4ngen auf den Stationen Infoplakate mit Fotos und Kontaktadressen von uns Geistlichen aus und in den hausinternen Newslettern sowie Ton- und Videokan\u00e4len werden wir mehr und mehr pr\u00e4sent sein.<\/p>\n<p>Wir wollen \u201eKirche bei den Menschen\u201c sein, Evangelium anbieten, wo der Bedarf und das Bed\u00fcrfnis nach Zuspruch, Hoffnung und Segen in besonderer Weise besteht. Gerne kann ein Gespr\u00e4chswunsch speziell mit uns Evangelischen ausdr\u00fccklich beim Pflegepersonal oder den katholischen Kolleg*innen ge\u00e4u\u00dfert werden \u2013 wir wollen f\u00fcr euch da sein!<\/p>\n<p><em>Jens-Daniel Mauer<\/em><\/p>\n","protected":false},"excerpt":{"rendered":"<div class=\"mh-excerpt\"><p>[02.03.2023] Nach ersten Gespr\u00e4chen im vergangenen Jahr hatten wir als Team mit unseren katholischen Kollegen im Januar zu einem Gespr\u00e4ch bei der Pflegedirektion unseres Halleiner Krankenhauses getroffen. Als Geistliche konnten wir unsere Ideen und konkreten <a class=\"mh-excerpt-more\" href=\"https:\/\/hallein-evangelisch.at\/wp\/?p=12694\" title=\"Krankenhausseelsorge in Hallein neu aufgestellt\">[&#8230;]<\/a><\/p>\n<\/div>","protected":false},"author":8,"featured_media":15510,"comment_status":"closed","ping_status":"closed","sticky":false,"template":"","format":"standard","meta":{"footnotes":""},"categories":[1],"tags":[],"class_list":{"0":"post-12694","1":"post","2":"type-post","3":"status-publish","4":"format-standard","5":"has-post-thumbnail","7":"category-allgemein"},"_links":{"self":[{"href":"https:\/\/hallein-evangelisch.at\/wp\/index.php?rest_route=\/wp\/v2\/posts\/12694","targetHints":{"allow":["GET"]}}],"collection":[{"href":"https:\/\/hallein-evangelisch.at\/wp\/index.php?rest_route=\/wp\/v2\/posts"}],"about":[{"href":"https:\/\/hallein-evangelisch.at\/wp\/index.php?rest_route=\/wp\/v2\/types\/post"}],"author":[{"embeddable":true,"href":"https:\/\/hallein-evangelisch.at\/wp\/index.php?rest_route=\/wp\/v2\/users\/8"}],"replies":[{"embeddable":true,"href":"https:\/\/hallein-evangelisch.at\/wp\/index.php?rest_route=%2Fwp%2Fv2%2Fcomments&post=12694"}],"version-history":[{"count":6,"href":"https:\/\/hallein-evangelisch.at\/wp\/index.php?rest_route=\/wp\/v2\/posts\/12694\/revisions"}],"predecessor-version":[{"id":15511,"href":"https:\/\/hallein-evangelisch.at\/wp\/index.php?rest_route=\/wp\/v2\/posts\/12694\/revisions\/15511"}],"wp:featuredmedia":[{"embeddable":true,"href":"https:\/\/hallein-evangelisch.at\/wp\/index.php?rest_route=\/wp\/v2\/media\/15510"}],"wp:attachment":[{"href":"https:\/\/hallein-evangelisch.at\/wp\/index.php?rest_route=%2Fwp%2Fv2%2Fmedia&parent=12694"}],"wp:term":[{"taxonomy":"category","embeddable":true,"href":"https:\/\/hallein-evangelisch.at\/wp\/index.php?rest_route=%2Fwp%2Fv2%2Fcategories&post=12694"},{"taxonomy":"post_tag","embeddable":true,"href":"https:\/\/hallein-evangelisch.at\/wp\/index.php?rest_route=%2Fwp%2Fv2%2Ftags&post=12694"}],"curies":[{"name":"wp","href":"https:\/\/api.w.org\/{rel}","templated":true}]}}