{"id":12721,"date":"2023-03-03T00:00:35","date_gmt":"2023-03-02T23:00:35","guid":{"rendered":"https:\/\/hallein-evangelisch.at\/wp\/?p=12721"},"modified":"2023-03-05T22:55:22","modified_gmt":"2023-03-05T21:55:22","slug":"kirche-kann-mehr","status":"publish","type":"post","link":"https:\/\/hallein-evangelisch.at\/wp\/?p=12721","title":{"rendered":"Kirche: Kann mehr"},"content":{"rendered":"<p>[03.03.2023]<\/p>\n<p><img loading=\"lazy\" decoding=\"async\" class=\"alignright size-thumbnail wp-image-12655\" src=\"https:\/\/hallein-evangelisch.at\/wp\/wp-content\/uploads\/2023\/02\/yvonne_ennsmann_2023-300x318.png\" alt=\"\" width=\"300\" height=\"318\" srcset=\"https:\/\/hallein-evangelisch.at\/wp\/wp-content\/uploads\/2023\/02\/yvonne_ennsmann_2023-300x318.png 300w, https:\/\/hallein-evangelisch.at\/wp\/wp-content\/uploads\/2023\/02\/yvonne_ennsmann_2023-600x636.png 600w, https:\/\/hallein-evangelisch.at\/wp\/wp-content\/uploads\/2023\/02\/yvonne_ennsmann_2023-966x1024.png 966w, https:\/\/hallein-evangelisch.at\/wp\/wp-content\/uploads\/2023\/02\/yvonne_ennsmann_2023.png 1232w\" sizes=\"auto, (max-width: 300px) 100vw, 300px\" \/>Ist bei Euch auch manchmal unter der Woche ganz viel los? So mit Lernen, Haus\u00fcbungen machen, Schule und dann noch der ganze Freizeitstress? Bei mir ist auch immer ganz viel los, obwohl ich nicht mehr in die Schule gehe. Dabei ist es immer wichtig, auch mal Zeit f\u00fcr sich zu haben und eine Zeit, in der man sich zur\u00fccklehnen kann, um mal \u201eaufatmen\u201c zu k\u00f6nnen, also zur Ruhe zu kommen \u2013 einmal am Tag einfach nichts tun, das ist sch\u00f6n, oder?<\/p>\n<p>Bei der Mutter von Alex ist das auch so. Die ganze Woche arbeitet sie, dann geht sie einkaufen, holt die Kinder von der Schule ab, kocht, macht die W\u00e4sche, putzt, hilft bei den Hausaufgaben und vieles mehr. So richtig Zeit findet sie dann nicht wirklich und wirkt immer nur gestresst, aber jeden Freitag und Sonntag ist das anders. \u201eAber warum ist das so?\u201c, fragt sich Alex. Also beschlie\u00dft er seine Mama danach zu fragen. \u201eDu Mama, warum bist du heute so gut gelaunt, gestern hattest du so viel zu tun, dass du keine Zeit f\u00fcr mich hattest und immer am Sonntag bist du so gelassen? \u201c \u201eNaja\u201c, antwortet seine Mama, \u201eich war heute Morgen schon im Gottesdienst, als du noch geschlafen hast.\u201c \u201eUnd was bitte ist an einem Gottesdienst so Besonderes?\u201c, fragt Alex weiter.<\/p>\n<p>Und so erz\u00e4hlt seine Mutter ihm, was ihr denn am Gottesdienst so viel Spa\u00df macht. Da waren die sch\u00f6ne Musik und die sch\u00f6nen Lieder, das Beten und Abendmahl feiern, aber auch die Ruhe und der Frieden dazwischen und nat\u00fcrlich die Predigt des Pfarrers, die immer zum Nachdenken anregt. \u201eAber wei\u00dft du, was mir auch besonders gut gef\u00e4llt? Die Menschen dort, die man trifft\u201c, sagt sie.<\/p>\n<p><img loading=\"lazy\" decoding=\"async\" class=\"size-thumbnail wp-image-12723 alignleft\" src=\"https:\/\/hallein-evangelisch.at\/wp\/wp-content\/uploads\/2023\/03\/kinder_spielen-300x213.png\" alt=\"\" width=\"300\" height=\"213\" srcset=\"https:\/\/hallein-evangelisch.at\/wp\/wp-content\/uploads\/2023\/03\/kinder_spielen-300x213.png 300w, https:\/\/hallein-evangelisch.at\/wp\/wp-content\/uploads\/2023\/03\/kinder_spielen-600x426.png 600w, https:\/\/hallein-evangelisch.at\/wp\/wp-content\/uploads\/2023\/03\/kinder_spielen-1024x727.png 1024w, https:\/\/hallein-evangelisch.at\/wp\/wp-content\/uploads\/2023\/03\/kinder_spielen.png 1288w\" sizes=\"auto, (max-width: 300px) 100vw, 300px\" \/>Alex bohrt nach: \u201eWie meinst du das?\u201c \u201eEs ist sch\u00f6n und gut, gleichgesinnte Menschen um sich herum zu haben, mit ihnen zu reden und Teil dieser Gemeinschaft zu sein\u201c, antwortet die Mutter, \u201eKirche ist eben nicht nur Gottesdienst und Abendmahl und die Frau Pfarrerin oder der Herr Pfarrer, Kirche bedeutet auch, zusammen sein, sich auszutauschen, miteinander lachen, vielleicht auch mal Kaffee zu trinken und Kuchen zu essen oder auch eine andere Veranstaltung zu besuchen. \u201c<\/p>\n<p>Alex staunt nicht schlecht. \u201eO.K. alles gut und sch\u00f6n, aber von welchen Veranstaltungen redest du? Gibt es da auch welche f\u00fcr uns Kids?\u201c Seine Mutter schmunzelt: \u201eNa klar gibt es die. Es gibt Vortr\u00e4ge und Kirchenmusik f\u00fcr die Erwachsenen und f\u00fcr Euch Kinder und Jugendliche ist auch etwas dabei. F\u00fcr dich zum Beispiel der Kinderclub.\u201c Alex schaut sie verwundert an, er hat noch nie vom Kinderclub geh\u00f6rt. Seine Mama erkennt es gleich und erz\u00e4hlt ihm, dass das jetzt etwas Neues ist und der einmal im Monat stattfindet. \u201eDort wird gespielt, gebastelt, miteinander gegessen und so weiter, du kannst es dir ja mal gerne beim n\u00e4chsten Treffen ansehen, wenn du willst, wer wei\u00df, vielleicht sind ja ein paar Kinder dabei, die du schon kennst. \u201c Alex \u00fcberlegt: \u201e Warum eigentlich nicht, kann ich da den Thomas oder den Sebastian auch mitnehmen?\u201c \u201eNat\u00fcrlich! Du musst es mir nur ein paar Tage vorher sagen, damit ich euch anmelden kann\u201c, l\u00e4chelt seine Mutter. \u201cSuper, die frag ich gleich morgen in der Schule!\u201c&#8230; Tja und wenn ihr jetzt auch Lust auf den \u201aKinderclub\u2018 bekommen habt, dann schaut einfach mal mit euren Eltern im Gemeindebrief nach, da findet ihr alle Termine und auch, wie ihr euch anmelden k\u00f6nnt! Es w\u00e4re sehr sch\u00f6n Euch dort begr\u00fc\u00dfen zu d\u00fcrfen.<\/p>\n<p><em>Eure Yvonne<\/em><\/p>\n","protected":false},"excerpt":{"rendered":"<div class=\"mh-excerpt\"><p>[03.03.2023] Ist bei Euch auch manchmal unter der Woche ganz viel los? So mit Lernen, Haus\u00fcbungen machen, Schule und dann noch der ganze Freizeitstress? Bei mir ist auch immer ganz viel los, obwohl ich nicht <a class=\"mh-excerpt-more\" href=\"https:\/\/hallein-evangelisch.at\/wp\/?p=12721\" title=\"Kirche: Kann mehr\">[&#8230;]<\/a><\/p>\n<\/div>","protected":false},"author":8,"featured_media":12786,"comment_status":"closed","ping_status":"closed","sticky":false,"template":"","format":"standard","meta":{"footnotes":""},"categories":[5],"tags":[],"class_list":{"0":"post-12721","1":"post","2":"type-post","3":"status-publish","4":"format-standard","5":"has-post-thumbnail","7":"category-kinder_jugend"},"_links":{"self":[{"href":"https:\/\/hallein-evangelisch.at\/wp\/index.php?rest_route=\/wp\/v2\/posts\/12721","targetHints":{"allow":["GET"]}}],"collection":[{"href":"https:\/\/hallein-evangelisch.at\/wp\/index.php?rest_route=\/wp\/v2\/posts"}],"about":[{"href":"https:\/\/hallein-evangelisch.at\/wp\/index.php?rest_route=\/wp\/v2\/types\/post"}],"author":[{"embeddable":true,"href":"https:\/\/hallein-evangelisch.at\/wp\/index.php?rest_route=\/wp\/v2\/users\/8"}],"replies":[{"embeddable":true,"href":"https:\/\/hallein-evangelisch.at\/wp\/index.php?rest_route=%2Fwp%2Fv2%2Fcomments&post=12721"}],"version-history":[{"count":2,"href":"https:\/\/hallein-evangelisch.at\/wp\/index.php?rest_route=\/wp\/v2\/posts\/12721\/revisions"}],"predecessor-version":[{"id":12724,"href":"https:\/\/hallein-evangelisch.at\/wp\/index.php?rest_route=\/wp\/v2\/posts\/12721\/revisions\/12724"}],"wp:featuredmedia":[{"embeddable":true,"href":"https:\/\/hallein-evangelisch.at\/wp\/index.php?rest_route=\/wp\/v2\/media\/12786"}],"wp:attachment":[{"href":"https:\/\/hallein-evangelisch.at\/wp\/index.php?rest_route=%2Fwp%2Fv2%2Fmedia&parent=12721"}],"wp:term":[{"taxonomy":"category","embeddable":true,"href":"https:\/\/hallein-evangelisch.at\/wp\/index.php?rest_route=%2Fwp%2Fv2%2Fcategories&post=12721"},{"taxonomy":"post_tag","embeddable":true,"href":"https:\/\/hallein-evangelisch.at\/wp\/index.php?rest_route=%2Fwp%2Fv2%2Ftags&post=12721"}],"curies":[{"name":"wp","href":"https:\/\/api.w.org\/{rel}","templated":true}]}}