{"id":12779,"date":"2023-03-03T09:32:00","date_gmt":"2023-03-03T08:32:00","guid":{"rendered":"https:\/\/hallein-evangelisch.at\/wp\/?p=12779"},"modified":"2023-03-03T09:32:00","modified_gmt":"2023-03-03T08:32:00","slug":"sonntagsgruss-zum-3-maerz-2023","status":"publish","type":"post","link":"https:\/\/hallein-evangelisch.at\/wp\/?p=12779","title":{"rendered":"Sonntagsgru\u00df zum 3. M\u00e4rz 2023"},"content":{"rendered":"<p>[03.03.2023]<\/p>\n<p>2. Sonntag der Passionszeit &#8211; Reminiszere<\/p>\n<p>Liebe Mitglieder, Freundinnen und Freunde unserer Halleiner Pfarrgemeinde!<\/p>\n<p><img loading=\"lazy\" decoding=\"async\" class=\"alignright wp-image-11663\" src=\"https:\/\/hallein-evangelisch.at\/wp\/wp-content\/uploads\/2022\/09\/peter_gabriel_7_F-485x600.png\" alt=\"\" width=\"300\" height=\"371\" srcset=\"https:\/\/hallein-evangelisch.at\/wp\/wp-content\/uploads\/2022\/09\/peter_gabriel_7_F-485x600.png 485w, https:\/\/hallein-evangelisch.at\/wp\/wp-content\/uploads\/2022\/09\/peter_gabriel_7_F-243x300.png 243w, https:\/\/hallein-evangelisch.at\/wp\/wp-content\/uploads\/2022\/09\/peter_gabriel_7_F.png 768w\" sizes=\"auto, (max-width: 300px) 100vw, 300px\" \/>Das Gleichnis von den Arbeitern im Weinberg (Markus 12,1-12) ist der Predigttext f\u00fcr diesen Sonntag mit Namen Reminiszere \u2013 er bezieht sich auf den Anfang von Psalm 25,6: \u201e<em>Gedenke, Herr, an deine Barmherzigkeit!<\/em>\u201c<\/p>\n<p>In der Erz\u00e4hlung Jesu begegnet mir jedoch ein ganz anderer Gott: zornig und bestrafend, weil seine Geduld am Ende ist.<\/p>\n<p>Dabei f\u00e4ngt alles so harmonisch an: ein Mensch erbaut einen wunderbaren Weinberg mit allem, was dazu geh\u00f6rt, und verpachtet ihn, damit er gehegt und gepflegt wird, um dann reiche Ernte zu bringen.<\/p>\n<p>Doch als der Weinbergbesitzer seinen Anteil des Ertrages erhalten m\u00f6chte, verweigern ihm die P\u00e4chter das. Ja mehr noch, die Knechte und Boten, die er zu ihnen schickt, werden geschlagen, geschm\u00e4ht, ja sogar get\u00f6tet. Zuletzt schickt er seinen eigenen Sohn, doch auch mit dem gehen sie nicht anders um und t\u00f6ten selbst ihn.<\/p>\n<p>Nun reicht es dem Weinbergbesitzer, er reagiert seinerseits mit Gewalt, bringt die Weing\u00e4rtner um und verpachtet seinen Weinberg neu.<\/p>\n<p>In seinen Gleichnissen beschreibt Jesus Vorg\u00e4nge und Begebenheiten aus seinem Alltag, die jedoch hindeuten, einen zweiten Blick er\u00f6ffnen auf andere Ereignisse. Letztlich geht es um das Verh\u00e4ltnis von uns Menschen zu Gott.<\/p>\n<p>F\u00fcr die Menschen j\u00fcdischen Glaubens ist der Weinberg seit alters ein Bild f\u00fcr das von Gott geliebte Volk Israel. Gott ist der Weing\u00e4rtner, der sich so r\u00fchrend um sein Volk sorgt. Doch in der Geschichte haben die Menschen sich immer wieder von Gott abgewendet, auf andere G\u00f6tter oder sich selbst vertraut. Die Propheten, die im Namen Gottes auf Unrecht hinweisen oder die Menschen zum Vertrauen auf Gott auffordern, werden nicht ernst genommen, verlacht, ja sogar get\u00f6tet.<\/p>\n<p>Auch Jesus wird von den Menschen seiner Zeit als Prophet, als Bote Gottes verstanden, als ganz besonders eng mit Gott verbunden, so wie ein Sohn. Sie k\u00f6nnten das Gleichnis Jesu so h\u00f6ren, dass er von sich selbst und seinem bevorstehenden Tod spricht.<\/p>\n<p>Denn durch seine neue, versch\u00e4rfte Auslegung der Gebote Gottes, durch sein Hinterfragen der religi\u00f6sen Autorit\u00e4ten und seine Ansage, dass jetzt Gottes Herrschaft angebrochen ist, st\u00f6rt er, ist unbequem \u2013 und schafft sich Gegner, ja Feinde.<\/p>\n<p>Aber ich k\u00f6nnte in der Jetztzeit den Weinberg auch als diese Erde verstehen, die Gott uns Menschen anvertraut hat. Wir sehr haben wir Gottes wunderbare Sch\u00f6pfung zerst\u00f6rt, viele Tierarten und Pflanzen ausgerottet, das Klima massiv gesch\u00e4digt?! Wird Gott uns irgendwann als P\u00e4chter entlassen, weil wir so schlecht mit seiner Welt umgehen?<\/p>\n<p>Die Passionszeit leitet mich an, mich auch solch provozierten Texten und unangenehmen Fragen zu stellen. Umdenken, Umkehren und auf Gott vertrauen \u2013 dazu wollen uns diese Wochen vor Ostern anleiten! Machen wir uns gemeinsam auf den Weg!<\/p>\n<p><em>Euer Pfarrer Peter Gabriel<\/em><\/p>\n","protected":false},"excerpt":{"rendered":"<div class=\"mh-excerpt\"><p>[03.03.2023] 2. Sonntag der Passionszeit &#8211; Reminiszere Liebe Mitglieder, Freundinnen und Freunde unserer Halleiner Pfarrgemeinde! Das Gleichnis von den Arbeitern im Weinberg (Markus 12,1-12) ist der Predigttext f\u00fcr diesen Sonntag mit Namen Reminiszere \u2013 er <a class=\"mh-excerpt-more\" href=\"https:\/\/hallein-evangelisch.at\/wp\/?p=12779\" title=\"Sonntagsgru\u00df zum 3. M\u00e4rz 2023\">[&#8230;]<\/a><\/p>\n<\/div>","protected":false},"author":8,"featured_media":12384,"comment_status":"closed","ping_status":"closed","sticky":false,"template":"","format":"standard","meta":{"footnotes":""},"categories":[84,102],"tags":[],"class_list":{"0":"post-12779","1":"post","2":"type-post","3":"status-publish","4":"format-standard","5":"has-post-thumbnail","7":"category-hauskirche","8":"category-sonntagsgruss"},"_links":{"self":[{"href":"https:\/\/hallein-evangelisch.at\/wp\/index.php?rest_route=\/wp\/v2\/posts\/12779","targetHints":{"allow":["GET"]}}],"collection":[{"href":"https:\/\/hallein-evangelisch.at\/wp\/index.php?rest_route=\/wp\/v2\/posts"}],"about":[{"href":"https:\/\/hallein-evangelisch.at\/wp\/index.php?rest_route=\/wp\/v2\/types\/post"}],"author":[{"embeddable":true,"href":"https:\/\/hallein-evangelisch.at\/wp\/index.php?rest_route=\/wp\/v2\/users\/8"}],"replies":[{"embeddable":true,"href":"https:\/\/hallein-evangelisch.at\/wp\/index.php?rest_route=%2Fwp%2Fv2%2Fcomments&post=12779"}],"version-history":[{"count":3,"href":"https:\/\/hallein-evangelisch.at\/wp\/index.php?rest_route=\/wp\/v2\/posts\/12779\/revisions"}],"predecessor-version":[{"id":12782,"href":"https:\/\/hallein-evangelisch.at\/wp\/index.php?rest_route=\/wp\/v2\/posts\/12779\/revisions\/12782"}],"wp:featuredmedia":[{"embeddable":true,"href":"https:\/\/hallein-evangelisch.at\/wp\/index.php?rest_route=\/wp\/v2\/media\/12384"}],"wp:attachment":[{"href":"https:\/\/hallein-evangelisch.at\/wp\/index.php?rest_route=%2Fwp%2Fv2%2Fmedia&parent=12779"}],"wp:term":[{"taxonomy":"category","embeddable":true,"href":"https:\/\/hallein-evangelisch.at\/wp\/index.php?rest_route=%2Fwp%2Fv2%2Fcategories&post=12779"},{"taxonomy":"post_tag","embeddable":true,"href":"https:\/\/hallein-evangelisch.at\/wp\/index.php?rest_route=%2Fwp%2Fv2%2Ftags&post=12779"}],"curies":[{"name":"wp","href":"https:\/\/api.w.org\/{rel}","templated":true}]}}