{"id":13139,"date":"2022-12-31T09:53:10","date_gmt":"2022-12-31T08:53:10","guid":{"rendered":"https:\/\/hallein-evangelisch.at\/wp\/?p=13139"},"modified":"2024-11-16T14:54:09","modified_gmt":"2024-11-16T13:54:09","slug":"fastenaktion-2002-2023","status":"publish","type":"post","link":"https:\/\/hallein-evangelisch.at\/wp\/?p=13139","title":{"rendered":"Fastenaktion 2002-2023"},"content":{"rendered":"<p>[15.11.2023]<\/p>\n<p>Hier k\u00f6nnen Sie alle verf\u00fcgbaren Aktionsplakate ab dem Jahr 2002 nachlesen. Die \u00e4lteren Exemplare sind leider nicht mehr verf\u00fcgbar.<\/p>\n<p>(Beitragsbild: Sylvio Kr\u00fcger \/ Pfarrbriefservice.de)<\/p>\n<a href=\"https:\/\/hallein-evangelisch.at\/wp\/wp-content\/uploads\/2023\/04\/FA_2002-2023.pdf\" class=\"pdfemb-viewer\" style=\"\" data-width=\"max\" data-height=\"max\" data-toolbar=\"bottom\" data-toolbar-fixed=\"on\">FA_2002-2023<\/a>\n","protected":false},"excerpt":{"rendered":"<div class=\"mh-excerpt\"><p>[15.11.2023] Hier k\u00f6nnen Sie alle verf\u00fcgbaren Aktionsplakate ab dem Jahr 2002 nachlesen. Die \u00e4lteren Exemplare sind leider nicht mehr verf\u00fcgbar. (Beitragsbild: Sylvio Kr\u00fcger \/ Pfarrbriefservice.de)<\/p>\n<\/div>","protected":false},"author":8,"featured_media":15513,"comment_status":"closed","ping_status":"closed","sticky":false,"template":"","format":"standard","meta":{"footnotes":""},"categories":[18],"tags":[],"class_list":{"0":"post-13139","1":"post","2":"type-post","3":"status-publish","4":"format-standard","5":"has-post-thumbnail","7":"category-fastenaktion-archiv"},"_links":{"self":[{"href":"https:\/\/hallein-evangelisch.at\/wp\/index.php?rest_route=\/wp\/v2\/posts\/13139","targetHints":{"allow":["GET"]}}],"collection":[{"href":"https:\/\/hallein-evangelisch.at\/wp\/index.php?rest_route=\/wp\/v2\/posts"}],"about":[{"href":"https:\/\/hallein-evangelisch.at\/wp\/index.php?rest_route=\/wp\/v2\/types\/post"}],"author":[{"embeddable":true,"href":"https:\/\/hallein-evangelisch.at\/wp\/index.php?rest_route=\/wp\/v2\/users\/8"}],"replies":[{"embeddable":true,"href":"https:\/\/hallein-evangelisch.at\/wp\/index.php?rest_route=%2Fwp%2Fv2%2Fcomments&post=13139"}],"version-history":[{"count":3,"href":"https:\/\/hallein-evangelisch.at\/wp\/index.php?rest_route=\/wp\/v2\/posts\/13139\/revisions"}],"predecessor-version":[{"id":15514,"href":"https:\/\/hallein-evangelisch.at\/wp\/index.php?rest_route=\/wp\/v2\/posts\/13139\/revisions\/15514"}],"wp:featuredmedia":[{"embeddable":true,"href":"https:\/\/hallein-evangelisch.at\/wp\/index.php?rest_route=\/wp\/v2\/media\/15513"}],"wp:attachment":[{"href":"https:\/\/hallein-evangelisch.at\/wp\/index.php?rest_route=%2Fwp%2Fv2%2Fmedia&parent=13139"}],"wp:term":[{"taxonomy":"category","embeddable":true,"href":"https:\/\/hallein-evangelisch.at\/wp\/index.php?rest_route=%2Fwp%2Fv2%2Fcategories&post=13139"},{"taxonomy":"post_tag","embeddable":true,"href":"https:\/\/hallein-evangelisch.at\/wp\/index.php?rest_route=%2Fwp%2Fv2%2Ftags&post=13139"}],"curies":[{"name":"wp","href":"https:\/\/api.w.org\/{rel}","templated":true}]}}