{"id":13321,"date":"2023-06-29T00:00:59","date_gmt":"2023-06-28T22:00:59","guid":{"rendered":"https:\/\/hallein-evangelisch.at\/wp\/?p=13321"},"modified":"2024-11-16T14:39:36","modified_gmt":"2024-11-16T13:39:36","slug":"brueckenbauen-2","status":"publish","type":"post","link":"https:\/\/hallein-evangelisch.at\/wp\/?p=13321","title":{"rendered":"Br\u00fcckenbauen (2)"},"content":{"rendered":"<p>[2023-06-29]<\/p>\n<figure id=\"attachment_13325\" aria-describedby=\"caption-attachment-13325\" style=\"width: 300px\" class=\"wp-caption alignright\"><img loading=\"lazy\" decoding=\"async\" class=\"wp-image-13325 size-thumbnail\" src=\"https:\/\/hallein-evangelisch.at\/wp\/wp-content\/uploads\/2023\/06\/Mario_El_Fakih-300x206.jpg\" alt=\"\" width=\"300\" height=\"206\" srcset=\"https:\/\/hallein-evangelisch.at\/wp\/wp-content\/uploads\/2023\/06\/Mario_El_Fakih-300x206.jpg 300w, https:\/\/hallein-evangelisch.at\/wp\/wp-content\/uploads\/2023\/06\/Mario_El_Fakih.jpg 598w\" sizes=\"auto, (max-width: 300px) 100vw, 300px\" \/><figcaption id=\"caption-attachment-13325\" class=\"wp-caption-text\">Mario El Fakih<\/figcaption><\/figure>\n<p>Diesmal ist mein Diakonie-Betrag ein sehr musikalischer \u2013 aus gutem Grund: Seit 2017 geh\u00f6re ich jener Chorgemeinschaft an, die \u201eBr\u00fcckenbauerin\u201c in vielerlei Hinsicht ist. Geleitet wird der Chor von dem Kubaner Mario El Fakih, organisiert von Birgit Lindner \u2013 sie ist Mitglied unserer Pfarrgemeinde Hallein und Bezirks-Chorverbandsleiterin der Stadt Salzburg.<\/p>\n<p>Dass gemeinsames Musizieren und Singen in besonderer Art und Weise verbindet, k\u00f6nnen wir in vielf\u00e4ltiger Weise auch in unserer eigenen Pfarrgemeinde sp\u00fcren. Unter Mario wurde \u201edas Br\u00fcckenbauen\u201c aber weit \u00fcber unseren Kontinent hinaus verwirklicht, allen \u201eHindernissen\u201c zum Trotz \u2013 dar\u00fcber dann untenstehend mehr!<\/p>\n<p>Und welchen Bezug hat die Musik zum diakonischen Wirken in unserer Pfarrgemeinde? Es ist das \u201e<strong>Br\u00fccken bauen<\/strong>\u201c- das \u201e<strong>mit in Beziehung gehen<\/strong>\u201c: Beim Singen und Musizieren ist es fast so, als ob die Br\u00fccke von selber entsteht: Einmal vom Zauber der Musik gefangen, kann ich nicht anders, als gemeinsam ihrem Klang zu erliegen. Im Rahmen meiner vielen Gespr\u00e4che mit Menschen, die ihre Sorgen und N\u00f6te mit mir teilen, \u00fcberbr\u00fccken gutes Zuh\u00f6ren und das Wertsch\u00e4tzen des Anderen \u2013 einander anzunehmen, wie man ist \u2013 anf\u00e4ngliche Unsicherheiten. Die H\u00fcrde, um Hilfe zu bitten, ist nach wie vor f\u00fcr viele Menschen (zu) gro\u00df. Durch das <strong>gemeinsame Br\u00fcckenbauen<\/strong> wird diese H\u00fcrde \u00fcberwindbar(er) \u2013 damit dies noch besser als bisher gelingt, haben wir unser DaLeTe-Projekt gestartet!<\/p>\n<h3>\u201eKulturbr\u00fccke &#8211; Puente de Culturas 2023\u201c Kuba trifft Salzburg<\/h3>\n<p>Wie baut man eine Br\u00fccke von Salzburg nach Kuba? Ganz einfach: mit einem engagierten, \u00fcberaus talentierten jungen Mann aus Kuba, der am Mozarteum Salzburg Orchester- und Chorleitung studiert und einem Chor, der auf der Suche nach einem Chorleiter ist. Dieses wegweisende Zusammentreffen fand im Herbst 2013 statt.<\/p>\n<p>Dann, nach 3 Jahren Chorleitert\u00e4tigkeit in der Chorgemeinschaft Leopoldskron-Moos und dem Abschluss seines Studiums, musste Mario El Fakih berufsbedingt nach Deutschland \u00fcbersiedeln. Dennoch wollte er auch weiterhin \u201eseinem Chor\u201c verbunden bleiben. So f\u00fchrte Marios Angebot, 1x pro Monat gemeinsam zu proben und das erarbeitete Liedgut in Konzerten u.a. auch in Kuba zu pr\u00e4sentieren, zur Gr\u00fcndung des \u201eCuba Projekt-Chor\u201c.<\/p>\n<p>Die Kubareise im Oktober 2018 &#8211; mit gemeinsamen Workshops und Auftritten mit Ch\u00f6ren in Havanna und Matanzas \u2013 war der bisherige H\u00f6hepunkt dieser Chorgemeinschaft. Und obwohl Mario zwischenzeitlich zum Chordirektor am Stadttheater Bremerhaven berufen wurde, riss die Verbindung zu \u201eseinem Salzburger Chor\u201c nicht ab &#8211; f\u00fcr die monatlichen Proben nahm er gerne 10 Stunden Zugfahrt f\u00fcr das weiterf\u00fchrende Projekt \u201eEin Bolero f\u00fcr Salzburg\u201c mit dem Abschlusskonzert auf der Festung Hohensalzburg im Juni 2019 in Kauf. Aus dieser musikalischen Verbundenheit heraus entstand die Idee zur \u201eKulturbr\u00fccke\u201c:<\/p>\n<p style=\"padding-left: 40px;\"><em>Musikalischer Austausch<\/em>, der keine Grenzen kennt \u2013 weder r\u00e4umliche noch zeitliche und der mit jeder Note die Botschaft \u00fcbermittelt, dass gemeinsames Musizieren alle Menschen verbindet, egal, wie unterschiedlich sie auch sein m\u00f6gen.<\/p>\n<figure id=\"attachment_13326\" aria-describedby=\"caption-attachment-13326\" style=\"width: 300px\" class=\"wp-caption alignright\"><img loading=\"lazy\" decoding=\"async\" class=\"wp-image-13326 size-thumbnail\" src=\"https:\/\/hallein-evangelisch.at\/wp\/wp-content\/uploads\/2023\/06\/Prof_Dr_Mendez-300x328.jpg\" alt=\"\" width=\"300\" height=\"328\" srcset=\"https:\/\/hallein-evangelisch.at\/wp\/wp-content\/uploads\/2023\/06\/Prof_Dr_Mendez-300x328.jpg 300w, https:\/\/hallein-evangelisch.at\/wp\/wp-content\/uploads\/2023\/06\/Prof_Dr_Mendez.jpg 598w\" sizes=\"auto, (max-width: 300px) 100vw, 300px\" \/><figcaption id=\"caption-attachment-13326\" class=\"wp-caption-text\">Prof. Dr. Mendez<\/figcaption><\/figure>\n<p>Dass nach vielen verbindenden Vorw\u00e4rtsschritten zwischendurch auch \u201eR\u00fcckschritte\u201c und Niederlagen einzustecken sind, hat auch dieser Chor erfahren m\u00fcssen. Denn die urspr\u00fcngliche Planung, den Kammerchor aus Matanzas nach Salzburg einzuladen, ist \u2013 nach Verz\u00f6gerung durch 2 Jahre Pandemie \u2013 nicht mehr umzusetzen. Umso mehr freuen wir uns, zumindest den Leiter dieses Chores, Prof. Dr. M\u00e9ndez, als Gast bei uns in Salzburg begr\u00fc\u00dfen zu d\u00fcrfen. Die Urauff\u00fchrung der Kubanischen Messe \u201eMisa Cubana\u201c von Jos\u00e9 Maria Vitier, findet am<\/p>\n<p><strong>1. Juli 2023, 18.30 Uhr in unserer Evang. Schaitbergerkirche Hallein<\/strong>, statt.<\/p>\n<p><strong>Weitere Konzerttermine<\/strong> sind dem in unserer Pfarrgemeinde Hallein ausgeh\u00e4ngtem Plakat zu entnehmen. Prof. Dr. M\u00e9ndez und Mario El Fakih werden uns (musikalische) Einblicke in ihre kubanische Kultur gew\u00e4hren.<\/p>\n<a href=\"https:\/\/hallein-evangelisch.at\/wp\/wp-content\/uploads\/2023\/06\/kulturbruecke_23_flyer.pdf\" class=\"pdfemb-viewer\" style=\"\" data-width=\"max\" data-height=\"max\" data-toolbar=\"bottom\" data-toolbar-fixed=\"on\">kulturbru\u0308cke_23_flyer<\/a>\n<p>&nbsp;<\/p>\n<p><em>Diakoniebeauftragte Edda B\u00f6hm-Ingram<\/em><\/p>\n<p>(Beitragsbild: Yohanes Vianey Lein \/ Pfarrbriefservice.de)<\/p>\n","protected":false},"excerpt":{"rendered":"<div class=\"mh-excerpt\"><p>[2023-06-29] Diesmal ist mein Diakonie-Betrag ein sehr musikalischer \u2013 aus gutem Grund: Seit 2017 geh\u00f6re ich jener Chorgemeinschaft an, die \u201eBr\u00fcckenbauerin\u201c in vielerlei Hinsicht ist. Geleitet wird der Chor von dem Kubaner Mario El Fakih, <a class=\"mh-excerpt-more\" href=\"https:\/\/hallein-evangelisch.at\/wp\/?p=13321\" title=\"Br\u00fcckenbauen (2)\">[&#8230;]<\/a><\/p>\n<\/div>","protected":false},"author":8,"featured_media":15497,"comment_status":"closed","ping_status":"closed","sticky":false,"template":"","format":"standard","meta":{"footnotes":""},"categories":[4],"tags":[],"class_list":{"0":"post-13321","1":"post","2":"type-post","3":"status-publish","4":"format-standard","5":"has-post-thumbnail","7":"category-gedanken"},"_links":{"self":[{"href":"https:\/\/hallein-evangelisch.at\/wp\/index.php?rest_route=\/wp\/v2\/posts\/13321","targetHints":{"allow":["GET"]}}],"collection":[{"href":"https:\/\/hallein-evangelisch.at\/wp\/index.php?rest_route=\/wp\/v2\/posts"}],"about":[{"href":"https:\/\/hallein-evangelisch.at\/wp\/index.php?rest_route=\/wp\/v2\/types\/post"}],"author":[{"embeddable":true,"href":"https:\/\/hallein-evangelisch.at\/wp\/index.php?rest_route=\/wp\/v2\/users\/8"}],"replies":[{"embeddable":true,"href":"https:\/\/hallein-evangelisch.at\/wp\/index.php?rest_route=%2Fwp%2Fv2%2Fcomments&post=13321"}],"version-history":[{"count":6,"href":"https:\/\/hallein-evangelisch.at\/wp\/index.php?rest_route=\/wp\/v2\/posts\/13321\/revisions"}],"predecessor-version":[{"id":15504,"href":"https:\/\/hallein-evangelisch.at\/wp\/index.php?rest_route=\/wp\/v2\/posts\/13321\/revisions\/15504"}],"wp:featuredmedia":[{"embeddable":true,"href":"https:\/\/hallein-evangelisch.at\/wp\/index.php?rest_route=\/wp\/v2\/media\/15497"}],"wp:attachment":[{"href":"https:\/\/hallein-evangelisch.at\/wp\/index.php?rest_route=%2Fwp%2Fv2%2Fmedia&parent=13321"}],"wp:term":[{"taxonomy":"category","embeddable":true,"href":"https:\/\/hallein-evangelisch.at\/wp\/index.php?rest_route=%2Fwp%2Fv2%2Fcategories&post=13321"},{"taxonomy":"post_tag","embeddable":true,"href":"https:\/\/hallein-evangelisch.at\/wp\/index.php?rest_route=%2Fwp%2Fv2%2Ftags&post=13321"}],"curies":[{"name":"wp","href":"https:\/\/api.w.org\/{rel}","templated":true}]}}