{"id":13329,"date":"2023-07-03T00:00:33","date_gmt":"2023-07-02T22:00:33","guid":{"rendered":"https:\/\/hallein-evangelisch.at\/wp\/?p=13329"},"modified":"2024-11-16T14:38:53","modified_gmt":"2024-11-16T13:38:53","slug":"brueckenbauen-3-buchvorstellung","status":"publish","type":"post","link":"https:\/\/hallein-evangelisch.at\/wp\/?p=13329","title":{"rendered":"Br\u00fcckenbauen (3) \u2013 Buchvorstellung"},"content":{"rendered":"<p>[03.07.2023]<\/p>\n<h3>Ivo Andric: Die Br\u00fccke \u00fcber die Drina<\/h3>\n<p><img loading=\"lazy\" decoding=\"async\" class=\"alignright size-full wp-image-11655\" src=\"https:\/\/hallein-evangelisch.at\/wp\/wp-content\/uploads\/2022\/07\/schwaiger_hartmut_F.png\" alt=\"\" width=\"237\" height=\"290\" \/>Wenn man davon spricht (und tr\u00e4umt), dass die Menschen immer wieder daran arbeiten, &#8222;Br\u00fccken zu bauen&#8220;, um Wege zueinander zu finden, dann denkt man im Bereich der Literatur unwillk\u00fcrlich an ein Werk, das diesen Gedanken im Titel tr\u00e4gt: &#8222;Die Br\u00fccke \u00fcber die Drina&#8220; von Ivo Andric. Andric wurde 1961 mit dem Literaturnobelpreis ausgezeichnet, und dieses Werk trug wesentlich zu dieser Preisverleihung bei. Er selbst studierte Geschichte und slawische Sprachen in Zagreb, war geb\u00fcrtiger Bosnier und promovierte in Graz. Beruflich war er als Diplomat t\u00e4tig, unter anderem als Botschafter Jugoslawiens in Berlin.<\/p>\n<p>Die Handlung des Romans beginnt mit dem Bau der Br\u00fccke bei Visegrad \u00fcber die Drina, die vom damaligen Gro\u00dfwesir Sokollu Mehmed Pascha im 16. Jahrhundert in Auftrag gegeben wurde. Die tiefere Absicht dieses Baus war die Verbindung von Orient und Okzident, die Verbindung des Osmanischen Reiches mit dem sp\u00e4teren Bosnien-Herzegowina. Das Ende des Romans findet statt mit dem Beginn des Ersten Weltkriegs und dem Aufbau der Front in Visegrad w\u00e4hrend dieses schrecklichen Krieges, in dessen Folge die sich vor den Serben zur\u00fcckziehende \u00f6sterreichische Armee die Br\u00fccke sprengt. Am Anfang steht also der Gedanke der V\u00f6lkerverbindung&#8230; am Ende die Zerst\u00f6rung alles Verbindenden zwischen den V\u00f6lkern.<\/p>\n<p>Entscheidend f\u00fcr die Handlung ist stets der kulturelle Hintergrund der in Visegrad lebenden Bev\u00f6lkerung, die sich &#8211; wie so oft in diesen Regionen des Balkans &#8211; durch eine enorme kulturelle und religi\u00f6se Vielfalt auszeichnet. In einer leidenschaftslosen Sprache zeichnet Andric das Geschehen in der Stadt \u00fcber die Jahrhunderte hinweg nach und entwirft dabei ein Bild vom Zusammenleben der Nationen und Kulturen mit allen H\u00f6hen- und Tiefpunkten.<\/p>\n<p>Stets schwingt die Sehnsucht mit, dass dieses Zusammenleben gelingen kann und gelingen m\u00f6ge. Schonungslos zeigt es aber auch auf, was dieser Sehnsucht, diesem Wunsch entgegensteht. Wenn man dieses Werk aus der gegenw\u00e4rtigen Perspektive liest, dann merkt man schnell, wie zeitlos es ist. Wie pr\u00e4zise es uns vor Augen f\u00fchrt, was das Zusammenleben der Menschen gelingen und was es scheitern l\u00e4sst.<\/p>\n<p>Und gleichzeitig ist es ein h\u00f6chst spannendes geschichtliches Werk, in dem die Leser*innen einen Einblick in \u00fcber vier Jahrhunderte Geschichte bekommen. Getragen wird dieser geschichtliche Einblick von vielen kleinen, oft allt\u00e4glichen Ereignissen in der Stadt und auf der Br\u00fccke. Dort begegnen sich all jene Menschen als Mit-Menschen, die mal eintr\u00e4chtig zusammenleben und dann wieder gegeneinander arbeiten und k\u00e4mpfen. In ihrem kleinen Kosmos spiegelt sich der gro\u00dfe Kosmos des Weltgeschehens.<\/p>\n<p>Es w\u00e4re vielleicht falsch, in diesem Zusammenhang das Wort &#8222;Lesevergn\u00fcgen&#8220; zu verwenden, aber lesenswert ist &#8222;Die Br\u00fccke \u00fcber die Drina&#8220; in jedem Fall.<\/p>\n<p><em>Hartmut Schwaiger<\/em><\/p>\n<p>(Beitragsbild: Yohanes Vianey Lein \/ Pfarrbriefservice.de)<\/p>\n","protected":false},"excerpt":{"rendered":"<div class=\"mh-excerpt\"><p>[03.07.2023] Ivo Andric: Die Br\u00fccke \u00fcber die Drina Wenn man davon spricht (und tr\u00e4umt), dass die Menschen immer wieder daran arbeiten, &#8222;Br\u00fccken zu bauen&#8220;, um Wege zueinander zu finden, dann denkt man im Bereich der <a class=\"mh-excerpt-more\" href=\"https:\/\/hallein-evangelisch.at\/wp\/?p=13329\" title=\"Br\u00fcckenbauen (3) \u2013 Buchvorstellung\">[&#8230;]<\/a><\/p>\n<\/div>","protected":false},"author":8,"featured_media":15497,"comment_status":"closed","ping_status":"closed","sticky":false,"template":"","format":"standard","meta":{"footnotes":""},"categories":[4],"tags":[],"class_list":{"0":"post-13329","1":"post","2":"type-post","3":"status-publish","4":"format-standard","5":"has-post-thumbnail","7":"category-gedanken"},"_links":{"self":[{"href":"https:\/\/hallein-evangelisch.at\/wp\/index.php?rest_route=\/wp\/v2\/posts\/13329","targetHints":{"allow":["GET"]}}],"collection":[{"href":"https:\/\/hallein-evangelisch.at\/wp\/index.php?rest_route=\/wp\/v2\/posts"}],"about":[{"href":"https:\/\/hallein-evangelisch.at\/wp\/index.php?rest_route=\/wp\/v2\/types\/post"}],"author":[{"embeddable":true,"href":"https:\/\/hallein-evangelisch.at\/wp\/index.php?rest_route=\/wp\/v2\/users\/8"}],"replies":[{"embeddable":true,"href":"https:\/\/hallein-evangelisch.at\/wp\/index.php?rest_route=%2Fwp%2Fv2%2Fcomments&post=13329"}],"version-history":[{"count":3,"href":"https:\/\/hallein-evangelisch.at\/wp\/index.php?rest_route=\/wp\/v2\/posts\/13329\/revisions"}],"predecessor-version":[{"id":15503,"href":"https:\/\/hallein-evangelisch.at\/wp\/index.php?rest_route=\/wp\/v2\/posts\/13329\/revisions\/15503"}],"wp:featuredmedia":[{"embeddable":true,"href":"https:\/\/hallein-evangelisch.at\/wp\/index.php?rest_route=\/wp\/v2\/media\/15497"}],"wp:attachment":[{"href":"https:\/\/hallein-evangelisch.at\/wp\/index.php?rest_route=%2Fwp%2Fv2%2Fmedia&parent=13329"}],"wp:term":[{"taxonomy":"category","embeddable":true,"href":"https:\/\/hallein-evangelisch.at\/wp\/index.php?rest_route=%2Fwp%2Fv2%2Fcategories&post=13329"},{"taxonomy":"post_tag","embeddable":true,"href":"https:\/\/hallein-evangelisch.at\/wp\/index.php?rest_route=%2Fwp%2Fv2%2Ftags&post=13329"}],"curies":[{"name":"wp","href":"https:\/\/api.w.org\/{rel}","templated":true}]}}