{"id":13332,"date":"2023-07-04T00:00:23","date_gmt":"2023-07-03T22:00:23","guid":{"rendered":"https:\/\/hallein-evangelisch.at\/wp\/?p=13332"},"modified":"2024-11-16T14:38:19","modified_gmt":"2024-11-16T13:38:19","slug":"brueckenbauen-4","status":"publish","type":"post","link":"https:\/\/hallein-evangelisch.at\/wp\/?p=13332","title":{"rendered":"Br\u00fcckenbauen (4)"},"content":{"rendered":"<p>[04.07.2023]<\/p>\n<h3>Br\u00fccken bauen im Alltag<\/h3>\n<p><img loading=\"lazy\" decoding=\"async\" class=\"alignright wp-image-9856\" src=\"https:\/\/hallein-evangelisch.at\/wp\/wp-content\/uploads\/2021\/09\/karin_landwehr_2021a.png\" alt=\"\" width=\"300\" height=\"388\" srcset=\"https:\/\/hallein-evangelisch.at\/wp\/wp-content\/uploads\/2021\/09\/karin_landwehr_2021a.png 586w, https:\/\/hallein-evangelisch.at\/wp\/wp-content\/uploads\/2021\/09\/karin_landwehr_2021a-464x600.png 464w\" sizes=\"auto, (max-width: 300px) 100vw, 300px\" \/>K\u00fcrzlich bin ich einer Gruppe von Menschen mit Beeintr\u00e4chtigung begegnet. In dieser Gruppe hat sich eine Frau so etwas von kaputtgelacht. Der Betreuerin war das, so kam es mir vor, etwas unangenehm. Aber in mir hat es etwas ausgel\u00f6st, so dass ich auch von Herzen lachen musste.<\/p>\n<p>Pl\u00f6tzlich mussten alle lachen, und es ist so etwas wie eine \u201eBr\u00fccke\u201c in unserem gemeinsamen Lachen entstanden.<br \/>\nVielleicht sollten wir einfach mal wieder den Menschen, denen wir begegnen, in die Augen schauen und offener entgegentreten. Oftmals entstehen dadurch kleinere \u201eBr\u00fccken\u201c, wie oben beschrieben.<\/p>\n<p>Ich glaube, Menschen mit Beeintr\u00e4chtigung und besonders Kinder, sind ganz besondere Menschen, mit denen uns eine solche Situation leichter f\u00e4llt. Auch mit Singen und Musizieren l\u00e4sst sich mit allen Menschen gut Br\u00fccken bauen und es entsteht eine besondere zwischenmenschliche Beziehung.<\/p>\n<p><em>Karin Landwehr<\/em><\/p>\n<p>(Beitragsbild: Yohanes Vianey Lein \/ Pfarrbriefservice.de)<\/p>\n","protected":false},"excerpt":{"rendered":"<div class=\"mh-excerpt\"><p>[04.07.2023] Br\u00fccken bauen im Alltag K\u00fcrzlich bin ich einer Gruppe von Menschen mit Beeintr\u00e4chtigung begegnet. In dieser Gruppe hat sich eine Frau so etwas von kaputtgelacht. Der Betreuerin war das, so kam es mir vor, <a class=\"mh-excerpt-more\" href=\"https:\/\/hallein-evangelisch.at\/wp\/?p=13332\" title=\"Br\u00fcckenbauen (4)\">[&#8230;]<\/a><\/p>\n<\/div>","protected":false},"author":8,"featured_media":15497,"comment_status":"closed","ping_status":"closed","sticky":false,"template":"","format":"standard","meta":{"footnotes":""},"categories":[4],"tags":[],"class_list":{"0":"post-13332","1":"post","2":"type-post","3":"status-publish","4":"format-standard","5":"has-post-thumbnail","7":"category-gedanken"},"_links":{"self":[{"href":"https:\/\/hallein-evangelisch.at\/wp\/index.php?rest_route=\/wp\/v2\/posts\/13332","targetHints":{"allow":["GET"]}}],"collection":[{"href":"https:\/\/hallein-evangelisch.at\/wp\/index.php?rest_route=\/wp\/v2\/posts"}],"about":[{"href":"https:\/\/hallein-evangelisch.at\/wp\/index.php?rest_route=\/wp\/v2\/types\/post"}],"author":[{"embeddable":true,"href":"https:\/\/hallein-evangelisch.at\/wp\/index.php?rest_route=\/wp\/v2\/users\/8"}],"replies":[{"embeddable":true,"href":"https:\/\/hallein-evangelisch.at\/wp\/index.php?rest_route=%2Fwp%2Fv2%2Fcomments&post=13332"}],"version-history":[{"count":3,"href":"https:\/\/hallein-evangelisch.at\/wp\/index.php?rest_route=\/wp\/v2\/posts\/13332\/revisions"}],"predecessor-version":[{"id":15502,"href":"https:\/\/hallein-evangelisch.at\/wp\/index.php?rest_route=\/wp\/v2\/posts\/13332\/revisions\/15502"}],"wp:featuredmedia":[{"embeddable":true,"href":"https:\/\/hallein-evangelisch.at\/wp\/index.php?rest_route=\/wp\/v2\/media\/15497"}],"wp:attachment":[{"href":"https:\/\/hallein-evangelisch.at\/wp\/index.php?rest_route=%2Fwp%2Fv2%2Fmedia&parent=13332"}],"wp:term":[{"taxonomy":"category","embeddable":true,"href":"https:\/\/hallein-evangelisch.at\/wp\/index.php?rest_route=%2Fwp%2Fv2%2Fcategories&post=13332"},{"taxonomy":"post_tag","embeddable":true,"href":"https:\/\/hallein-evangelisch.at\/wp\/index.php?rest_route=%2Fwp%2Fv2%2Ftags&post=13332"}],"curies":[{"name":"wp","href":"https:\/\/api.w.org\/{rel}","templated":true}]}}