{"id":13347,"date":"2023-07-05T00:00:50","date_gmt":"2023-07-04T22:00:50","guid":{"rendered":"https:\/\/hallein-evangelisch.at\/wp\/?p=13347"},"modified":"2024-11-16T14:37:40","modified_gmt":"2024-11-16T13:37:40","slug":"brueckenbauen-5-solidaritaet-als-bruecke","status":"publish","type":"post","link":"https:\/\/hallein-evangelisch.at\/wp\/?p=13347","title":{"rendered":"Br\u00fcckenbauen (5) \u2013 Solidarit\u00e4t als Br\u00fccke"},"content":{"rendered":"<p>[05.07.2023]<\/p>\n<h3>Solidarit\u00e4t als Br\u00fccke<\/h3>\n<p>Eine Br\u00fccke verbindet zwei Orte, die durch ein nicht oder nur schwer \u00fcberwindbares Hindernis voneinander getrennt sind, miteinander. Durch eine Br\u00fccke wachsen Orte, die urspr\u00fcnglich ohne Verbindung waren, aufeinander zu, stehen miteinander in Austausch und beeinflussen sich gegenseitig.<\/p>\n<p>\u201eOrte, die durch Br\u00fccken aufeinanderzu wachsen, kann man aber auch in \u00fcbertragenem Sinn verstehen: dies w\u00e4ren z.B. die je eigenen Pr\u00e4gungen, Weltsichten, Erfahrungshorizonte, kulturelle Verwurzelung, Zugeh\u00f6rigkeit zu einer bestimmten sozialen Schicht, einer Religion, einer Partei oder einer Generation, um nur einiges zu nennen. Grenzen sind nicht immer so sichtbar wie Ozeane, genauso wenig w\u00e4re unsere Welt das, was sie heute ist, ohne die vielen br\u00fcckenschlagenden Initiativen in Gesellschaft und Politik, die sich daf\u00fcr einsetzen, unterschiedliche und oft gegens\u00e4tzliche Positionen in einen Dialog zu bringen. Denn als Menschen sind wir wesentlich daf\u00fcr geschaffen, dass wir aufeinander zugehen, miteinander kommunizieren, in Gemeinschaft leben und wachsen, indem wir uns verbinden. Das je Eigene verschwindet dadurch nicht, aber es bringt sich in ein gr\u00f6\u00dferes Ganzes ein, das auch st\u00e4ndig im Werden und Wachsen ist. Br\u00fccken hin\u00fcber auf die andere Seite zu bauen gr\u00fcndet m\u00f6glicherweise in der Sehnsucht nach genau dieser Ganzheit, zu der uns die Erfahrung des Anderen noch fehlt.<\/p>\n<p><img loading=\"lazy\" decoding=\"async\" class=\"aligncenter size-full wp-image-13350\" src=\"https:\/\/hallein-evangelisch.at\/wp\/wp-content\/uploads\/2023\/07\/intersol_logo-scaled.jpg\" alt=\"\" width=\"2560\" height=\"848\" srcset=\"https:\/\/hallein-evangelisch.at\/wp\/wp-content\/uploads\/2023\/07\/intersol_logo-scaled.jpg 2560w, https:\/\/hallein-evangelisch.at\/wp\/wp-content\/uploads\/2023\/07\/intersol_logo-600x199.jpg 600w, https:\/\/hallein-evangelisch.at\/wp\/wp-content\/uploads\/2023\/07\/intersol_logo-1024x339.jpg 1024w, https:\/\/hallein-evangelisch.at\/wp\/wp-content\/uploads\/2023\/07\/intersol_logo-300x99.jpg 300w, https:\/\/hallein-evangelisch.at\/wp\/wp-content\/uploads\/2023\/07\/intersol_logo-1536x509.jpg 1536w, https:\/\/hallein-evangelisch.at\/wp\/wp-content\/uploads\/2023\/07\/intersol_logo-2048x679.jpg 2048w\" sizes=\"auto, (max-width: 2560px) 100vw, 2560px\" \/><\/p>\n<p>Beim gemeinn\u00fctzigen Salzburger Verein INTERSOL z.B. versucht man, so ein Br\u00fcckenbauer zu sein &#8211; zwischen den Kontinenten und Kulturen, Nord und S\u00fcd, europ\u00e4ischem Denken &#8211; auch Spiritualit\u00e4t &#8211; und indigener Kosmovision, kurz: zwischen dem, was hier als das \u201eEigene&#8220; wahrgenommen wird und dem \u201eAnderen&#8220;; unser Verein wurde 1992 in Salzburg gegr\u00fcndet und f\u00f6rdert seitdem gemeinsam mit den S\u00fcdpartnern in El Salvador, Guatemala, Bolivien, Indien und Afghanistan Projekte und Programme in den Bereichen (Aus-)Bildung, Ern\u00e4hrungssicherheit und -souver\u00e4nit\u00e4t, Wassermanagement, alternative Energieformen und Frauen-Empowerment. Dabei liegen eine umfassende strukturelle und systematische Bek\u00e4mpfung materieller Armut und die Beseitigung von Entwicklungshemmnissen allen Bem\u00fchungen zu Grunde. Weiters werden diese Bem\u00fchungen getragen von der Perspektive, dass Gesellschaften im globalen S\u00fcden das Recht auf eine selbstbestimmte Entwicklung und Geschichte haben, die nicht vom Norden diktiert wird.<\/p>\n<figure id=\"attachment_13353\" aria-describedby=\"caption-attachment-13353\" style=\"width: 1646px\" class=\"wp-caption aligncenter\"><img loading=\"lazy\" decoding=\"async\" class=\"size-full wp-image-13353\" src=\"https:\/\/hallein-evangelisch.at\/wp\/wp-content\/uploads\/2023\/06\/Baeurin-aus-El-Salvador.jpg\" alt=\"\" width=\"1646\" height=\"1090\" srcset=\"https:\/\/hallein-evangelisch.at\/wp\/wp-content\/uploads\/2023\/06\/Baeurin-aus-El-Salvador.jpg 1646w, https:\/\/hallein-evangelisch.at\/wp\/wp-content\/uploads\/2023\/06\/Baeurin-aus-El-Salvador-600x397.jpg 600w, https:\/\/hallein-evangelisch.at\/wp\/wp-content\/uploads\/2023\/06\/Baeurin-aus-El-Salvador-1024x678.jpg 1024w, https:\/\/hallein-evangelisch.at\/wp\/wp-content\/uploads\/2023\/06\/Baeurin-aus-El-Salvador-300x199.jpg 300w, https:\/\/hallein-evangelisch.at\/wp\/wp-content\/uploads\/2023\/06\/Baeurin-aus-El-Salvador-1536x1017.jpg 1536w\" sizes=\"auto, (max-width: 1646px) 100vw, 1646px\" \/><figcaption id=\"caption-attachment-13353\" class=\"wp-caption-text\">B\u00e4urin aus El Salvador mit Cashewfrucht<\/figcaption><\/figure>\n<p>Das \u201eSOL&#8220; im Vereinsnamen steht f\u00fcr Solidarit\u00e4t. Solidarisch sind Menschen, die sich zusammengeh\u00f6rig f\u00fchlen. Zusammengeh\u00f6rigkeit ist z.B. in indigenen Gesellschaften S\u00fcdamerikas eine sehr starke Grundhaltung, die \u00fcber das Zwischenmenschliche sogar noch hinausgeht: alles Geschaffene, sichtbar oder unsichtbar, geh\u00f6rt zusammen und der Mensch ist darin nur ein eingebundenes Mit-Gesch\u00f6pf. In unserer globalisierten Welt gibt es viele Zusammenh\u00e4nge mit politischen, gesellschaftlichen, wirtschaftlichen, klimatischen etc. Kontexten, die sich auf unser aller Leben auswirken. Das Konsum- oder Essverhalten in Salzburg oder Hallein hat zweifelsohne Auswirkungen auf Lebens- und Arbeitsbedingungen von Menschen in Bolivien oder Indien. Ungez\u00fcgeltes Brandroden von Regenwald in S\u00fcdamerika wirkt sich &#8211; neben vielen anderen Faktoren &#8211; durch das freiwerdende CO2 negativ auf den Treibhauseffekt aus und treibt die Erderw\u00e4rmung voran, mit der auch wir in Europa zu k\u00e4mpfen haben. Geopolitische Ver\u00e4nderungen z.B. in Fernost &#8211; Stichwort China &#8211; bringen Machtgef\u00fcge auch in anderen Teilen der Erde in Bewegung. Um knappe Ressourcen wird weltweit hart gek\u00e4mpft und es kommt h\u00e4ufig zu Kriegen, die Konflikte \u00fcber Generationen hinweg in diesen Regionen einzementieren; dies wiederum l\u00f6st Migrationsbewegungen aus, die in den Ziell\u00e4ndern einen Rechtsruck in den demokratischen Regierungen verursachen. Ja, vieles h\u00e4ngt in unserer globalisierten Welt miteinander zusammen. Um auch ein Bewusstsein f\u00fcr die oben erw\u00e4hnte Zusammengeh\u00f6rigkeit zu f\u00f6rdern, bedarf es einer weitaus gr\u00f6\u00dferen Anstrengung, n\u00e4mlich der des \u201eAuf-Einander-H\u00f6rens&#8220;. Genau darum bem\u00fcht man sich bei INTERSOL, wo seit \u00fcber 30 Jahren gemeinsam mit den S\u00fcdpartnern eine Form der Zusammenarbeit gelebt wird, die auf Augenh\u00f6he geschieht und sich am Hinh\u00f6ren auf die Geschichte, die Ideen und Visionen der \u201eAnderen&#8220; orientiert. Somit soll das klassische Modell der \u201eEntwicklungszusammenarbeit&#8220; mit seiner Tendenz der Fortsetzung der (neo-)kolonialen Nord-S\u00fcd-Beziehungen und damit verbundenen Abh\u00e4ngigkeit und Unfreiheit aufgebrochen und neu ausgerichtet werden. Diesem Anspruch, sich auf Augenh\u00f6he und mit offenem Ohr zu begegnen und gangbare Wege der Zusammenarbeit zu suchen, sind wir immer wieder aufs Neue herausgefordert, uns zu stellen.<\/p>\n<figure id=\"attachment_13352\" aria-describedby=\"caption-attachment-13352\" style=\"width: 1646px\" class=\"wp-caption aligncenter\"><img loading=\"lazy\" decoding=\"async\" class=\"size-full wp-image-13352\" src=\"https:\/\/hallein-evangelisch.at\/wp\/wp-content\/uploads\/2023\/06\/Personaleinsatz-Lisa-Mudra_Tanzprojekt.jpg\" alt=\"\" width=\"1646\" height=\"1090\" srcset=\"https:\/\/hallein-evangelisch.at\/wp\/wp-content\/uploads\/2023\/06\/Personaleinsatz-Lisa-Mudra_Tanzprojekt.jpg 1646w, https:\/\/hallein-evangelisch.at\/wp\/wp-content\/uploads\/2023\/06\/Personaleinsatz-Lisa-Mudra_Tanzprojekt-600x397.jpg 600w, https:\/\/hallein-evangelisch.at\/wp\/wp-content\/uploads\/2023\/06\/Personaleinsatz-Lisa-Mudra_Tanzprojekt-1024x678.jpg 1024w, https:\/\/hallein-evangelisch.at\/wp\/wp-content\/uploads\/2023\/06\/Personaleinsatz-Lisa-Mudra_Tanzprojekt-300x199.jpg 300w, https:\/\/hallein-evangelisch.at\/wp\/wp-content\/uploads\/2023\/06\/Personaleinsatz-Lisa-Mudra_Tanzprojekt-1536x1017.jpg 1536w\" sizes=\"auto, (max-width: 1646px) 100vw, 1646px\" \/><figcaption id=\"caption-attachment-13352\" class=\"wp-caption-text\">Personaleinsatz Lisa Mudra_Tanzprojekt<\/figcaption><\/figure>\n<p>Auch die in unsere Kooperationsarbeit mit den S\u00fcdpartnern eingebetteten Personaleins\u00e4tze von Zivildienern, Freiwilligen Sozialdiener:innen, Praktikantinnen und Expertinnen schaffen eine Verbindung zwischen zwei Welten, die doch zusammengeh\u00f6ren. Umgekehrt l\u00e4dt INTERSOL auch immer wieder Projektpartner aus dem S\u00fcden nach \u00d6sterreich ein, um gegenseitiges Lernen hierzulande zu erm\u00f6glichen und Vernetzung zu f\u00f6rdern. \u00dcber diese Br\u00fccke sind in den letzten drei Jahrzehnten in beide Richtungen schon viele gegangen und tragen den Gedanken der Solidarit\u00e4t und Zusammengeh\u00f6rigkeit weiter.<\/p>\n<p>Alle Infos zu unseren Kooperationen und Aktivit\u00e4ten gibt es auf unserer Website unter www.intersol.at.<\/p>\n<p><em>Birgit Almhofer, Mitarbeiterin von INTERSOL 27<\/em><\/p>\n<p>(Beitragsbild: Yohanes Vianey Lein \/ Pfarrbriefservice.de)<\/p>\n","protected":false},"excerpt":{"rendered":"<div class=\"mh-excerpt\"><p>[05.07.2023] Solidarit\u00e4t als Br\u00fccke Eine Br\u00fccke verbindet zwei Orte, die durch ein nicht oder nur schwer \u00fcberwindbares Hindernis voneinander getrennt sind, miteinander. Durch eine Br\u00fccke wachsen Orte, die urspr\u00fcnglich ohne Verbindung waren, aufeinander zu, stehen <a class=\"mh-excerpt-more\" href=\"https:\/\/hallein-evangelisch.at\/wp\/?p=13347\" title=\"Br\u00fcckenbauen (5) \u2013 Solidarit\u00e4t als Br\u00fccke\">[&#8230;]<\/a><\/p>\n<\/div>","protected":false},"author":8,"featured_media":15497,"comment_status":"closed","ping_status":"closed","sticky":false,"template":"","format":"standard","meta":{"footnotes":""},"categories":[4,86],"tags":[],"class_list":{"0":"post-13347","1":"post","2":"type-post","3":"status-publish","4":"format-standard","5":"has-post-thumbnail","7":"category-gedanken","8":"category-solidarisch"},"_links":{"self":[{"href":"https:\/\/hallein-evangelisch.at\/wp\/index.php?rest_route=\/wp\/v2\/posts\/13347","targetHints":{"allow":["GET"]}}],"collection":[{"href":"https:\/\/hallein-evangelisch.at\/wp\/index.php?rest_route=\/wp\/v2\/posts"}],"about":[{"href":"https:\/\/hallein-evangelisch.at\/wp\/index.php?rest_route=\/wp\/v2\/types\/post"}],"author":[{"embeddable":true,"href":"https:\/\/hallein-evangelisch.at\/wp\/index.php?rest_route=\/wp\/v2\/users\/8"}],"replies":[{"embeddable":true,"href":"https:\/\/hallein-evangelisch.at\/wp\/index.php?rest_route=%2Fwp%2Fv2%2Fcomments&post=13347"}],"version-history":[{"count":5,"href":"https:\/\/hallein-evangelisch.at\/wp\/index.php?rest_route=\/wp\/v2\/posts\/13347\/revisions"}],"predecessor-version":[{"id":15501,"href":"https:\/\/hallein-evangelisch.at\/wp\/index.php?rest_route=\/wp\/v2\/posts\/13347\/revisions\/15501"}],"wp:featuredmedia":[{"embeddable":true,"href":"https:\/\/hallein-evangelisch.at\/wp\/index.php?rest_route=\/wp\/v2\/media\/15497"}],"wp:attachment":[{"href":"https:\/\/hallein-evangelisch.at\/wp\/index.php?rest_route=%2Fwp%2Fv2%2Fmedia&parent=13347"}],"wp:term":[{"taxonomy":"category","embeddable":true,"href":"https:\/\/hallein-evangelisch.at\/wp\/index.php?rest_route=%2Fwp%2Fv2%2Fcategories&post=13347"},{"taxonomy":"post_tag","embeddable":true,"href":"https:\/\/hallein-evangelisch.at\/wp\/index.php?rest_route=%2Fwp%2Fv2%2Ftags&post=13347"}],"curies":[{"name":"wp","href":"https:\/\/api.w.org\/{rel}","templated":true}]}}