{"id":13396,"date":"2023-07-27T00:00:55","date_gmt":"2023-07-26T22:00:55","guid":{"rendered":"https:\/\/hallein-evangelisch.at\/wp\/?p=13396"},"modified":"2023-06-14T14:50:33","modified_gmt":"2023-06-14T12:50:33","slug":"einladung-zum-mitsingen-2","status":"publish","type":"post","link":"https:\/\/hallein-evangelisch.at\/wp\/?p=13396","title":{"rendered":"Einladung zum Mitsingen!"},"content":{"rendered":"<p>[27.07.2023]<\/p>\n<p>Erinnern Sie sich noch? Bis zum Jahr 2020, kurz vor Beginn der Corona-Pandemie, hat der Chor der Evangelischen Kirche Hallein insgesamt 12 Kantaten von Johann Sebastian Bach, Ausschnitte aus 7 Kantaten von Felix Mendelssohn-Bartholdy, sowie unz\u00e4hlige kleinere Werke mit Solisten und Orchester, oder mit Orgel- und Klavierbegleitung in gut besuchten, festlichen Gottesdiensten beigetragen.<\/p>\n<p><img loading=\"lazy\" decoding=\"async\" class=\"aligncenter size-full wp-image-11040\" src=\"https:\/\/hallein-evangelisch.at\/wp\/wp-content\/uploads\/2022\/05\/chor_taize.png\" alt=\"\" width=\"4960\" height=\"3076\" srcset=\"https:\/\/hallein-evangelisch.at\/wp\/wp-content\/uploads\/2022\/05\/chor_taize.png 4960w, https:\/\/hallein-evangelisch.at\/wp\/wp-content\/uploads\/2022\/05\/chor_taize-600x372.png 600w, https:\/\/hallein-evangelisch.at\/wp\/wp-content\/uploads\/2022\/05\/chor_taize-1024x635.png 1024w, https:\/\/hallein-evangelisch.at\/wp\/wp-content\/uploads\/2022\/05\/chor_taize-300x186.png 300w, https:\/\/hallein-evangelisch.at\/wp\/wp-content\/uploads\/2022\/05\/chor_taize-1536x953.png 1536w, https:\/\/hallein-evangelisch.at\/wp\/wp-content\/uploads\/2022\/05\/chor_taize-2048x1270.png 2048w\" sizes=\"auto, (max-width: 4960px) 100vw, 4960px\" \/><\/p>\n<p>Im letzten Jahr konnten wir wieder Taize-Gebete mitgestalten, in manchen Gottesdiensten kleine Beitr\u00e4ge leisten und bei einer Bach-Kantate mit dem Ensemble BachWerkVokal mitwirken. Und wir haben wieder viel gelacht, gefeiert und etwas vom Zusammengeh\u00f6rigkeitsgef\u00fchl einer Gemeinde gesp\u00fcrt.<\/p>\n<h4>Ob es auch wieder gr\u00f6\u00dfere Werke geben wird, die unser Chor einstudiert und auff\u00fchrt?<\/h4>\n<p>Das liegt an Ihnen und Euch!<\/p>\n<p>Im September beginnen wir wieder mit den Proben:<\/p>\n<ul>\n<li>Proben in der Regel am Donnerstag um 19.30 Uhr.<\/li>\n<li>Informationen jederzeit bei: Peter Pr\u00f6glh\u00f6f,<\/li>\n<li>Tel. 0699\/188 77 503<\/li>\n<li>peter.proeglhoef@evang.at<\/li>\n<\/ul>\n","protected":false},"excerpt":{"rendered":"<div class=\"mh-excerpt\"><p>[27.07.2023] Erinnern Sie sich noch? Bis zum Jahr 2020, kurz vor Beginn der Corona-Pandemie, hat der Chor der Evangelischen Kirche Hallein insgesamt 12 Kantaten von Johann Sebastian Bach, Ausschnitte aus 7 Kantaten von Felix Mendelssohn-Bartholdy, <a class=\"mh-excerpt-more\" href=\"https:\/\/hallein-evangelisch.at\/wp\/?p=13396\" title=\"Einladung zum Mitsingen!\">[&#8230;]<\/a><\/p>\n<\/div>","protected":false},"author":8,"featured_media":6771,"comment_status":"closed","ping_status":"closed","sticky":false,"template":"","format":"standard","meta":{"footnotes":""},"categories":[31],"tags":[],"class_list":{"0":"post-13396","1":"post","2":"type-post","3":"status-publish","4":"format-standard","5":"has-post-thumbnail","7":"category-kultur"},"_links":{"self":[{"href":"https:\/\/hallein-evangelisch.at\/wp\/index.php?rest_route=\/wp\/v2\/posts\/13396","targetHints":{"allow":["GET"]}}],"collection":[{"href":"https:\/\/hallein-evangelisch.at\/wp\/index.php?rest_route=\/wp\/v2\/posts"}],"about":[{"href":"https:\/\/hallein-evangelisch.at\/wp\/index.php?rest_route=\/wp\/v2\/types\/post"}],"author":[{"embeddable":true,"href":"https:\/\/hallein-evangelisch.at\/wp\/index.php?rest_route=\/wp\/v2\/users\/8"}],"replies":[{"embeddable":true,"href":"https:\/\/hallein-evangelisch.at\/wp\/index.php?rest_route=%2Fwp%2Fv2%2Fcomments&post=13396"}],"version-history":[{"count":4,"href":"https:\/\/hallein-evangelisch.at\/wp\/index.php?rest_route=\/wp\/v2\/posts\/13396\/revisions"}],"predecessor-version":[{"id":13400,"href":"https:\/\/hallein-evangelisch.at\/wp\/index.php?rest_route=\/wp\/v2\/posts\/13396\/revisions\/13400"}],"wp:featuredmedia":[{"embeddable":true,"href":"https:\/\/hallein-evangelisch.at\/wp\/index.php?rest_route=\/wp\/v2\/media\/6771"}],"wp:attachment":[{"href":"https:\/\/hallein-evangelisch.at\/wp\/index.php?rest_route=%2Fwp%2Fv2%2Fmedia&parent=13396"}],"wp:term":[{"taxonomy":"category","embeddable":true,"href":"https:\/\/hallein-evangelisch.at\/wp\/index.php?rest_route=%2Fwp%2Fv2%2Fcategories&post=13396"},{"taxonomy":"post_tag","embeddable":true,"href":"https:\/\/hallein-evangelisch.at\/wp\/index.php?rest_route=%2Fwp%2Fv2%2Ftags&post=13396"}],"curies":[{"name":"wp","href":"https:\/\/api.w.org\/{rel}","templated":true}]}}