{"id":13427,"date":"2023-06-30T08:53:55","date_gmt":"2023-06-30T06:53:55","guid":{"rendered":"https:\/\/hallein-evangelisch.at\/wp\/?p=13427"},"modified":"2023-06-30T08:53:55","modified_gmt":"2023-06-30T06:53:55","slug":"sonntagsgruss-zum-2-juli-2023","status":"publish","type":"post","link":"https:\/\/hallein-evangelisch.at\/wp\/?p=13427","title":{"rendered":"Sonntagsgru\u00df zum 2. Juli 2023"},"content":{"rendered":"<p>[30.06.2023]<\/p>\n<p>4. Sonntag nach Trinitatis<\/p>\n<p>Liebe Mitglieder, Freundinnen und Freunde unserer Halleiner Pfarrgemeinde!<\/p>\n<p><em><img loading=\"lazy\" decoding=\"async\" class=\"alignright size-full wp-image-6830\" src=\"https:\/\/hallein-evangelisch.at\/wp\/wp-content\/uploads\/2019\/11\/gabriel_2019-e1584696694202.png\" alt=\"\" width=\"251\" height=\"232\" \/>\u201eSeid barmherzig, wie auch euer Vater barmherzig ist.\u201c<\/em> (Lukas 6,36) \u2013 der erste Satz des Evangeliums dieses Sonntags ist f\u00fcr mich eine st\u00e4rkende Zusage, die mich durch die neue Woche tragen soll.<\/p>\n<p>Gerne lese ich den Satz \u201evon r\u00fcckw\u00e4rts\u201c. Gottes Barmherzigkeit uns Menschen, auch mir gegen\u00fcber ist f\u00fcr mich die Grundlage. Gott hat ein weites Herz, hofft und wartet, dass wir Menschen so unser Leben gestalten, wie es f\u00fcr uns und unsere N\u00e4chsten gut ist. Er erbarmt sich, l\u00e4sst sich anr\u00fchren von meinem Ergehen \u2013 auch meinen Fragen und Zweifeln.<\/p>\n<p>Beispielhaft erz\u00e4hlt Jesus vom barmherzigen Gott in der Geschichte vom Vater und seinen zwei S\u00f6hnen. Trotz Versagen und Schuld geht er auf den j\u00fcngeren Sohn zu, nimmt ihn in die Arme, nimmt ihn wieder auf in die bergende Gemeinschaft, denn er war, ist und bleibt immer Gottes geliebtes Kind. Gott geht auch dem \u00e4rgerlich-entt\u00e4uschten \u00e4lteren Sohn nach, wirbt um ihn, l\u00e4dt ihn ein zur Mitfreude und zum Mitfeiern.<\/p>\n<p>Dass Gott mir so barmherzig begegnet, ja mich in sein Herz geschlossen hat, das ver\u00e4ndert mich, das macht mich neu.<\/p>\n<p>Ich kann mit meinen Fehlern und meinem Versagen anders umgehen, schaue mit weniger strengem Blick auf mich und mein Leben \u2013 und auch mit ein wenig Humor&#8230;<\/p>\n<p>Und ich nicht nur den Splitter bei meinem Gegen\u00fcber, sondern auch den Balken in meinem Auge.<\/p>\n<p>So bekomme ich ein weiteres Herz im Blick auf die Menschen, mit denen ich zusammenlebe, die mir ganz nah, verwandt oder befreundet sind, oder mit denen ich zusammenarbeite, auf die ich in Gruppen und Kreisen oder auch in der Pfarrgemeinde treffe. Oft freue ich mich an ihnen, manchmal nerven sie mich auch \u2013 doch gibt mir Gottes barmherziger Blick auf mich Kraft, ihnen mit Respekt und auf Augenh\u00f6he zu begegnen. Denn sie sind genauso Gottes geliebtes Kind wie ich, verdienen von Gott her gleichen Respekt und W\u00fcrde wie ich, wie jedes Lebewesen dieser Welt.<\/p>\n<p>So mit anderen Menschen umzugehen, beginnt im Kopf, in meinen Gedanken und Vorurteilen. Ich will versuchen, Gutes vom anderen zu denken und dann auch Gutes von ihm zu erz\u00e4hlen. Und ihn damit segnen, so wie ich von Gott gesegnet bin.<\/p>\n<p>Ich vertraue, Gottes Zusage an Abraham (1.Mose 12,2), gilt auch mir \u2013 und jeder und jedem von euch: \u201eIch will dich segnen und du sollst ein Segen sein.\u201c<\/p>\n<p>Gottes Segen begleite euch durch die neue Woche!<br \/>\n<em>Euer Pfarrer Peter Gabriel<\/em><\/p>\n","protected":false},"excerpt":{"rendered":"<div class=\"mh-excerpt\"><p>[30.06.2023] 4. Sonntag nach Trinitatis Liebe Mitglieder, Freundinnen und Freunde unserer Halleiner Pfarrgemeinde! \u201eSeid barmherzig, wie auch euer Vater barmherzig ist.\u201c (Lukas 6,36) \u2013 der erste Satz des Evangeliums dieses Sonntags ist f\u00fcr mich eine <a class=\"mh-excerpt-more\" href=\"https:\/\/hallein-evangelisch.at\/wp\/?p=13427\" title=\"Sonntagsgru\u00df zum 2. Juli 2023\">[&#8230;]<\/a><\/p>\n<\/div>","protected":false},"author":8,"featured_media":13182,"comment_status":"closed","ping_status":"closed","sticky":false,"template":"","format":"standard","meta":{"footnotes":""},"categories":[84,102],"tags":[],"class_list":{"0":"post-13427","1":"post","2":"type-post","3":"status-publish","4":"format-standard","5":"has-post-thumbnail","7":"category-hauskirche","8":"category-sonntagsgruss"},"_links":{"self":[{"href":"https:\/\/hallein-evangelisch.at\/wp\/index.php?rest_route=\/wp\/v2\/posts\/13427","targetHints":{"allow":["GET"]}}],"collection":[{"href":"https:\/\/hallein-evangelisch.at\/wp\/index.php?rest_route=\/wp\/v2\/posts"}],"about":[{"href":"https:\/\/hallein-evangelisch.at\/wp\/index.php?rest_route=\/wp\/v2\/types\/post"}],"author":[{"embeddable":true,"href":"https:\/\/hallein-evangelisch.at\/wp\/index.php?rest_route=\/wp\/v2\/users\/8"}],"replies":[{"embeddable":true,"href":"https:\/\/hallein-evangelisch.at\/wp\/index.php?rest_route=%2Fwp%2Fv2%2Fcomments&post=13427"}],"version-history":[{"count":2,"href":"https:\/\/hallein-evangelisch.at\/wp\/index.php?rest_route=\/wp\/v2\/posts\/13427\/revisions"}],"predecessor-version":[{"id":13429,"href":"https:\/\/hallein-evangelisch.at\/wp\/index.php?rest_route=\/wp\/v2\/posts\/13427\/revisions\/13429"}],"wp:featuredmedia":[{"embeddable":true,"href":"https:\/\/hallein-evangelisch.at\/wp\/index.php?rest_route=\/wp\/v2\/media\/13182"}],"wp:attachment":[{"href":"https:\/\/hallein-evangelisch.at\/wp\/index.php?rest_route=%2Fwp%2Fv2%2Fmedia&parent=13427"}],"wp:term":[{"taxonomy":"category","embeddable":true,"href":"https:\/\/hallein-evangelisch.at\/wp\/index.php?rest_route=%2Fwp%2Fv2%2Fcategories&post=13427"},{"taxonomy":"post_tag","embeddable":true,"href":"https:\/\/hallein-evangelisch.at\/wp\/index.php?rest_route=%2Fwp%2Fv2%2Ftags&post=13427"}],"curies":[{"name":"wp","href":"https:\/\/api.w.org\/{rel}","templated":true}]}}