{"id":13464,"date":"2023-11-17T00:00:41","date_gmt":"2023-11-16T23:00:41","guid":{"rendered":"https:\/\/hallein-evangelisch.at\/wp\/?p=13464"},"modified":"2023-11-17T11:06:25","modified_gmt":"2023-11-17T10:06:25","slug":"stille-nacht-schicksalsfaeden","status":"publish","type":"post","link":"https:\/\/hallein-evangelisch.at\/wp\/?p=13464","title":{"rendered":"Stille Nacht \u2013 Schicksalsf\u00e4den"},"content":{"rendered":"<p>[17.11.2023]<\/p>\n<h3>Neuinszenierung des Weihnachtsst\u00fcckes von 2018<br \/>\nvon Andrea Sobieszek<\/h3>\n<p><img loading=\"lazy\" decoding=\"async\" class=\"alignright size-mh-magazine-content wp-image-13466\" src=\"https:\/\/hallein-evangelisch.at\/wp\/wp-content\/uploads\/2023\/08\/eltheater_stillenacht-270x381.png\" alt=\"\" width=\"270\" height=\"381\" \/>Das ELtheater Hallein bringt das Weihnachtsst\u00fcck von Andrea Sobieszek in einer Neuinszenierung im Dezember 2023 auf die Festspielb\u00fchne der Pernerinsel.<\/p>\n<p>Stille Nacht &#8211; Schicksalsf\u00e4den erz\u00e4hlt die Geschichte aus der Perspektive des alternden Franz Xaver Gruber, als dieser schon in Hallein als Chorleiter und Organist wirkte und f\u00fcr die Halleiner Christmette eine eigene Fassung des Liedes geschrieben hatte.<\/p>\n<p>War es Gl\u00fcck? War es Zufall? Hatten etwa Schicksalsg\u00f6ttinnen die Finger im Spiel? Zwei jungen Menschen gelingt, trotz widriger Umst\u00e4nde, der gesellschaftliche Aufstieg aus ihren \u00e4rmlichen, famili\u00e4ren Verh\u00e4ltnissen. Der eine, ein uneheliches Kind, wird Priester, der andere, ein Weberkind, steigt zum gesch\u00e4tzten Lehrer und Organisten auf. 1818 kreuzen sich ihre Lebenswege und ein Lied entsteht, das die Menschen bis heute tief ber\u00fchrt.<\/p>\n<ul>\n<li>Regie: Silke Stein und Bashir Kordashij<\/li>\n<li>Dauer: ca. 75 Minuten<\/li>\n<li>Auff\u00fchrungsort: Festspielb\u00fchne Pernerinsel Hallein<\/li>\n<li>Ticketpreis: regul\u00e4r \u20ac 25,&#8211; \/ erm\u00e4\u00dfigt \u20ac 20,&#8211;<br \/>\nKarten an der Abendkasse oder ab Oktober online erh\u00e4ltlich<\/li>\n<li>Homepage: <a href=\"http:\/\/www.eltheaterhallein.at\" target=\"_blank\" rel=\"noopener\">www.eltheaterhallein.at<\/a><\/li>\n<\/ul>\n<h3>Termine<\/h3>\n<ul>\n<li>Fr. 08.12.23 Premiere 17:00<\/li>\n<li>Sa. 09.12.23 Auff\u00fchrungen um 16:00 und 19:00<\/li>\n<li>So. 10.12.23 Auff\u00fchrungen um 11:00 und 16:00<\/li>\n<li>Fr. 15.12.23 Auff\u00fchrung 17:00<\/li>\n<li>Sa. 16.12.23 Auff\u00fchrungen um 16:00 und 19:00<\/li>\n<li>So. 17.12.23 Auff\u00fchrungen um 11:00 und 16:00<\/li>\n<li>Mo. 18.12.23 Schulauff\u00fchrung um 10:00<\/li>\n<\/ul>\n<h3>Vorschau auf Youtube<\/h3>\n<p><iframe loading=\"lazy\" title=\"Stille Nacht   Schicksalsfa\u0308den\" width=\"500\" height=\"281\" src=\"https:\/\/www.youtube.com\/embed\/PmjOcAtGvdw?feature=oembed\" frameborder=\"0\" allow=\"accelerometer; autoplay; clipboard-write; encrypted-media; gyroscope; picture-in-picture; web-share\" referrerpolicy=\"strict-origin-when-cross-origin\" allowfullscreen><\/iframe><\/p>\n","protected":false},"excerpt":{"rendered":"<div class=\"mh-excerpt\"><p>[17.11.2023] Neuinszenierung des Weihnachtsst\u00fcckes von 2018 von Andrea Sobieszek Das ELtheater Hallein bringt das Weihnachtsst\u00fcck von Andrea Sobieszek in einer Neuinszenierung im Dezember 2023 auf die Festspielb\u00fchne der Pernerinsel. Stille Nacht &#8211; Schicksalsf\u00e4den erz\u00e4hlt die <a class=\"mh-excerpt-more\" href=\"https:\/\/hallein-evangelisch.at\/wp\/?p=13464\" title=\"Stille Nacht \u2013 Schicksalsf\u00e4den\">[&#8230;]<\/a><\/p>\n<\/div>","protected":false},"author":8,"featured_media":13974,"comment_status":"closed","ping_status":"closed","sticky":false,"template":"","format":"standard","meta":{"footnotes":""},"categories":[31],"tags":[],"class_list":{"0":"post-13464","1":"post","2":"type-post","3":"status-publish","4":"format-standard","5":"has-post-thumbnail","7":"category-kultur"},"_links":{"self":[{"href":"https:\/\/hallein-evangelisch.at\/wp\/index.php?rest_route=\/wp\/v2\/posts\/13464","targetHints":{"allow":["GET"]}}],"collection":[{"href":"https:\/\/hallein-evangelisch.at\/wp\/index.php?rest_route=\/wp\/v2\/posts"}],"about":[{"href":"https:\/\/hallein-evangelisch.at\/wp\/index.php?rest_route=\/wp\/v2\/types\/post"}],"author":[{"embeddable":true,"href":"https:\/\/hallein-evangelisch.at\/wp\/index.php?rest_route=\/wp\/v2\/users\/8"}],"replies":[{"embeddable":true,"href":"https:\/\/hallein-evangelisch.at\/wp\/index.php?rest_route=%2Fwp%2Fv2%2Fcomments&post=13464"}],"version-history":[{"count":5,"href":"https:\/\/hallein-evangelisch.at\/wp\/index.php?rest_route=\/wp\/v2\/posts\/13464\/revisions"}],"predecessor-version":[{"id":13982,"href":"https:\/\/hallein-evangelisch.at\/wp\/index.php?rest_route=\/wp\/v2\/posts\/13464\/revisions\/13982"}],"wp:featuredmedia":[{"embeddable":true,"href":"https:\/\/hallein-evangelisch.at\/wp\/index.php?rest_route=\/wp\/v2\/media\/13974"}],"wp:attachment":[{"href":"https:\/\/hallein-evangelisch.at\/wp\/index.php?rest_route=%2Fwp%2Fv2%2Fmedia&parent=13464"}],"wp:term":[{"taxonomy":"category","embeddable":true,"href":"https:\/\/hallein-evangelisch.at\/wp\/index.php?rest_route=%2Fwp%2Fv2%2Fcategories&post=13464"},{"taxonomy":"post_tag","embeddable":true,"href":"https:\/\/hallein-evangelisch.at\/wp\/index.php?rest_route=%2Fwp%2Fv2%2Ftags&post=13464"}],"curies":[{"name":"wp","href":"https:\/\/api.w.org\/{rel}","templated":true}]}}