{"id":13766,"date":"2023-11-02T00:00:54","date_gmt":"2023-11-01T23:00:54","guid":{"rendered":"https:\/\/hallein-evangelisch.at\/wp\/?p=13766"},"modified":"2023-11-02T09:30:24","modified_gmt":"2023-11-02T08:30:24","slug":"13766","status":"publish","type":"post","link":"https:\/\/hallein-evangelisch.at\/wp\/?p=13766","title":{"rendered":"Wir stellen vor"},"content":{"rendered":"<p>[02.11.2023]<\/p>\n<p>Im M\u00e4rz 2023 gr\u00fcndete unsere Pfarrgemeinde das Projekt \u201eDaLeTe \u2013 Das Leben Teilen\u201c. Hier bringen wir Menschen, die sich zum Wohle anderer engagieren wollen, zusammen mit denen, die ohne Hilfe und Unterst\u00fctzung ihre aktuelle Lebenssituation nur schwer meistern k\u00f6nnen.Viele Pfarrgemeindemitglieder haben sich gemeldet und engagieren sich bereits ehrenamtlich.<\/p>\n<p>In unserer neuen Rubrik \u201eWir stellen vor\u201c bitten wir DaLeTe-Freiwillige vor den Vorhang und geben einen Einblick in ihr ehrenamtliches Engagement.<\/p>\n<h3>Wir stellen vor: Heidi Waltl<\/h3>\n<ul>\n<li>Ich hei\u00dfe: Heidi Waltl<\/li>\n<li>Ich wohne in: Hallein<\/li>\n<li>4 W\u00f6rter, die mich beschreiben: Herzlich, welt- offen, lustig, hilfsbereit<\/li>\n<li>Wenn ich einen Zauberstab h\u00e4tte&#8230; &#8230;h\u00e4tte ich einen Hund! (es mangelt leider an der Zeit). Darum engagiere ich mich freiwillig:<br \/>\nIch bin vor 20 Jahren nach Hallein gezogen und habe auch vier Jahre in Wien gelebt. In Hallein habe ich wieder ein Zuhause gefunden.<\/li>\n<\/ul>\n<figure id=\"attachment_13768\" aria-describedby=\"caption-attachment-13768\" style=\"width: 300px\" class=\"wp-caption alignright\"><a href=\"https:\/\/hallein-evangelisch.at\/wp\/wp-content\/uploads\/2023\/11\/heidi_waltl.jpg\"><img loading=\"lazy\" decoding=\"async\" class=\"size-thumbnail wp-image-13768\" src=\"https:\/\/hallein-evangelisch.at\/wp\/wp-content\/uploads\/2023\/11\/heidi_waltl-300x376.jpg\" alt=\"\" width=\"300\" height=\"376\" srcset=\"https:\/\/hallein-evangelisch.at\/wp\/wp-content\/uploads\/2023\/11\/heidi_waltl-300x376.jpg 300w, https:\/\/hallein-evangelisch.at\/wp\/wp-content\/uploads\/2023\/11\/heidi_waltl-600x751.jpg 600w, https:\/\/hallein-evangelisch.at\/wp\/wp-content\/uploads\/2023\/11\/heidi_waltl.jpg 794w\" sizes=\"auto, (max-width: 300px) 100vw, 300px\" \/><\/a><figcaption id=\"caption-attachment-13768\" class=\"wp-caption-text\">Heidi Waltl<\/figcaption><\/figure>\n<p>W\u00e4hrend meiner Arbeit in Wien bei einer Hausverwaltung habe ich schnell gemerkt, dass es viele Menschen gibt, die einsam sind. Kleinigkeiten wie ein Besuch oder ein herzliches Wort w\u00fcrden schon reichen, um jemanden den Tag zu versch\u00f6nern.<\/p>\n<p>Mein derzeitiger Job macht mir Spa\u00df, aber er hat keine sozialen Aspekte. Je \u00e4lter ich werde, desto mehr ver\u00e4ndert sich meine Perspektive. Mir geht es gut, meine Freunde und meine Familie begleiten mich.Aber irgendwann habe ich festgestellt, dass mir trotzdem etwas fehlt. Etwas von \u201eWert\u201c. Dann fasste ich den Entschluss: Ich will nicht immer nur reden, sondern ins Tun kommen und habe bei der DaLeTe Freiwilligen-Auftaktveranstaltung teilgenommen. Und was soll ich sagen? Heute bereichern die 4 M\u00e4dchen, ihre Mutter L. und ihr Vater K. mein Leben.<\/p>\n<h4>Mein sch\u00f6nstes DaLeTe-Erlebnis<\/h4>\n<p>Ich besuche fast jede Woche die afghanische Familie T. mit ihren mittlerweile vier Kindern f\u00fcr zwei Stunden. Diese Stunden sind nach einer ausgef\u00fcllten Arbeitswoche immer ein Highlight f\u00fcr mich. Wir lesen, spielen, malen und basteln gemeinsam. Mit der Mutter L. rede ich \u00fcber die Woche und dies und das (manchmal auch mit H\u00e4nden und F\u00fcssen, aber die Verst\u00e4ndigung auf Deutsch wird immer besser!), dem Vater K. helfe ich beim Lernen f\u00fcr die Staatsb\u00fcrgerschaftspr\u00fcfung. Er f\u00fchrt seit \u00fcber einem Jahr seine eigene Pizzeria in Adnet.<br \/>\nDas Sch\u00f6nste ist f\u00fcr mich, wenn ich das Lachen und das \u201eHallo Heidi\u201c von oben h\u00f6re, wenn ich durch das Stiegenhaus gehe&#8230;<\/p>\n","protected":false},"excerpt":{"rendered":"<div class=\"mh-excerpt\"><p>[02.11.2023] Im M\u00e4rz 2023 gr\u00fcndete unsere Pfarrgemeinde das Projekt \u201eDaLeTe \u2013 Das Leben Teilen\u201c. Hier bringen wir Menschen, die sich zum Wohle anderer engagieren wollen, zusammen mit denen, die ohne Hilfe und Unterst\u00fctzung ihre aktuelle <a class=\"mh-excerpt-more\" href=\"https:\/\/hallein-evangelisch.at\/wp\/?p=13766\" title=\"Wir stellen vor\">[&#8230;]<\/a><\/p>\n<\/div>","protected":false},"author":8,"featured_media":13768,"comment_status":"closed","ping_status":"closed","sticky":false,"template":"","format":"standard","meta":{"footnotes":""},"categories":[107],"tags":[],"class_list":{"0":"post-13766","1":"post","2":"type-post","3":"status-publish","4":"format-standard","5":"has-post-thumbnail","7":"category-das-leben-teilen"},"_links":{"self":[{"href":"https:\/\/hallein-evangelisch.at\/wp\/index.php?rest_route=\/wp\/v2\/posts\/13766","targetHints":{"allow":["GET"]}}],"collection":[{"href":"https:\/\/hallein-evangelisch.at\/wp\/index.php?rest_route=\/wp\/v2\/posts"}],"about":[{"href":"https:\/\/hallein-evangelisch.at\/wp\/index.php?rest_route=\/wp\/v2\/types\/post"}],"author":[{"embeddable":true,"href":"https:\/\/hallein-evangelisch.at\/wp\/index.php?rest_route=\/wp\/v2\/users\/8"}],"replies":[{"embeddable":true,"href":"https:\/\/hallein-evangelisch.at\/wp\/index.php?rest_route=%2Fwp%2Fv2%2Fcomments&post=13766"}],"version-history":[{"count":3,"href":"https:\/\/hallein-evangelisch.at\/wp\/index.php?rest_route=\/wp\/v2\/posts\/13766\/revisions"}],"predecessor-version":[{"id":13782,"href":"https:\/\/hallein-evangelisch.at\/wp\/index.php?rest_route=\/wp\/v2\/posts\/13766\/revisions\/13782"}],"wp:featuredmedia":[{"embeddable":true,"href":"https:\/\/hallein-evangelisch.at\/wp\/index.php?rest_route=\/wp\/v2\/media\/13768"}],"wp:attachment":[{"href":"https:\/\/hallein-evangelisch.at\/wp\/index.php?rest_route=%2Fwp%2Fv2%2Fmedia&parent=13766"}],"wp:term":[{"taxonomy":"category","embeddable":true,"href":"https:\/\/hallein-evangelisch.at\/wp\/index.php?rest_route=%2Fwp%2Fv2%2Fcategories&post=13766"},{"taxonomy":"post_tag","embeddable":true,"href":"https:\/\/hallein-evangelisch.at\/wp\/index.php?rest_route=%2Fwp%2Fv2%2Ftags&post=13766"}],"curies":[{"name":"wp","href":"https:\/\/api.w.org\/{rel}","templated":true}]}}