{"id":13985,"date":"2023-11-20T11:15:14","date_gmt":"2023-11-20T10:15:14","guid":{"rendered":"https:\/\/hallein-evangelisch.at\/wp\/?p=13985"},"modified":"2024-12-20T12:22:16","modified_gmt":"2024-12-20T11:22:16","slug":"spenden-steuerlich-absetzen","status":"publish","type":"post","link":"https:\/\/hallein-evangelisch.at\/wp\/?p=13985","title":{"rendered":"Spenden steuerlich absetzen"},"content":{"rendered":"<p>[20.11.2023]<\/p>\n<p>Liebe Spenderin, lieber Spender!<\/p>\n<p>Weihnachten naht in gro\u00dfen Schritten und als Evangelische Pfarrgemeinde Hallein blicken wir dankbar auf das heurige Jahr zur\u00fcck.<\/p>\n<p>Wir konnten vielen Menschen, die uns in den unterschiedlichsten Notsituationen um Hilfe und Unterst\u00fctzung gebeten haben, beistehen. In vielen F\u00e4llen ging es darum, akute finanzielle Notsituationen abzufedern und durch \u00dcbernahme der Kosten f\u00fcr Miete oder Strom Delogierungen zu verhindern. Aber auch laufende Kosten &#8211; beispielsweise f\u00fcr Lebensmittel oder f\u00fcr Kinderkleidung &#8211; k\u00f6nnen aufgrund der stark gestiegenen Kosten von immer mehr Menschen nicht mehr getragen werden.<\/p>\n<p>In einem ersten Schritt versuchen wir mit Sach- und Geldspenden die gr\u00f6\u00dfte Not zu lindern. Dar\u00fcber hinaus bieten wir aber auch im Rahmen des DaLeTe-Projektes weitere Unterst\u00fctzungsm\u00f6glichkeiten an: Freiwillige \u00fcbernehmen Besuche bei vereinsamten Menschen und helfen ihnen, wieder etwas Anschluss an die Gesellschaft zu finden. Sie \u00fcbernehmen Eink\u00e4ufe, unterst\u00fctzen beim Ausf\u00fcllen von Antr\u00e4gen oder betreuen fallweise Kinder, wenn der dringende Bedarf daf\u00fcr gegeben ist.<\/p>\n<p>Wir unterst\u00fctzen Menschen in unserer Region \u00fcberall dort, wo herk\u00f6mmliche Hilfssysteme nicht ausreichen und arbeiten dabei intensiv mit den Sozialeinrichtungen vor Ort zusammen. Diese umfangreichen Hilfsangebote k\u00f6nnen wir nur deshalb anbieten, weil es Menschen gibt, die sich f\u00fcr in Not geratene Menschen einsetzen.<\/p>\n<h3>Wollen auch sie uns dabei unterst\u00fctzen?<\/h3>\n<p>Beim Diakoniewerk haben wir das Konto f\u00fcr das Spendenprojekt \u201e<strong>MITEINANDER HALLEIN<\/strong>&#8220; eingerichtet.<\/p>\n<p>So kommen s\u00e4mtliche Spenden nicht nur sicher in unserer Pfarrgemeinde an, sondern sind auch steuerlich absetzbar. Auf Anfrage \u00fcbermitteln wir Ihnen gerne einen j\u00e4hrlichen Bericht, dem Sie dann entnehmen k\u00f6nnen, wof\u00fcr Ihre Spende verwendet wurde.<\/p>\n<p>Herzlichen Dank schon vorab f\u00fcr Ihre Spendenbereitschaft!<\/p>\n<h3>Diakoniewerk Spendenkonto<\/h3>\n<ul>\n<li>Allgemeine Sparkasse Ober\u00f6sterreich<\/li>\n<li>IBAN: AT82 2032 0000 0025 7700,<\/li>\n<li>BIC: ASPKAT2LXXX<\/li>\n<li>Verwendungszweck \u201eMITEINANDER HALLEIN&#8220; (bitte unbedingt angeben, damit Ihre Spende diesem Projekt gutgeschrieben werden kann)<\/li>\n<li>Spenden f\u00fcr dieses Projekt sind steuerlich absetzbar (Reg. Nr. 05181)<\/li>\n<\/ul>\n<p>Wir w\u00fcnschen Ihnen allen ein gesegnetes Weihnachtsfest und ein gutes Neues Jahr!<\/p>\n<p>Pfarrer<br \/>\n<em>Peter Gabriel<\/em><\/p>\n<p>&nbsp;<\/p>\n","protected":false},"excerpt":{"rendered":"<div class=\"mh-excerpt\"><p>[20.11.2023] Liebe Spenderin, lieber Spender! Weihnachten naht in gro\u00dfen Schritten und als Evangelische Pfarrgemeinde Hallein blicken wir dankbar auf das heurige Jahr zur\u00fcck. Wir konnten vielen Menschen, die uns in den unterschiedlichsten Notsituationen um Hilfe <a class=\"mh-excerpt-more\" href=\"https:\/\/hallein-evangelisch.at\/wp\/?p=13985\" title=\"Spenden steuerlich absetzen\">[&#8230;]<\/a><\/p>\n<\/div>","protected":false},"author":8,"featured_media":13987,"comment_status":"closed","ping_status":"closed","sticky":false,"template":"","format":"standard","meta":{"footnotes":""},"categories":[107],"tags":[],"class_list":{"0":"post-13985","1":"post","2":"type-post","3":"status-publish","4":"format-standard","5":"has-post-thumbnail","7":"category-das-leben-teilen"},"_links":{"self":[{"href":"https:\/\/hallein-evangelisch.at\/wp\/index.php?rest_route=\/wp\/v2\/posts\/13985","targetHints":{"allow":["GET"]}}],"collection":[{"href":"https:\/\/hallein-evangelisch.at\/wp\/index.php?rest_route=\/wp\/v2\/posts"}],"about":[{"href":"https:\/\/hallein-evangelisch.at\/wp\/index.php?rest_route=\/wp\/v2\/types\/post"}],"author":[{"embeddable":true,"href":"https:\/\/hallein-evangelisch.at\/wp\/index.php?rest_route=\/wp\/v2\/users\/8"}],"replies":[{"embeddable":true,"href":"https:\/\/hallein-evangelisch.at\/wp\/index.php?rest_route=%2Fwp%2Fv2%2Fcomments&post=13985"}],"version-history":[{"count":2,"href":"https:\/\/hallein-evangelisch.at\/wp\/index.php?rest_route=\/wp\/v2\/posts\/13985\/revisions"}],"predecessor-version":[{"id":15761,"href":"https:\/\/hallein-evangelisch.at\/wp\/index.php?rest_route=\/wp\/v2\/posts\/13985\/revisions\/15761"}],"wp:featuredmedia":[{"embeddable":true,"href":"https:\/\/hallein-evangelisch.at\/wp\/index.php?rest_route=\/wp\/v2\/media\/13987"}],"wp:attachment":[{"href":"https:\/\/hallein-evangelisch.at\/wp\/index.php?rest_route=%2Fwp%2Fv2%2Fmedia&parent=13985"}],"wp:term":[{"taxonomy":"category","embeddable":true,"href":"https:\/\/hallein-evangelisch.at\/wp\/index.php?rest_route=%2Fwp%2Fv2%2Fcategories&post=13985"},{"taxonomy":"post_tag","embeddable":true,"href":"https:\/\/hallein-evangelisch.at\/wp\/index.php?rest_route=%2Fwp%2Fv2%2Ftags&post=13985"}],"curies":[{"name":"wp","href":"https:\/\/api.w.org\/{rel}","templated":true}]}}