{"id":14186,"date":"2024-01-19T10:05:00","date_gmt":"2024-01-19T09:05:00","guid":{"rendered":"https:\/\/hallein-evangelisch.at\/wp\/?p=14186"},"modified":"2024-01-19T10:05:00","modified_gmt":"2024-01-19T09:05:00","slug":"sonntagsgruss-zum-21-jaenner-2024","status":"publish","type":"post","link":"https:\/\/hallein-evangelisch.at\/wp\/?p=14186","title":{"rendered":"Sonntagsgru\u00df zum 21. J\u00e4nner 2024"},"content":{"rendered":"<p>[19.01.2024]<\/p>\n<p>Liebe Mitglieder und Freunde unserer Gemeinde!<\/p>\n<p>Herzlich gr\u00fc\u00dfen wir euch mit dem Wochenspruch zum 3. Sonntag in der Epiphaniaszeit (Lukas 13,29): \u201e<em>Es werden kommen von Osten und von Westen, von Norden und von S\u00fcden, die zu Tisch sitzen werden im Reich Gottes.\u201c<\/em><\/p>\n<p>Diese Verhei\u00dfung pr\u00e4gt schon die Botschaft der Propheten im 1.Testament, sie aktualisiert sich im Reden und Leben des Jesus von Nazareth und sie ist bis heute aktuell und vermittelt Hoffnung! Alle Menschen, egal welcher Herkunft, Hautfarbe oder Geschlechtes, egal welchen Glaubens \u2013 alle werden sich zusammentun, gemeinsam auf Gott vertrauen und miteinander in Frieden leben.<\/p>\n<p>Wenn wir an diesem Wochen mit unseren r\u00f6misch-katholischen Glaubensgeschwistern gemeinsam Gottesdienst feiern, ist das schon ein Vorgeschmack auf dieses Vereint-Sein am Tisch des Herrn.<\/p>\n<p>Vom Motto der \u00d6kumenischen Gebetswoche f\u00fcr die Einheit der Christ*innen handelt der nachstehende Sonntagsgru\u00df!<\/p>\n<p>Passend zum Wochenspruch gibt es ein Lied j\u00fcngeren Datums von John Oxenham (EG.E 13):<br \/>\n<em>\u201eIn Christus gilt nicht Ost noch West, es gilt nicht S\u00fcd noch Nord,<\/em><br \/>\n<em>denn Christus macht uns alle eins in jedem Land und Ort.<\/em><br \/>\n<em>In Christus findet unser Herz, was wahre Einheit bringt:<\/em><br \/>\n<em>Er ist es, der das goldne Band der Liebe um uns schlingt.<\/em><br \/>\n<em>So reicht einander eure Hand, uns trennt kein Unterschied.<\/em><br \/>\n<em>Wer immer unserm Vater dient, ist der Familie Glied.<\/em><br \/>\n<em>In Christus trifft sich Ost und West, es trifft sich S\u00fcd und Nord.<\/em><br \/>\n<em>Wir wissen uns in Christus eins, gegr\u00fcndet auf sein Wort. \u201c<\/em><\/p>\n<p>Wir w\u00fcnschen euch in unseren Gottesdiensten, in unserer Gemeinde, in eurem allt\u00e4glichen Leben dieses Verbunden-Sein mit anderen \u00fcber alle Unterschiede hinweg!<\/p>\n<p>Gott helfe und befl\u00fcgele uns dazu mit seiner Liebe und seinem Segen!<br \/>\n<em>Eure Pfarrer Peter und Jens-Daniel<\/em><\/p>\n<h3>Gru\u00df zum 3. Sonntag nach Epiphanias, 21. J\u00e4nner 2023<\/h3>\n<p><em>\u201eTut Gutes! Sucht das Recht!<\/em>\u201c (Jesaja 1,17) \u2013 so lautet das Thema der heurigen \u00f6kumenischen Gebetswoche f\u00fcr die Einheit der Christinnen und Christen.<\/p>\n<figure id=\"attachment_13368\" aria-describedby=\"caption-attachment-13368\" style=\"width: 300px\" class=\"wp-caption alignright\"><img loading=\"lazy\" decoding=\"async\" class=\"size-thumbnail wp-image-13368\" src=\"https:\/\/hallein-evangelisch.at\/wp\/wp-content\/uploads\/2023\/06\/Peter-Gabriel-300x350.jpg\" alt=\"\" width=\"300\" height=\"350\" srcset=\"https:\/\/hallein-evangelisch.at\/wp\/wp-content\/uploads\/2023\/06\/Peter-Gabriel-300x350.jpg 300w, https:\/\/hallein-evangelisch.at\/wp\/wp-content\/uploads\/2023\/06\/Peter-Gabriel.jpg 600w\" sizes=\"auto, (max-width: 300px) 100vw, 300px\" \/><figcaption id=\"caption-attachment-13368\" class=\"wp-caption-text\">Peter Gabriel<\/figcaption><\/figure>\n<p>Vertreter*innen christlicher Kirchen aus Minnesota (USA), die immer noch an Ungleichbehandlung und Diskriminierung von Menschen verschiedener Hautfarbe leiden, haben es ausgew\u00e4hlt und wir werden es in den \u00f6kumenischen Gottesdiensten in Oberalm, Kuchl, Abtenau und Rif bedenken.<\/p>\n<p>Jesaja fordert die Menschen des Volkes Israel vor ca. 2.500 Jahren und auch uns heute auf, uns abzuwenden von einem Handeln sowie einem Lebensstil, der das Recht der Armen beugt, der zwar manchen Privilegien sichert, aber andere in die Armut treibt, der Menschen auf Grund von Hautfarbe, Herkunft, Geschlecht oder sexueller Orientierung bzw. Identit\u00e4t ungleich behandelt.<\/p>\n<p>Jesaja fordert uns klar auf: Kehrt um! Tut Bu\u00dfe! Reinigt euch!<\/p>\n<ul>\n<li>Das beginnt damit, dass ich erkenne, wo ich etwas falsch gemacht, einen anderen Menschen missachtet oder verletzt habe, aber auch, wo in einer Gruppe, einer Organisation etwas nicht richtig l\u00e4uft.<\/li>\n<li>Der zweite Schritt ist dann, dass ich mich (bzw. wir als Gruppe) bewusst entscheide, aufzuh\u00f6ren, B\u00f6ses zu tun. Das f\u00e4ngt in meinem Denken an, das ich Vorurteile hinterfrage, die ich gegen einen konkreten Menschen oder eine Gruppe hege. Vorurteile, die mir vielleicht anerzogen sind oder die man halt so hat.\u00a0Jesus gibt in der Bergpredigt und in seinen Erz\u00e4hlungen vielerlei Hinweise und Beispiele, wie ich im Sinne Gottes mit meinen Mitmenschen umgehen kann.<\/li>\n<li>Im dritten Schritt geht es darum, Lernorte zu schaffen, wo christliches Verhalten, das den anderen achtet und respektiert, einge\u00fcbt werden kann. Denn: Denken, Reden, Handeln und Leben nach Gottes Willen f\u00e4llt nicht vom Himmel, sondern muss und kann erlernt und einge\u00fcbt werden.<\/li>\n<\/ul>\n<p>Gott gibt mir und uns die Kraft dazu und motiviert uns, weil er mir in Liebe begegnet und mich annimmt. Das gibt mir Kraft und erm\u00f6glicht mir, mich zu ver\u00e4ndern. Der erste Lernort ist nat\u00fcrlich das Elternhaus, dann die Schule. In besonderer Weise ist es f\u00fcr mich jedoch die christliche Gemeinde. Denn hier kommen ja Menschen zusammen, die von Gott ergriffen sind und im Vertrauen auf ihn leben wollen. So k\u00f6nnen wir uns gegenseitig unterst\u00fctzen und Mut machen sowie gemeinsam \u00fcberlegen, wie ein Leben aussieht, das dem Willen Gottes entspricht. Und das auch in \u00f6kumenischer Verbundenheit mit Glaubensgeschwistern aus anderen Kirchen.<\/p>\n<p>Machen wir uns gemeinsam auf den Weg!<br \/>\n<em>Euer Pfarrer Peter Gabriel<\/em><\/p>\n","protected":false},"excerpt":{"rendered":"<div class=\"mh-excerpt\"><p>[19.01.2024] Liebe Mitglieder und Freunde unserer Gemeinde! Herzlich gr\u00fc\u00dfen wir euch mit dem Wochenspruch zum 3. Sonntag in der Epiphaniaszeit (Lukas 13,29): \u201eEs werden kommen von Osten und von Westen, von Norden und von S\u00fcden, <a class=\"mh-excerpt-more\" href=\"https:\/\/hallein-evangelisch.at\/wp\/?p=14186\" title=\"Sonntagsgru\u00df zum 21. J\u00e4nner 2024\">[&#8230;]<\/a><\/p>\n<\/div>","protected":false},"author":8,"featured_media":13831,"comment_status":"closed","ping_status":"closed","sticky":false,"template":"","format":"standard","meta":{"footnotes":""},"categories":[84,102],"tags":[],"class_list":{"0":"post-14186","1":"post","2":"type-post","3":"status-publish","4":"format-standard","5":"has-post-thumbnail","7":"category-hauskirche","8":"category-sonntagsgruss"},"_links":{"self":[{"href":"https:\/\/hallein-evangelisch.at\/wp\/index.php?rest_route=\/wp\/v2\/posts\/14186","targetHints":{"allow":["GET"]}}],"collection":[{"href":"https:\/\/hallein-evangelisch.at\/wp\/index.php?rest_route=\/wp\/v2\/posts"}],"about":[{"href":"https:\/\/hallein-evangelisch.at\/wp\/index.php?rest_route=\/wp\/v2\/types\/post"}],"author":[{"embeddable":true,"href":"https:\/\/hallein-evangelisch.at\/wp\/index.php?rest_route=\/wp\/v2\/users\/8"}],"replies":[{"embeddable":true,"href":"https:\/\/hallein-evangelisch.at\/wp\/index.php?rest_route=%2Fwp%2Fv2%2Fcomments&post=14186"}],"version-history":[{"count":5,"href":"https:\/\/hallein-evangelisch.at\/wp\/index.php?rest_route=\/wp\/v2\/posts\/14186\/revisions"}],"predecessor-version":[{"id":14191,"href":"https:\/\/hallein-evangelisch.at\/wp\/index.php?rest_route=\/wp\/v2\/posts\/14186\/revisions\/14191"}],"wp:featuredmedia":[{"embeddable":true,"href":"https:\/\/hallein-evangelisch.at\/wp\/index.php?rest_route=\/wp\/v2\/media\/13831"}],"wp:attachment":[{"href":"https:\/\/hallein-evangelisch.at\/wp\/index.php?rest_route=%2Fwp%2Fv2%2Fmedia&parent=14186"}],"wp:term":[{"taxonomy":"category","embeddable":true,"href":"https:\/\/hallein-evangelisch.at\/wp\/index.php?rest_route=%2Fwp%2Fv2%2Fcategories&post=14186"},{"taxonomy":"post_tag","embeddable":true,"href":"https:\/\/hallein-evangelisch.at\/wp\/index.php?rest_route=%2Fwp%2Fv2%2Ftags&post=14186"}],"curies":[{"name":"wp","href":"https:\/\/api.w.org\/{rel}","templated":true}]}}