{"id":14243,"date":"2024-02-02T17:05:31","date_gmt":"2024-02-02T16:05:31","guid":{"rendered":"https:\/\/hallein-evangelisch.at\/wp\/?p=14243"},"modified":"2024-12-26T11:22:35","modified_gmt":"2024-12-26T10:22:35","slug":"fastenaktion-2024-2","status":"publish","type":"post","link":"https:\/\/hallein-evangelisch.at\/wp\/?p=14243","title":{"rendered":"Fastenaktion 2024 \u2013 Programm"},"content":{"rendered":"<p>[02.02.2024]<\/p>\n<h3>Br\u00fccken bauen &#8211; Spaltung verhindern<\/h3>\n<p>Liebe Halleinerinnen und Halleiner,<br \/>\nNachbarn und Nachbarinnen!<\/p>\n<figure style=\"width: 250px\" class=\"wp-caption alignright\"><img loading=\"lazy\" decoding=\"async\" src=\"https:\/\/hallein-evangelisch.at\/wp\/wp-content\/uploads\/2024\/02\/foto_gabriel-300x363.png\" alt=\"\" width=\"250\" height=\"363\" \/><figcaption class=\"wp-caption-text\">Ev. Pfarrer Peter Gabriel<\/figcaption><\/figure>\n<p>Wo treffen sich noch Leute mit verschiedenen Ansichten, um zu diskutieren und ihre Haltungen weiter zu entwickeln? Wollen wir wirklich jede noch so abstruse Deutung des Zeitgeschehens h\u00f6ren? Ist es noch m\u00f6glich, dass Menschen mit verschiedenen Grundeinstellungen an gemeinsamen Zielen arbeiten? Fragen wie diese stellen sich vermehrt, seit Krise um Krise unsere Gesellschaft herausfordert. Sind die Spaltungen, von denen jetzt so viel die Rede ist, so tief geworden, dass Begegnung, Diskussion und gemeinsame Aktion keine Chance mehr haben?<\/p>\n<p>Die Fastenaktion 2024 der evangelischen Pfarrgemeinde Hallein und der katholischen Pfarrgemeinden des Pfarrverbands Hallein+ sucht Wege aus den Spaltungen zu einem neuen Miteinander. Wir fragen nach, wie die Politik wieder zu einer Sprache ohne Polarisierung finden kann, wie das Gespr\u00e4ch mit Anh\u00e4ngern von Verschw\u00f6rungser-z\u00e4hlungen gelingt und wie Auseinandersetzungen auf der pers\u00f6nlichen Ebene ohne Eskalation gel\u00f6st werden k\u00f6nnen. Wir schauen auch auf den m\u00f6glichen Beitrag der Kirchen zu einer vers\u00f6hnten Gesellschaft.<\/p>\n<figure style=\"width: 250px\" class=\"wp-caption alignright\"><img loading=\"lazy\" decoding=\"async\" src=\"https:\/\/hallein-evangelisch.at\/wp\/wp-content\/uploads\/2024\/02\/foto_danner-300x411.png\" alt=\"\" width=\"250\" height=\"411\" \/><figcaption class=\"wp-caption-text\">Dechant Markus Danner<\/figcaption><\/figure>\n<p>Gehen Sie mit uns und mit den Fachleuten, die uns mit ihrer Expertise begleiten, lassen Sie uns gemeinsam Br\u00fccken bauen!<\/p>\n<p><em>evang. Pfarrer Dr. Peter Gabriel<\/em><br \/>\n<em>r.k. Dechant Dr. Markus Danner<\/em><\/p>\n<h3>Unsere Referentinnen und Referenten<\/h3>\n<p><strong>Dienstag, 20. Februar 2024 19:00 Uhr<\/strong><br \/>\nKatrin Steiner-H\u00e4mmerle: FH-Prof.in MMag.a Dr.in<br \/>\nStudiengangsleitung &amp; Professur f\u00fcr Public Management\u2028und Professur f\u00fcr Politikwissenschaft an der FH Klagenfurt. Bekannt als Kommentatorin der \u00f6sterreichischen Innenpolitik im ORF.<\/p>\n<p><strong>Dienstag, 27. Februar 2024 19.00 Uhr<\/strong><br \/>\nJosef Schmid: MSc, MA: IT-Techniker und Lehrer besch\u00e4ftigt sich als Absolvent des Universit\u00e4tslehrgangs \u201eSpirituelle Theologie im interreligi\u00f6sen Prozess\u201c mit den Themen Verschw\u00f6rungsmythen, Antisemitismus und die Geschichte Israels &#8211; Pal\u00e4stinas.<\/p>\n<p><strong>Dienstag, 5. M\u00e4rz 2024 19.00 Uhr<\/strong><br \/>\nUte Winkler: Evangelische Schulpfarrerin in Traunstein (Bayern), kennt das &#8222;Kleingedruckte&#8220; der \u00d6kumene aus ihrer Ehe mit einem katholischen Theologen und denkt als Theologin dar\u00fcber nach. Die Pfarrer Markus Danner (r.k.) und Peter Gabriel (ev.) teilen ihre Erfahrungen und Fragen aus dem Alltag des Gemeindelebens.<\/p>\n<p><strong>Dienstag, 12. M\u00e4rz 2024 19.00 Uhr<\/strong><br \/>\nRegina Polak: Professorin f\u00fcr Praktische Theologie und Religionsforschung an der Theologischen Fakult\u00e4t der Universit\u00e4t Wien. Forschungsschwerpunkte: Religion, Migration und Urbanisierung; christlich-j\u00fcdischer und christlich-islamischer Dialog; Antisemitismus und Rassismus; Sozioreligi\u00f6se Transformationsprozesse in Europa; Werteforschung; Theologische Grundfragen einer Kirche im Umbruch.<\/p>\n<p><strong>MITTWOCH, 20. M\u00e4rz 2024 19.00 Uhr<\/strong><br \/>\nHannes Goditsch MSc: Praxis f\u00fcr Mediation und Psychotherapie in Salzburg-Stadt, angestellt als Psychotherapeut in den SALK, Seminarleiter bzw. Vortragender in verschiedenen Mediationsausbildungen, im psychotherapeutischen Prop\u00e4deutikum der UNI-Salzburg und in der Pflege- und Adoptivelternausbildung des Landes Salzburg.<\/p>\n<h3>Das Aktionsplakat<\/h3>\n<a href=\"https:\/\/hallein-evangelisch.at\/wp\/wp-content\/uploads\/2024\/01\/plakat_2024_v10.pdf\" class=\"pdfemb-viewer\" style=\"\" data-width=\"max\" data-height=\"max\" data-toolbar=\"bottom\" data-toolbar-fixed=\"on\">plakat_2024_v10<\/a>\n<p>&nbsp;<\/p>\n","protected":false},"excerpt":{"rendered":"<div class=\"mh-excerpt\"><p>[02.02.2024] Br\u00fccken bauen &#8211; Spaltung verhindern Liebe Halleinerinnen und Halleiner, Nachbarn und Nachbarinnen! Wo treffen sich noch Leute mit verschiedenen Ansichten, um zu diskutieren und ihre Haltungen weiter zu entwickeln? Wollen wir wirklich jede noch <a class=\"mh-excerpt-more\" href=\"https:\/\/hallein-evangelisch.at\/wp\/?p=14243\" title=\"Fastenaktion 2024 \u2013 Programm\">[&#8230;]<\/a><\/p>\n<\/div>","protected":false},"author":8,"featured_media":14221,"comment_status":"closed","ping_status":"closed","sticky":false,"template":"","format":"standard","meta":{"footnotes":""},"categories":[18],"tags":[],"class_list":{"0":"post-14243","1":"post","2":"type-post","3":"status-publish","4":"format-standard","5":"has-post-thumbnail","7":"category-fastenaktion-archiv"},"_links":{"self":[{"href":"https:\/\/hallein-evangelisch.at\/wp\/index.php?rest_route=\/wp\/v2\/posts\/14243","targetHints":{"allow":["GET"]}}],"collection":[{"href":"https:\/\/hallein-evangelisch.at\/wp\/index.php?rest_route=\/wp\/v2\/posts"}],"about":[{"href":"https:\/\/hallein-evangelisch.at\/wp\/index.php?rest_route=\/wp\/v2\/types\/post"}],"author":[{"embeddable":true,"href":"https:\/\/hallein-evangelisch.at\/wp\/index.php?rest_route=\/wp\/v2\/users\/8"}],"replies":[{"embeddable":true,"href":"https:\/\/hallein-evangelisch.at\/wp\/index.php?rest_route=%2Fwp%2Fv2%2Fcomments&post=14243"}],"version-history":[{"count":8,"href":"https:\/\/hallein-evangelisch.at\/wp\/index.php?rest_route=\/wp\/v2\/posts\/14243\/revisions"}],"predecessor-version":[{"id":14796,"href":"https:\/\/hallein-evangelisch.at\/wp\/index.php?rest_route=\/wp\/v2\/posts\/14243\/revisions\/14796"}],"wp:featuredmedia":[{"embeddable":true,"href":"https:\/\/hallein-evangelisch.at\/wp\/index.php?rest_route=\/wp\/v2\/media\/14221"}],"wp:attachment":[{"href":"https:\/\/hallein-evangelisch.at\/wp\/index.php?rest_route=%2Fwp%2Fv2%2Fmedia&parent=14243"}],"wp:term":[{"taxonomy":"category","embeddable":true,"href":"https:\/\/hallein-evangelisch.at\/wp\/index.php?rest_route=%2Fwp%2Fv2%2Fcategories&post=14243"},{"taxonomy":"post_tag","embeddable":true,"href":"https:\/\/hallein-evangelisch.at\/wp\/index.php?rest_route=%2Fwp%2Fv2%2Ftags&post=14243"}],"curies":[{"name":"wp","href":"https:\/\/api.w.org\/{rel}","templated":true}]}}