{"id":14258,"date":"2024-02-08T23:09:39","date_gmt":"2024-02-08T22:09:39","guid":{"rendered":"https:\/\/hallein-evangelisch.at\/wp\/?p=14258"},"modified":"2024-03-11T15:56:38","modified_gmt":"2024-03-11T14:56:38","slug":"1919-im-februar-2024","status":"publish","type":"post","link":"https:\/\/hallein-evangelisch.at\/wp\/?p=14258","title":{"rendered":"19:19 im Februar 2024"},"content":{"rendered":"<p>[08.02.2024] [Update 18.02.2024]<\/p>\n<p style=\"font-weight: 400;\">Ein dem Kirchenvater Augustinus zugeschriebenes Zitat dient als Motto f\u00fcr neunzehn.neunzehn im Februar:<br \/>\n<em>O Mensch, lerne tanzen! Sonst wissen die Engel im Himmel mit dir nichts anzufangen.<\/em><\/p>\n<p style=\"font-weight: 400;\">In vielen Religionen und Kulturen hat der Tanz eine spirituelle Dimension. Auch in der Kirche ist er nach einer langen Zeit der Verteufelung wieder entdeckt worden als M\u00f6glichkeit, der menschlichen Seele Ausdruck zu verleihen: nicht nur als Ausdruck der Freude, sondern auch des Klagens, der Trauer, der Gottessehnsucht und damit letztlich als M\u00f6glichkeit, mit Leid fertig zu werden und seine \u00dcberwindung zu f\u00f6rdern.<\/p>\n<p style=\"font-weight: 400;\">Von daher ist ein neunzehn.neunzehn-Abend, der sich dem Thema Tanz widmet, ein stimmiger Auftakt am Beginn der Passionszeit.<\/p>\n<p style=\"font-weight: 400;\">Wir freuen uns, dass ein Ensemble von K\u00fcnstler*innen, die seit Jahren neunzehn.neunzehn erfolgreich mitgestalten, am 19. Februar wieder zu erleben ist<\/p>\n<p><img loading=\"lazy\" decoding=\"async\" class=\"aligncenter size-large wp-image-14249\" src=\"https:\/\/hallein-evangelisch.at\/wp\/wp-content\/uploads\/2024\/02\/1819-Feb-2024-729x1024.png\" alt=\"\" width=\"729\" height=\"1024\" srcset=\"https:\/\/hallein-evangelisch.at\/wp\/wp-content\/uploads\/2024\/02\/1819-Feb-2024-729x1024.png 729w, https:\/\/hallein-evangelisch.at\/wp\/wp-content\/uploads\/2024\/02\/1819-Feb-2024-600x843.png 600w, https:\/\/hallein-evangelisch.at\/wp\/wp-content\/uploads\/2024\/02\/1819-Feb-2024-300x422.png 300w, https:\/\/hallein-evangelisch.at\/wp\/wp-content\/uploads\/2024\/02\/1819-Feb-2024-1093x1536.png 1093w, https:\/\/hallein-evangelisch.at\/wp\/wp-content\/uploads\/2024\/02\/1819-Feb-2024-1457x2048.png 1457w, https:\/\/hallein-evangelisch.at\/wp\/wp-content\/uploads\/2024\/02\/1819-Feb-2024.png 1460w\" sizes=\"auto, (max-width: 729px) 100vw, 729px\" \/><\/p>\n","protected":false},"excerpt":{"rendered":"<div class=\"mh-excerpt\"><p>[08.02.2024] [Update 18.02.2024] Ein dem Kirchenvater Augustinus zugeschriebenes Zitat dient als Motto f\u00fcr neunzehn.neunzehn im Februar: O Mensch, lerne tanzen! Sonst wissen die Engel im Himmel mit dir nichts anzufangen. In vielen Religionen und Kulturen <a class=\"mh-excerpt-more\" href=\"https:\/\/hallein-evangelisch.at\/wp\/?p=14258\" title=\"19:19 im Februar 2024\">[&#8230;]<\/a><\/p>\n<\/div>","protected":false},"author":8,"featured_media":14481,"comment_status":"closed","ping_status":"closed","sticky":false,"template":"","format":"standard","meta":{"footnotes":""},"categories":[31],"tags":[],"class_list":{"0":"post-14258","1":"post","2":"type-post","3":"status-publish","4":"format-standard","5":"has-post-thumbnail","7":"category-kultur"},"_links":{"self":[{"href":"https:\/\/hallein-evangelisch.at\/wp\/index.php?rest_route=\/wp\/v2\/posts\/14258","targetHints":{"allow":["GET"]}}],"collection":[{"href":"https:\/\/hallein-evangelisch.at\/wp\/index.php?rest_route=\/wp\/v2\/posts"}],"about":[{"href":"https:\/\/hallein-evangelisch.at\/wp\/index.php?rest_route=\/wp\/v2\/types\/post"}],"author":[{"embeddable":true,"href":"https:\/\/hallein-evangelisch.at\/wp\/index.php?rest_route=\/wp\/v2\/users\/8"}],"replies":[{"embeddable":true,"href":"https:\/\/hallein-evangelisch.at\/wp\/index.php?rest_route=%2Fwp%2Fv2%2Fcomments&post=14258"}],"version-history":[{"count":4,"href":"https:\/\/hallein-evangelisch.at\/wp\/index.php?rest_route=\/wp\/v2\/posts\/14258\/revisions"}],"predecessor-version":[{"id":14299,"href":"https:\/\/hallein-evangelisch.at\/wp\/index.php?rest_route=\/wp\/v2\/posts\/14258\/revisions\/14299"}],"wp:featuredmedia":[{"embeddable":true,"href":"https:\/\/hallein-evangelisch.at\/wp\/index.php?rest_route=\/wp\/v2\/media\/14481"}],"wp:attachment":[{"href":"https:\/\/hallein-evangelisch.at\/wp\/index.php?rest_route=%2Fwp%2Fv2%2Fmedia&parent=14258"}],"wp:term":[{"taxonomy":"category","embeddable":true,"href":"https:\/\/hallein-evangelisch.at\/wp\/index.php?rest_route=%2Fwp%2Fv2%2Fcategories&post=14258"},{"taxonomy":"post_tag","embeddable":true,"href":"https:\/\/hallein-evangelisch.at\/wp\/index.php?rest_route=%2Fwp%2Fv2%2Ftags&post=14258"}],"curies":[{"name":"wp","href":"https:\/\/api.w.org\/{rel}","templated":true}]}}