{"id":14262,"date":"2024-02-09T09:47:55","date_gmt":"2024-02-09T08:47:55","guid":{"rendered":"https:\/\/hallein-evangelisch.at\/wp\/?p=14262"},"modified":"2024-02-09T09:47:55","modified_gmt":"2024-02-09T08:47:55","slug":"sonntagsgruss-zum-11-februar-2024","status":"publish","type":"post","link":"https:\/\/hallein-evangelisch.at\/wp\/?p=14262","title":{"rendered":"Sonntagsgru\u00df zum 11. Februar 2024"},"content":{"rendered":"<p>[09.02.2024]<\/p>\n<p>Liebe Mitglieder und Freunde unserer Gemeinde!<\/p>\n<p>\u201e<em>Seht, wir gehen hinauf nach Jerusalem, und es wird alles vollendet werden, was geschrieben ist durch die Propheten von dem Menschensohn.<\/em>\u201c (Lukas 18,31) \u2013 Jesus stimmt seine J\u00fcngerinnen und J\u00fcnger ein auf seinen letzten Weg, hin zum Kreuz.<\/p>\n<p>Mit dem Sonntag vor der Passionszeit, namens Estomihi, lassen auch wir uns einstimmen: Wir bedenken Leiden, Sterben und Auferstehen unseres Herrn Jesus Christus. In diesem Sinne soll nicht das Fasten oder Verzichten von bestimmten Dingen im Vordergrund stehen, sondern das Zeit-Nehmen f\u00fcr unsere (Neu-)Ausrichtung auf Gott. Dazu l\u00e4dt insbesondere der angeh\u00e4ngte Sonntagsgru\u00df ein und will Mut machen.<\/p>\n<p>Worte des evangelischen Theologen Helmut Gollwitzer dr\u00fccken unsere christliche Hoffnung aus:<\/p>\n<p><em>\u201eDu bist unsere Zukunft, Herr Jesus Christus, und nicht der Tod.<\/em><br \/>\n<em>Deshalb setzen wir jetzt schon die Hoffnung gegen die Hoffnungslosigkeit,<\/em><br \/>\n<em>die Freude gegen die Trauer<\/em><br \/>\n<em>und lassen uns durch nichts irre machen:<\/em><br \/>\n<em>Du bist der Retter unseres Lebens, und was wir hier schon glauben d\u00fcrfen,<\/em><br \/>\n<em>wirst du uns schauen lassen von Angesicht zu Angesicht.\u201c<\/em><\/p>\n<p>Wir w\u00fcnschen euch diese Hoffnung \u2013 auch in schwierigen Zeiten, w\u00fcnschen euch Vertrauen gegen die Angst und Gottes Liebe und Segen auf all euren Wegen!<\/p>\n<p><em>Eure Pfarrer Peter und Jens-Daniel<\/em><\/p>\n<h3>Sonntagsgru\u00df zum 11.2.2024 \u2013 Fastenzeit<\/h3>\n<p><img loading=\"lazy\" decoding=\"async\" class=\"alignright size-medium wp-image-9968\" src=\"https:\/\/hallein-evangelisch.at\/wp\/wp-content\/uploads\/2021\/09\/auswahl_IOS_IMG_4509457210919-300x400.jpg\" alt=\"\" width=\"300\" height=\"400\" srcset=\"https:\/\/hallein-evangelisch.at\/wp\/wp-content\/uploads\/2021\/09\/auswahl_IOS_IMG_4509457210919-300x400.jpg 300w, https:\/\/hallein-evangelisch.at\/wp\/wp-content\/uploads\/2021\/09\/auswahl_IOS_IMG_4509457210919.jpg 674w\" sizes=\"auto, (max-width: 300px) 100vw, 300px\" \/>Gemeinsam mit Sch\u00fclerinnen und Sch\u00fclern habe ich mich heute der Idee der Passionszeit angen\u00e4hert \u2013 das war spannend! Schnell hat allen eingeleuchtet, dass es um eine bewusste Besinnung gehen soll. Das wird gleichmal mit dem Aschermittwoch deutlich.<\/p>\n<p>Unsere katholischen Glaubensgeschwister lassen sich dies mit dem Aufzeichnen eines Aschekreuzes auf der Stirn sp\u00fcrbar machen: Zum Leben geh\u00f6rt das Sterben. Jesu Sterben war notwendig, um Auferstehung und neues Leben zu erm\u00f6glichen \u2013 auch uns.<\/p>\n<p>Die 40-t\u00e4gige Fastenzeit will uns f\u00fcr den Weg Jesu sensibilisieren. Auf die Frage, wof\u00fcr denn Fasten sinnvoll sein k\u00f6nnte, formulierten meine Sch\u00fcler*innen Antworten im Blick auf Dankbarkeit, Vorfreude, Reinigung, klarerer Geist, Charakterst\u00e4rkung. Eine 17-j\u00e4hrige sagte: \u201eEs ist einfach wichtig, immer mal wieder die Komfortzone zu verlassen\u201c.<\/p>\n<p>Ist das nicht ein erstrebenswertes Motiv? Bewusstes Verzichten von selbstverst\u00e4ndlichen G\u00fctern und liebgewonnenen Gewohnheiten lehren uns deren Selbstverst\u00e4ndlichkeit zu sch\u00e4tzen.<\/p>\n<p>Inzwischen gibt es ja viele Formen, pers\u00f6nlichen Verzicht zu gestalten: Weglassen, was Spa\u00df macht oder Genuss bereitet. Oder das Auto stehen lassen. Oder den Fernseher und bestimmte Smartphone-Apps auslassen. Oder bewusst weniger Abendtermine zusagen. Kann man alles machen und ist sicher auch gut.<\/p>\n<p>Doch wie erkenne ich, dass ich nicht blo\u00df was f\u00fcr meine Gesundheit mache? Mein Umweltgewissen beruhige? Mein Konzentrationsverm\u00f6gen verbessere? Und die Work-Life-Balance?<\/p>\n<p>Ich meine dann, wenn das Fasten <strong>von etwas, f\u00fcr etwas anderes<\/strong> genutzt wird:<\/p>\n<ul>\n<li>Auf das Wesentliche konzentrieren.<\/li>\n<li>Den eigenen Lebensstil pr\u00fcfen.<\/li>\n<li>Diesen vielleicht auch korrigieren.<\/li>\n<li>Versuchen Gottes guten Willen zu erkennen.<\/li>\n<\/ul>\n<p>Und mit an Sicherheit grenzender Wahrscheinlichkeit sch\u00e4rfen sich auf diese Weise meine Sinne auch f\u00fcr andere Menschen und deren Bed\u00fcrftigkeit.<\/p>\n<p>Ob wir nicht dann der Spur folgen, die Gott schon in den alten Schriften hat ausrufen lassen: Mal unsere Gesch\u00e4ftigkeit unterbrechen und auf ihre Absichten und Auswirkungen pr\u00fcfen.<\/p>\n<p>Ein solches herausforderndes Gotteswort \u2013 aus dem Prophetenbuch des Amos \u2013 werden wir kommenden Sonntag als Predigttext bedenken. Aber dazu dann mehr in der Kirche und beim Nachgespr\u00e4ch\u2026<\/p>\n<p>Wie wollen wir in und durch die Passionszeit gehen? Lasst uns doch bis Mittwoch zu dieser Frage Stellung beziehen. F\u00fcr uns selbst, aber vielleicht auch f\u00fcr unseren Austausch miteinander.<\/p>\n<p><em>Pfarrer Jens-Daniel Mauer<\/em><\/p>\n","protected":false},"excerpt":{"rendered":"<div class=\"mh-excerpt\"><p>[09.02.2024] Liebe Mitglieder und Freunde unserer Gemeinde! \u201eSeht, wir gehen hinauf nach Jerusalem, und es wird alles vollendet werden, was geschrieben ist durch die Propheten von dem Menschensohn.\u201c (Lukas 18,31) \u2013 Jesus stimmt seine J\u00fcngerinnen <a class=\"mh-excerpt-more\" href=\"https:\/\/hallein-evangelisch.at\/wp\/?p=14262\" title=\"Sonntagsgru\u00df zum 11. Februar 2024\">[&#8230;]<\/a><\/p>\n<\/div>","protected":false},"author":8,"featured_media":13834,"comment_status":"closed","ping_status":"closed","sticky":false,"template":"","format":"standard","meta":{"footnotes":""},"categories":[84,102],"tags":[],"class_list":{"0":"post-14262","1":"post","2":"type-post","3":"status-publish","4":"format-standard","5":"has-post-thumbnail","7":"category-hauskirche","8":"category-sonntagsgruss"},"_links":{"self":[{"href":"https:\/\/hallein-evangelisch.at\/wp\/index.php?rest_route=\/wp\/v2\/posts\/14262","targetHints":{"allow":["GET"]}}],"collection":[{"href":"https:\/\/hallein-evangelisch.at\/wp\/index.php?rest_route=\/wp\/v2\/posts"}],"about":[{"href":"https:\/\/hallein-evangelisch.at\/wp\/index.php?rest_route=\/wp\/v2\/types\/post"}],"author":[{"embeddable":true,"href":"https:\/\/hallein-evangelisch.at\/wp\/index.php?rest_route=\/wp\/v2\/users\/8"}],"replies":[{"embeddable":true,"href":"https:\/\/hallein-evangelisch.at\/wp\/index.php?rest_route=%2Fwp%2Fv2%2Fcomments&post=14262"}],"version-history":[{"count":2,"href":"https:\/\/hallein-evangelisch.at\/wp\/index.php?rest_route=\/wp\/v2\/posts\/14262\/revisions"}],"predecessor-version":[{"id":14264,"href":"https:\/\/hallein-evangelisch.at\/wp\/index.php?rest_route=\/wp\/v2\/posts\/14262\/revisions\/14264"}],"wp:featuredmedia":[{"embeddable":true,"href":"https:\/\/hallein-evangelisch.at\/wp\/index.php?rest_route=\/wp\/v2\/media\/13834"}],"wp:attachment":[{"href":"https:\/\/hallein-evangelisch.at\/wp\/index.php?rest_route=%2Fwp%2Fv2%2Fmedia&parent=14262"}],"wp:term":[{"taxonomy":"category","embeddable":true,"href":"https:\/\/hallein-evangelisch.at\/wp\/index.php?rest_route=%2Fwp%2Fv2%2Fcategories&post=14262"},{"taxonomy":"post_tag","embeddable":true,"href":"https:\/\/hallein-evangelisch.at\/wp\/index.php?rest_route=%2Fwp%2Fv2%2Ftags&post=14262"}],"curies":[{"name":"wp","href":"https:\/\/api.w.org\/{rel}","templated":true}]}}