{"id":14285,"date":"2024-02-16T09:36:23","date_gmt":"2024-02-16T08:36:23","guid":{"rendered":"https:\/\/hallein-evangelisch.at\/wp\/?p=14285"},"modified":"2024-02-16T09:36:23","modified_gmt":"2024-02-16T08:36:23","slug":"sonntagsgruss-zum-18-februar-2024","status":"publish","type":"post","link":"https:\/\/hallein-evangelisch.at\/wp\/?p=14285","title":{"rendered":"Sonntagsgru\u00df zum 18. Februar 2024"},"content":{"rendered":"<p>[16.02.2024]<\/p>\n<p>Liebe Mitglieder und Freunde unserer Gemeinde!<\/p>\n<p>Invokavit \u2013 \u201e<em>Er ruft mich an in, darum will ich ihn erh\u00f6ren.<\/em>\u201c (Ps. 91,15) \u2013 so lautet der Name des ersten Sonntags der Passionszeit. Was auch immer mich belastet, wo und wie ich auf die Probe gestellt werde \u2013 Gott ist bei mir, denn in Jesus Christus hat er die Macht des B\u00f6sen in die Schranken gewiesen. Diese Zusage h\u00f6ren wir im Wochenspruch (1.Johannes 3,8b): <em>\u201eDazu ist er erschienen der Sohn Gottes, dass er die Werke des Teufels zerst\u00f6re.\u201c<\/em> Das ist auch das Thema des Sonntagsevangeliums und der Predigt. Der nachstehende Sonntagsgru\u00df verkn\u00fcpft die Faschings- mit der Fastenzeit, beide machen mir Mut, auch anders sein zu d\u00fcrfen.<\/p>\n<p>Dem Psalm 91 nach empfundene Worte sollen uns durch die neue Woche begleiten:<\/p>\n<ul>\n<li><em>Wenn du im Schutz des H\u00f6chsten wohnst, kannst du sagen: Wie eine Burg sch\u00fctzt mich Gott.<\/em><\/li>\n<li><em>Wenn du wegrennen musst und nicht mehr kannst, verspricht dir Gott: Ich sch\u00fctze dich wie eine Burg.<\/em><\/li>\n<li><em>Wenn du nachts Angst hast im Dunkeln, schlecht tr\u00e4umst und \u00fcber b\u00f6se Geister siehst, verspricht dir Gott: Ich sch\u00fctze dich wie eine Burg. <\/em><\/li>\n<li><em>Wenn du stolperst und dich verletzt, verspricht dir Gott: Ich sch\u00fctze dich wie eine Burg.<\/em><\/li>\n<li><em>Wenn du im Schutz des H\u00f6chsten wohnst, kannst du sagen: Wie eine Burg sch\u00fctzt mich Gott.<\/em><\/li>\n<\/ul>\n<p>Die Erfahrung des Psalmbeters w\u00fcnschen wir euch in den kommenden Tagen \u2013 Euch allen eine gesegnete Passionszeit!<\/p>\n<p><em>Eure Pfarrer Peter und Jens-Daniel<\/em><\/p>\n<h3>Gru\u00df zum 1. Sonntag der Passionszeit (Invokavit)<\/h3>\n<p>Liebe Mitglieder, Freundinnen und Freunde unserer Halleiner Pfarrgemeinde!<\/p>\n<p><img loading=\"lazy\" decoding=\"async\" class=\"alignright size-thumbnail wp-image-14215\" src=\"https:\/\/hallein-evangelisch.at\/wp\/wp-content\/uploads\/2024\/02\/foto_gabriel-300x363.png\" alt=\"\" width=\"300\" height=\"363\" srcset=\"https:\/\/hallein-evangelisch.at\/wp\/wp-content\/uploads\/2024\/02\/foto_gabriel-300x363.png 300w, https:\/\/hallein-evangelisch.at\/wp\/wp-content\/uploads\/2024\/02\/foto_gabriel-600x727.png 600w, https:\/\/hallein-evangelisch.at\/wp\/wp-content\/uploads\/2024\/02\/foto_gabriel.png 777w\" sizes=\"auto, (max-width: 300px) 100vw, 300px\" \/>Noch klingt das Helau, Alaaf und Leilei der fr\u00f6hlichen Faschingsfeiern in unseren Ohren.<br \/>\nBeim ausgelassenen Feiern kann man die oft triste Alltagswelt mit ihren Problemen vergessen und probehalber einmal durchs Verkleiden in eine andere Rolle schl\u00fcpfen.<\/p>\n<p>Die sogenannte \u201ef\u00fcnfte Jahreszeit\u201c hat auch eine gesellschaftspolitische Dimension: \u201eDenen da oben\u201c darf man mal ordentlich die Meinung sagen und sie durch den Kakao ziehen. F\u00fcr die Tage des Feierns ist ihre Herrschaft \u201eunterbrochen\u201c, jetzt haben der kleine Mann, die oft \u00fcbersehene Frau das Sagen.<\/p>\n<p>Das hat eine religi\u00f6se Dimension, denn wir Christ*innen vertrauen, in Jesus Christus ist die Herrschaft Gottes auf Erden schon angebrochen, er begrenzt die Macht der M\u00e4chtigen dieser Erde und weist sie in die Schranken. Karneval also als Vorgeschmack des Reiches Gottes\u2026<\/p>\n<p>Mit dem Aschermittwoch ist nun alles vorbei, stattdessen: Fasten, Verzicht, kein Spa\u00df mehr \u2013 totales Kontrastprogramm. Aber stimmt das? Nein! In der Brosch\u00fcre \u201e7 Wochen anders leben\u201c bin ich auf die Aussage des \u00f6sterreichischen Schriftstellers \u00d6d\u00f6n von Horv\u00e1th (1901-1938) gesto\u00dfen: \u201e<em>Eigentlich bin ich ganz anders, nur komme ich so selten dazu.<\/em>\u201c<\/p>\n<p>F\u00fcr mich geht es in der Passionszeit um etwas ganz \u00c4hnliches wie im Fasching: ich darf dem Leben nachsp\u00fcren, neue Wege einschlagen, mich von Belastendem trennen, Freiraum genie\u00dfen \u2013 auch f\u00fcr Ungew\u00f6hnliches oder Experimente.<\/p>\n<p>Das klassische Fasten oder Verzichten dient eben diesem Ziel: meinen Abh\u00e4ngigkeiten auf die Spur zu kommen, wieder zu erfahren, dass ich im einfacheren Leben Freiraum gewinne und Neues entdecken kann. So kann ich k\u00f6rperlich und geistig entschlacken, mich reinigen.<br \/>\nViele praktizieren aber auch das Plus-Fasten, also in den kommenden Wochen sich zus\u00e4tzlich etwas g\u00f6nnen, was mir, meiner Seele oder auch einem anderen Menschen guttut.<\/p>\n<p>Vielleicht jeden Tag spazieren gehen, mir immer wieder Fr\u00fchlingsblumen kaufen oder andere freundlich gr\u00fc\u00dfen, einen schon lange eingeschlafenen Kontakt wieder aufnehmen\u2026<\/p>\n<p>Aber auch Leid und Trauer Raum geben, f\u00fcr mich selbst, im Blick auf diese Welt voller Krieg, Ungerechtigkeit und der kollabierenden Sch\u00f6pfung.<\/p>\n<p>Ich vertraue zutiefst, im Leiden von Jesus Christus sieht und umf\u00e4ngt Gott alles Leiden dieser Welt \u2013 auch meines!<\/p>\n<p>Die Passionszeit l\u00e4dt mich wie die Faschingszeit ein: Lass dich nicht festlegen auf deine Rolle, auf die eigenen Erwartungen oder die anderer, auf den Arbeitsdruck, sondern lebe auch deine verborgenen, deine vergessenen Seiten. Du darfst auch noch ganz anders sein \u2013 Gott schaut so oder so mit liebenden Augen auf dich!<\/p>\n<p>In diesem Sinne eine spannende, gesegnete Passionszeit!<br \/>\n<em>Euer Pfarrer Peter Gabriel<\/em><\/p>\n","protected":false},"excerpt":{"rendered":"<div class=\"mh-excerpt\"><p>[16.02.2024] Liebe Mitglieder und Freunde unserer Gemeinde! Invokavit \u2013 \u201eEr ruft mich an in, darum will ich ihn erh\u00f6ren.\u201c (Ps. 91,15) \u2013 so lautet der Name des ersten Sonntags der Passionszeit. Was auch immer mich <a class=\"mh-excerpt-more\" href=\"https:\/\/hallein-evangelisch.at\/wp\/?p=14285\" title=\"Sonntagsgru\u00df zum 18. Februar 2024\">[&#8230;]<\/a><\/p>\n<\/div>","protected":false},"author":8,"featured_media":13835,"comment_status":"closed","ping_status":"closed","sticky":false,"template":"","format":"standard","meta":{"footnotes":""},"categories":[84,102],"tags":[],"class_list":{"0":"post-14285","1":"post","2":"type-post","3":"status-publish","4":"format-standard","5":"has-post-thumbnail","7":"category-hauskirche","8":"category-sonntagsgruss"},"_links":{"self":[{"href":"https:\/\/hallein-evangelisch.at\/wp\/index.php?rest_route=\/wp\/v2\/posts\/14285","targetHints":{"allow":["GET"]}}],"collection":[{"href":"https:\/\/hallein-evangelisch.at\/wp\/index.php?rest_route=\/wp\/v2\/posts"}],"about":[{"href":"https:\/\/hallein-evangelisch.at\/wp\/index.php?rest_route=\/wp\/v2\/types\/post"}],"author":[{"embeddable":true,"href":"https:\/\/hallein-evangelisch.at\/wp\/index.php?rest_route=\/wp\/v2\/users\/8"}],"replies":[{"embeddable":true,"href":"https:\/\/hallein-evangelisch.at\/wp\/index.php?rest_route=%2Fwp%2Fv2%2Fcomments&post=14285"}],"version-history":[{"count":3,"href":"https:\/\/hallein-evangelisch.at\/wp\/index.php?rest_route=\/wp\/v2\/posts\/14285\/revisions"}],"predecessor-version":[{"id":14288,"href":"https:\/\/hallein-evangelisch.at\/wp\/index.php?rest_route=\/wp\/v2\/posts\/14285\/revisions\/14288"}],"wp:featuredmedia":[{"embeddable":true,"href":"https:\/\/hallein-evangelisch.at\/wp\/index.php?rest_route=\/wp\/v2\/media\/13835"}],"wp:attachment":[{"href":"https:\/\/hallein-evangelisch.at\/wp\/index.php?rest_route=%2Fwp%2Fv2%2Fmedia&parent=14285"}],"wp:term":[{"taxonomy":"category","embeddable":true,"href":"https:\/\/hallein-evangelisch.at\/wp\/index.php?rest_route=%2Fwp%2Fv2%2Fcategories&post=14285"},{"taxonomy":"post_tag","embeddable":true,"href":"https:\/\/hallein-evangelisch.at\/wp\/index.php?rest_route=%2Fwp%2Fv2%2Ftags&post=14285"}],"curies":[{"name":"wp","href":"https:\/\/api.w.org\/{rel}","templated":true}]}}