{"id":14334,"date":"2024-02-27T19:00:38","date_gmt":"2024-02-27T18:00:38","guid":{"rendered":"https:\/\/hallein-evangelisch.at\/wp\/?p=14334"},"modified":"2024-12-26T11:22:34","modified_gmt":"2024-12-26T10:22:34","slug":"fastenaktion-2024-3","status":"publish","type":"post","link":"https:\/\/hallein-evangelisch.at\/wp\/?p=14334","title":{"rendered":"Fastenaktion 2024 (3)"},"content":{"rendered":"<p>[27.02.2024]<\/p>\n<h3>Br\u00fccken bauen \u2013 Spaltungen \u00fcberwinden<\/h3>\n<p><a href=\"https:\/\/hallein-evangelisch.at\/wp\/wp-content\/uploads\/2024\/02\/FA20240305.png\"><img loading=\"lazy\" decoding=\"async\" class=\"aligncenter wp-image-14226 size-full\" src=\"https:\/\/hallein-evangelisch.at\/wp\/wp-content\/uploads\/2024\/02\/FA20240305.png\" alt=\"\" width=\"2270\" height=\"340\" srcset=\"https:\/\/hallein-evangelisch.at\/wp\/wp-content\/uploads\/2024\/02\/FA20240305.png 2270w, https:\/\/hallein-evangelisch.at\/wp\/wp-content\/uploads\/2024\/02\/FA20240305-600x90.png 600w, https:\/\/hallein-evangelisch.at\/wp\/wp-content\/uploads\/2024\/02\/FA20240305-1024x153.png 1024w, https:\/\/hallein-evangelisch.at\/wp\/wp-content\/uploads\/2024\/02\/FA20240305-300x45.png 300w, https:\/\/hallein-evangelisch.at\/wp\/wp-content\/uploads\/2024\/02\/FA20240305-1536x230.png 1536w, https:\/\/hallein-evangelisch.at\/wp\/wp-content\/uploads\/2024\/02\/FA20240305-2048x307.png 2048w\" sizes=\"auto, (max-width: 2270px) 100vw, 2270px\" \/><\/a><\/p>\n<p>Die theologischen Unterschiede zwischen den Konfessionen sind eigentlich nur f\u00fcr ausgewiesene Fachleute erkennbar. In der kirchlichen Praxis werden Verschiedenheit und Gemeinsamkeiten dann sp\u00fcrbar, wenn es Gelegenheiten gibt, sich aufeinander einzulassen, wie beispielsweise ein gemeinsamer Gottesdienst oder eine konfessionsverbindende Ehe.<\/p>\n<ul>\n<li>Was trennt die Kirchen?<\/li>\n<li>Was sind die Hindernisse daf\u00fcr, mehr gemeinsam auf dem Weg zu sein?<\/li>\n<li>Welche offenen Fragen erschweren das Miteinander?<\/li>\n<li>Was ist trotz allem m\u00f6glich, den Glauben gemeinsam zu leben und wohin geht die Sehnsucht, es noch viel mehr tun zu k\u00f6nnen?<\/li>\n<\/ul>\n<p>Nicht theologische Feinheiten, sondern praktische Erfahrungen von drei Pfarrpersonen stehen im Mittelpunkt des Abends. Pfarrerin Ute Winkler aus Traunstein wird dazu im Gespr\u00e4ch mit den Halleiner Pfarrern Markus Danner und Peter Gabriel ihre Erfahrungen aus dem Familienleben mit einem r\u00f6misch-katholischen Theologen beitragen. Alle drei geben Einblicke in ihre pers\u00f6nlichen Zug\u00e4nge zur \u00d6kumene, berichten \u00fcber Stolpersteine, Fallstricke und Hoffnungsvolles &#8211; mit Blick auf m\u00f6gliche Entwicklungen in der Zukunft.<\/p>\n<p><img loading=\"lazy\" decoding=\"async\" class=\"aligncenter size-large wp-image-14230\" src=\"https:\/\/hallein-evangelisch.at\/wp\/wp-content\/uploads\/2024\/02\/2024_folder_innenseite-723x1024.png\" alt=\"\" width=\"723\" height=\"1024\" srcset=\"https:\/\/hallein-evangelisch.at\/wp\/wp-content\/uploads\/2024\/02\/2024_folder_innenseite-723x1024.png 723w, https:\/\/hallein-evangelisch.at\/wp\/wp-content\/uploads\/2024\/02\/2024_folder_innenseite-600x849.png 600w, https:\/\/hallein-evangelisch.at\/wp\/wp-content\/uploads\/2024\/02\/2024_folder_innenseite-300x425.png 300w, https:\/\/hallein-evangelisch.at\/wp\/wp-content\/uploads\/2024\/02\/2024_folder_innenseite-1085x1536.png 1085w, https:\/\/hallein-evangelisch.at\/wp\/wp-content\/uploads\/2024\/02\/2024_folder_innenseite.png 1239w\" sizes=\"auto, (max-width: 723px) 100vw, 723px\" \/><\/p>\n","protected":false},"excerpt":{"rendered":"<div class=\"mh-excerpt\"><p>[27.02.2024] Br\u00fccken bauen \u2013 Spaltungen \u00fcberwinden Die theologischen Unterschiede zwischen den Konfessionen sind eigentlich nur f\u00fcr ausgewiesene Fachleute erkennbar. In der kirchlichen Praxis werden Verschiedenheit und Gemeinsamkeiten dann sp\u00fcrbar, wenn es Gelegenheiten gibt, sich aufeinander <a class=\"mh-excerpt-more\" href=\"https:\/\/hallein-evangelisch.at\/wp\/?p=14334\" title=\"Fastenaktion 2024 (3)\">[&#8230;]<\/a><\/p>\n<\/div>","protected":false},"author":8,"featured_media":14117,"comment_status":"closed","ping_status":"closed","sticky":false,"template":"","format":"standard","meta":{"footnotes":""},"categories":[18],"tags":[],"class_list":{"0":"post-14334","1":"post","2":"type-post","3":"status-publish","4":"format-standard","5":"has-post-thumbnail","7":"category-fastenaktion-archiv"},"_links":{"self":[{"href":"https:\/\/hallein-evangelisch.at\/wp\/index.php?rest_route=\/wp\/v2\/posts\/14334","targetHints":{"allow":["GET"]}}],"collection":[{"href":"https:\/\/hallein-evangelisch.at\/wp\/index.php?rest_route=\/wp\/v2\/posts"}],"about":[{"href":"https:\/\/hallein-evangelisch.at\/wp\/index.php?rest_route=\/wp\/v2\/types\/post"}],"author":[{"embeddable":true,"href":"https:\/\/hallein-evangelisch.at\/wp\/index.php?rest_route=\/wp\/v2\/users\/8"}],"replies":[{"embeddable":true,"href":"https:\/\/hallein-evangelisch.at\/wp\/index.php?rest_route=%2Fwp%2Fv2%2Fcomments&post=14334"}],"version-history":[{"count":3,"href":"https:\/\/hallein-evangelisch.at\/wp\/index.php?rest_route=\/wp\/v2\/posts\/14334\/revisions"}],"predecessor-version":[{"id":14567,"href":"https:\/\/hallein-evangelisch.at\/wp\/index.php?rest_route=\/wp\/v2\/posts\/14334\/revisions\/14567"}],"wp:featuredmedia":[{"embeddable":true,"href":"https:\/\/hallein-evangelisch.at\/wp\/index.php?rest_route=\/wp\/v2\/media\/14117"}],"wp:attachment":[{"href":"https:\/\/hallein-evangelisch.at\/wp\/index.php?rest_route=%2Fwp%2Fv2%2Fmedia&parent=14334"}],"wp:term":[{"taxonomy":"category","embeddable":true,"href":"https:\/\/hallein-evangelisch.at\/wp\/index.php?rest_route=%2Fwp%2Fv2%2Fcategories&post=14334"},{"taxonomy":"post_tag","embeddable":true,"href":"https:\/\/hallein-evangelisch.at\/wp\/index.php?rest_route=%2Fwp%2Fv2%2Ftags&post=14334"}],"curies":[{"name":"wp","href":"https:\/\/api.w.org\/{rel}","templated":true}]}}