{"id":14354,"date":"2024-03-04T00:00:03","date_gmt":"2024-03-03T23:00:03","guid":{"rendered":"https:\/\/hallein-evangelisch.at\/wp\/?p=14354"},"modified":"2024-02-23T17:12:09","modified_gmt":"2024-02-23T16:12:09","slug":"was-bedeutet-gutes-erfuelltes-leben-fuer-mich-1","status":"publish","type":"post","link":"https:\/\/hallein-evangelisch.at\/wp\/?p=14354","title":{"rendered":"Was bedeutet gutes, erf\u00fclltes Leben f\u00fcr mich? (1)"},"content":{"rendered":"<p>[04.03.2024]<\/p>\n<h4>Statements von Menschen aus unserer Gemeinde zur Fragestellung &#8222;Was bedeutet gutes, erf\u00fclltes Leben f\u00fcr mich?&#8220;<\/h4>\n<figure id=\"attachment_13498\" aria-describedby=\"caption-attachment-13498\" style=\"width: 300px\" class=\"wp-caption alignright\"><a href=\"https:\/\/hallein-evangelisch.at\/wp\/wp-content\/uploads\/2023\/09\/Kerstin-Janssen-Diesel.png\"><img loading=\"lazy\" decoding=\"async\" class=\"size-thumbnail wp-image-13498\" src=\"https:\/\/hallein-evangelisch.at\/wp\/wp-content\/uploads\/2023\/09\/Kerstin-Janssen-Diesel-300x296.png\" alt=\"\" width=\"300\" height=\"296\" srcset=\"https:\/\/hallein-evangelisch.at\/wp\/wp-content\/uploads\/2023\/09\/Kerstin-Janssen-Diesel-300x296.png 300w, https:\/\/hallein-evangelisch.at\/wp\/wp-content\/uploads\/2023\/09\/Kerstin-Janssen-Diesel.png 596w\" sizes=\"auto, (max-width: 300px) 100vw, 300px\" \/><\/a><figcaption id=\"caption-attachment-13498\" class=\"wp-caption-text\">Kerstin Jan\u00dfen-Diesel<\/figcaption><\/figure>\n<p>F\u00fcr mich bedeutet ein gutes erf\u00fclltes Leben, dass man seine Tr\u00e4ume verwirklicht und gleichzeitig dankbar ist f\u00fcr alles, was gut ist, auch wenn sich nicht immer alle Tr\u00e4ume verwirklichen lassen. Gesundheit ist nicht selbstverst\u00e4ndlich und deshalb ist auch sie wichtig f\u00fcr ein erf\u00fclltes Leben, ebenso wie die Gabe, in den kleinen Dingen und Gesten Freude zu empfinden. Ich denke, es ist auch wichtig echte Freunde und Bekannte zu haben, mit denen man sich austauschen kann, die sich gegenseitig helfen. Besonders sch\u00f6n ist es, wenn man einen Menschen findet, den man liebt und ihm vertraut, auf den man sich verlassen kann und mit dem man seine Hobbys teilt. Wenn man dann noch etwas Sinnvolles f\u00fcr andere Menschen oder eine Gemeinschaft tun kann, ist das sehr erf\u00fcllend. Au\u00dferdem tr\u00e4gt ein Beruf, der einem Freude bringt und in dem man etwas bewegen kann, zur Zufriedenheit bei. Mir ist dann noch sehr wichtig, dass man neugierig auf das Leben, neue Orte und Wissen bleibt und f\u00fcr etwas brennt. Wenn man dann noch an einem Ort leben darf, an dem man sich wohlf\u00fchlt, wo eine wundervolle Natur einem die M\u00f6glichkeit bietet, wieder Kraft zu tanken, dann ist das meine Vorstellung von einem guten erf\u00fcllten Leben.<\/p>\n<p><em>Kerstin Jan\u00dfen-Diesel<\/em><\/p>\n","protected":false},"excerpt":{"rendered":"<div class=\"mh-excerpt\"><p>[04.03.2024] Statements von Menschen aus unserer Gemeinde zur Fragestellung &#8222;Was bedeutet gutes, erf\u00fclltes Leben f\u00fcr mich?&#8220; F\u00fcr mich bedeutet ein gutes erf\u00fclltes Leben, dass man seine Tr\u00e4ume verwirklicht und gleichzeitig dankbar ist f\u00fcr alles, was <a class=\"mh-excerpt-more\" href=\"https:\/\/hallein-evangelisch.at\/wp\/?p=14354\" title=\"Was bedeutet gutes, erf\u00fclltes Leben f\u00fcr mich? (1)\">[&#8230;]<\/a><\/p>\n<\/div>","protected":false},"author":8,"featured_media":14357,"comment_status":"closed","ping_status":"closed","sticky":false,"template":"","format":"standard","meta":{"footnotes":""},"categories":[4],"tags":[],"class_list":{"0":"post-14354","1":"post","2":"type-post","3":"status-publish","4":"format-standard","5":"has-post-thumbnail","7":"category-gedanken"},"_links":{"self":[{"href":"https:\/\/hallein-evangelisch.at\/wp\/index.php?rest_route=\/wp\/v2\/posts\/14354","targetHints":{"allow":["GET"]}}],"collection":[{"href":"https:\/\/hallein-evangelisch.at\/wp\/index.php?rest_route=\/wp\/v2\/posts"}],"about":[{"href":"https:\/\/hallein-evangelisch.at\/wp\/index.php?rest_route=\/wp\/v2\/types\/post"}],"author":[{"embeddable":true,"href":"https:\/\/hallein-evangelisch.at\/wp\/index.php?rest_route=\/wp\/v2\/users\/8"}],"replies":[{"embeddable":true,"href":"https:\/\/hallein-evangelisch.at\/wp\/index.php?rest_route=%2Fwp%2Fv2%2Fcomments&post=14354"}],"version-history":[{"count":3,"href":"https:\/\/hallein-evangelisch.at\/wp\/index.php?rest_route=\/wp\/v2\/posts\/14354\/revisions"}],"predecessor-version":[{"id":14358,"href":"https:\/\/hallein-evangelisch.at\/wp\/index.php?rest_route=\/wp\/v2\/posts\/14354\/revisions\/14358"}],"wp:featuredmedia":[{"embeddable":true,"href":"https:\/\/hallein-evangelisch.at\/wp\/index.php?rest_route=\/wp\/v2\/media\/14357"}],"wp:attachment":[{"href":"https:\/\/hallein-evangelisch.at\/wp\/index.php?rest_route=%2Fwp%2Fv2%2Fmedia&parent=14354"}],"wp:term":[{"taxonomy":"category","embeddable":true,"href":"https:\/\/hallein-evangelisch.at\/wp\/index.php?rest_route=%2Fwp%2Fv2%2Fcategories&post=14354"},{"taxonomy":"post_tag","embeddable":true,"href":"https:\/\/hallein-evangelisch.at\/wp\/index.php?rest_route=%2Fwp%2Fv2%2Ftags&post=14354"}],"curies":[{"name":"wp","href":"https:\/\/api.w.org\/{rel}","templated":true}]}}