{"id":14359,"date":"2024-03-05T00:00:57","date_gmt":"2024-03-04T23:00:57","guid":{"rendered":"https:\/\/hallein-evangelisch.at\/wp\/?p=14359"},"modified":"2024-02-23T17:15:09","modified_gmt":"2024-02-23T16:15:09","slug":"was-bedeutet-gutes-erfuelltes-leben-fuer-mich-2","status":"publish","type":"post","link":"https:\/\/hallein-evangelisch.at\/wp\/?p=14359","title":{"rendered":"Was bedeutet gutes, erf\u00fclltes Leben f\u00fcr mich? (2)"},"content":{"rendered":"<p>[05.03.2024]<\/p>\n<h4>Statements von Menschen aus unserer Gemeinde zur Fragestellung &#8222;Was bedeutet gutes, erf\u00fclltes Leben f\u00fcr mich?&#8220;<\/h4>\n<p>Der erste Gedanke, der sich bei dieser Frage in mir bemerkbar macht, ist: Beziehungen! Beziehung ist f\u00fcr mich der Schl\u00fcssel f\u00fcr Leben in F\u00fclle, der Schl\u00fcssel, der T\u00fcren \u00f6ffnet und Zug\u00e4nge zu R\u00e4umen erm\u00f6glicht, die mir ansonsten verschlossen bleiben w\u00fcrden.<\/p>\n<p>Interessanterweise wird in den Evangelien die Frage nach dem wichtigsten Gebot und die Frage nach ewigem Leben jeweils auf die gleiche Art und Weise beantwortet: Du sollst den Herrn, deinen Gott, lieben mit ganzem Herzen, mit ganzer Seele und mit deinem ganzen Denken. Das ist das wichtigste und erste Gebot. Ebenso wichtig ist das zweite: Du sollst deinen N\u00e4chsten lieben wie dich selbst. (vgl. Mt. 22,37-39, Mk 12,29-31, Lk. 10,27-28) Und Jesus bekr\u00e4ftigt es in Lk. 10,29 zus\u00e4tzlich mit den Worten: Handle danach und du wirst leben! Was f\u00fcr eine Zusage f\u00fcr das Hier und Jetzt und f\u00fcr die Ewigkeit, in der wir bereits mittendrin sind!<\/p>\n<p>Leben in F\u00fclle gelingt also, wenn ich in lebendiger Beziehung mit Gott, meinem Sch\u00f6pfer, in lebendiger Beziehung zu meinem Umfeld und in lebendiger Beziehung mit mir selbst bin. Das ist der biblische Schl\u00fcsselbund, der mir T\u00fcren zu den vielf\u00e4ltigen Lebensr\u00e4umen \u00f6ffnet.<\/p>\n<p>Und sollte ich mal einen Schl\u00fcssel verlegt haben, Gott hat immer einen Reserveschl\u00fcssel parat \u2013 wie tr\u00f6stlich! Denn schlussendlich ist es ER, der mich liebesf\u00e4hig macht und mir die Schl\u00fcssel f\u00fcr Beziehungs- und Lebensf\u00e4higkeit anvertraut.<\/p>\n<p><em>Markus Mayr<\/em><\/p>\n","protected":false},"excerpt":{"rendered":"<div class=\"mh-excerpt\"><p>[05.03.2024] Statements von Menschen aus unserer Gemeinde zur Fragestellung &#8222;Was bedeutet gutes, erf\u00fclltes Leben f\u00fcr mich?&#8220; Der erste Gedanke, der sich bei dieser Frage in mir bemerkbar macht, ist: Beziehungen! Beziehung ist f\u00fcr mich der <a class=\"mh-excerpt-more\" href=\"https:\/\/hallein-evangelisch.at\/wp\/?p=14359\" title=\"Was bedeutet gutes, erf\u00fclltes Leben f\u00fcr mich? (2)\">[&#8230;]<\/a><\/p>\n<\/div>","protected":false},"author":8,"featured_media":14357,"comment_status":"closed","ping_status":"closed","sticky":false,"template":"","format":"standard","meta":{"footnotes":""},"categories":[4],"tags":[],"class_list":{"0":"post-14359","1":"post","2":"type-post","3":"status-publish","4":"format-standard","5":"has-post-thumbnail","7":"category-gedanken"},"_links":{"self":[{"href":"https:\/\/hallein-evangelisch.at\/wp\/index.php?rest_route=\/wp\/v2\/posts\/14359","targetHints":{"allow":["GET"]}}],"collection":[{"href":"https:\/\/hallein-evangelisch.at\/wp\/index.php?rest_route=\/wp\/v2\/posts"}],"about":[{"href":"https:\/\/hallein-evangelisch.at\/wp\/index.php?rest_route=\/wp\/v2\/types\/post"}],"author":[{"embeddable":true,"href":"https:\/\/hallein-evangelisch.at\/wp\/index.php?rest_route=\/wp\/v2\/users\/8"}],"replies":[{"embeddable":true,"href":"https:\/\/hallein-evangelisch.at\/wp\/index.php?rest_route=%2Fwp%2Fv2%2Fcomments&post=14359"}],"version-history":[{"count":2,"href":"https:\/\/hallein-evangelisch.at\/wp\/index.php?rest_route=\/wp\/v2\/posts\/14359\/revisions"}],"predecessor-version":[{"id":14363,"href":"https:\/\/hallein-evangelisch.at\/wp\/index.php?rest_route=\/wp\/v2\/posts\/14359\/revisions\/14363"}],"wp:featuredmedia":[{"embeddable":true,"href":"https:\/\/hallein-evangelisch.at\/wp\/index.php?rest_route=\/wp\/v2\/media\/14357"}],"wp:attachment":[{"href":"https:\/\/hallein-evangelisch.at\/wp\/index.php?rest_route=%2Fwp%2Fv2%2Fmedia&parent=14359"}],"wp:term":[{"taxonomy":"category","embeddable":true,"href":"https:\/\/hallein-evangelisch.at\/wp\/index.php?rest_route=%2Fwp%2Fv2%2Fcategories&post=14359"},{"taxonomy":"post_tag","embeddable":true,"href":"https:\/\/hallein-evangelisch.at\/wp\/index.php?rest_route=%2Fwp%2Fv2%2Ftags&post=14359"}],"curies":[{"name":"wp","href":"https:\/\/api.w.org\/{rel}","templated":true}]}}