{"id":14372,"date":"2024-03-13T00:00:06","date_gmt":"2024-03-12T23:00:06","guid":{"rendered":"https:\/\/hallein-evangelisch.at\/wp\/?p=14372"},"modified":"2024-03-14T21:55:56","modified_gmt":"2024-03-14T20:55:56","slug":"leben-2-0-viele-kleine-schritte","status":"publish","type":"post","link":"https:\/\/hallein-evangelisch.at\/wp\/?p=14372","title":{"rendered":"Leben 2.0 \u2013 viele kleine Schritte"},"content":{"rendered":"<p>[13.03.2024]<\/p>\n<figure id=\"attachment_13505\" aria-describedby=\"caption-attachment-13505\" style=\"width: 300px\" class=\"wp-caption alignright\"><a href=\"https:\/\/hallein-evangelisch.at\/wp\/wp-content\/uploads\/2023\/09\/Edda-Boehm-Ingram.png\"><img loading=\"lazy\" decoding=\"async\" class=\"wp-image-13505 size-thumbnail\" src=\"https:\/\/hallein-evangelisch.at\/wp\/wp-content\/uploads\/2023\/09\/Edda-Boehm-Ingram-300x296.png\" alt=\"\" width=\"300\" height=\"296\" srcset=\"https:\/\/hallein-evangelisch.at\/wp\/wp-content\/uploads\/2023\/09\/Edda-Boehm-Ingram-300x296.png 300w, https:\/\/hallein-evangelisch.at\/wp\/wp-content\/uploads\/2023\/09\/Edda-Boehm-Ingram.png 596w\" sizes=\"auto, (max-width: 300px) 100vw, 300px\" \/><\/a><figcaption id=\"caption-attachment-13505\" class=\"wp-caption-text\">Dr.in Edda B\u00f6hm-Ingram<\/figcaption><\/figure>\n<ul>\n<li>\u201eWenn ich gro\u00df bin, m\u00f6chte ich nicht mehr so arm sein! Ich will ein eigenes Haus haben und so viel Geld, dass ich mir immer das kaufen kann, was ich mir gerade w\u00fcnsche!\u201c<\/li>\n<li>\u201cH\u00e4tte ich die M\u00f6glichkeit, die letzten 10 Jahre meines Lebens \u201ezu streichen\u201c und sie noch einmal zu leben, dann w\u00fcrde ich vieles anders machen!\u201c<\/li>\n<li>\u201eW\u00e4re ich in Salzburg geboren und nicht in Rum\u00e4nien als eines von 7 Kindern einer Roma-Familie, dann k\u00f6nnte ich studieren, statt bettelnd meinen Lebensunterhalt zu verdienen!\u201c<\/li>\n<\/ul>\n<p>Als Diakoniebeauftragte werde ich im Beratungsgespr\u00e4ch schon auch einmal mit solchen oder \u00e4hnlichen \u00c4u\u00dferungen konfrontiert. In Lebenskrisen, in denen man das Gef\u00fchl hat, allem hilflos ausgeliefert zu sein, f\u00e4llt es schwer, das Leben \u201eso zu nehmen, wie es gerade ist\u201c! Der Wunsch nach einem Neustart \u2013 einem \u201eLeben 2.0\u201c, in dem alles besser ist, wird nicht immer ausgesprochen, aber die Sehnsucht danach ist oft sp\u00fcrbar.<\/p>\n<p>Aber was verbirgt sich hinter diesem \u201eLeben 2.0\u201c? Ist es wirklich das sorglose Leben, in dem alles, was man anpackt, gelingt? In dem ich bekomme, was ich mir w\u00fcnsche, und in dem ich nur von Menschen umgeben bin, die mich in meinem Tun unterst\u00fctzen und die mir immer wohlgesonnen sind? Haben wir nicht auch in jedem neuen Lebensabschnitt die Chance auf ein \u201eLeben 2.0.\u201c \u2013 die Chance, unser Leben neu und vielleicht auch besser zu gestalten?<\/p>\n<p>Positive Ver\u00e4nderungen des eigenen Lebens passieren nicht von selbst &#8211; der Weg zu einem \u201eLeben 2.0.\u201c braucht \u201eviele kleine Schritte\u201c:<\/p>\n<ul>\n<li>Schritt 1: Sich eingestehen, dass es einer gravierenden \u00c4nderung bedarf, um weiterhin ein gutes Leben f\u00fchren zu k\u00f6nnen oder das eigene Leben zum Besseren zu wenden.<\/li>\n<li>Schritt 2: Hilfe in Anspruch nehmen, wenn die eigene Kraft nicht ausreicht, um notwendige Ver\u00e4nderungen herbeizuf\u00fchren.<\/li>\n<li>Schritt 3: Sich auch in schwierigen Lebenslagen darauf besinnen, was im Leben bisher gut gegl\u00fcckt ist und sich eigener Ressourcen bewusst zu sein.<\/li>\n<li>Schritt 4: Die Ver\u00e4nderung mutig einleiten und darauf vertrauen, die richtige Entscheidung getroffen oder den richtigen Weg gew\u00e4hlt zu haben.<\/li>\n<\/ul>\n<p>Keine Situation in unserem Leben ist so hoffnungslos, dass wir sie nicht vertrauensvoll in die H\u00e4nde Gottes legen d\u00fcrfen! ER schenkt uns ein \u201eLeben 2.0.\u201c, dessen d\u00fcrfen wir gewiss sein! Es liegt an uns, dieses Geschenk anzunehmen und uns \u00fcberraschen zu lassen, wie es genau aussieht! Manchmal sieht es ganz anders aus, als wir uns dieses \u201eLeben 2.0.\u201c vorgestellt haben&#8230;<\/p>\n<p><em>Edda B\u00f6hm-Ingram, Diakoniebeauftragte<\/em><\/p>\n","protected":false},"excerpt":{"rendered":"<div class=\"mh-excerpt\"><p>[13.03.2024] \u201eWenn ich gro\u00df bin, m\u00f6chte ich nicht mehr so arm sein! Ich will ein eigenes Haus haben und so viel Geld, dass ich mir immer das kaufen kann, was ich mir gerade w\u00fcnsche!\u201c \u201cH\u00e4tte <a class=\"mh-excerpt-more\" href=\"https:\/\/hallein-evangelisch.at\/wp\/?p=14372\" title=\"Leben 2.0 \u2013 viele kleine Schritte\">[&#8230;]<\/a><\/p>\n<\/div>","protected":false},"author":8,"featured_media":14479,"comment_status":"closed","ping_status":"closed","sticky":false,"template":"","format":"standard","meta":{"footnotes":""},"categories":[4],"tags":[],"class_list":{"0":"post-14372","1":"post","2":"type-post","3":"status-publish","4":"format-standard","5":"has-post-thumbnail","7":"category-gedanken"},"_links":{"self":[{"href":"https:\/\/hallein-evangelisch.at\/wp\/index.php?rest_route=\/wp\/v2\/posts\/14372","targetHints":{"allow":["GET"]}}],"collection":[{"href":"https:\/\/hallein-evangelisch.at\/wp\/index.php?rest_route=\/wp\/v2\/posts"}],"about":[{"href":"https:\/\/hallein-evangelisch.at\/wp\/index.php?rest_route=\/wp\/v2\/types\/post"}],"author":[{"embeddable":true,"href":"https:\/\/hallein-evangelisch.at\/wp\/index.php?rest_route=\/wp\/v2\/users\/8"}],"replies":[{"embeddable":true,"href":"https:\/\/hallein-evangelisch.at\/wp\/index.php?rest_route=%2Fwp%2Fv2%2Fcomments&post=14372"}],"version-history":[{"count":2,"href":"https:\/\/hallein-evangelisch.at\/wp\/index.php?rest_route=\/wp\/v2\/posts\/14372\/revisions"}],"predecessor-version":[{"id":14511,"href":"https:\/\/hallein-evangelisch.at\/wp\/index.php?rest_route=\/wp\/v2\/posts\/14372\/revisions\/14511"}],"wp:featuredmedia":[{"embeddable":true,"href":"https:\/\/hallein-evangelisch.at\/wp\/index.php?rest_route=\/wp\/v2\/media\/14479"}],"wp:attachment":[{"href":"https:\/\/hallein-evangelisch.at\/wp\/index.php?rest_route=%2Fwp%2Fv2%2Fmedia&parent=14372"}],"wp:term":[{"taxonomy":"category","embeddable":true,"href":"https:\/\/hallein-evangelisch.at\/wp\/index.php?rest_route=%2Fwp%2Fv2%2Fcategories&post=14372"},{"taxonomy":"post_tag","embeddable":true,"href":"https:\/\/hallein-evangelisch.at\/wp\/index.php?rest_route=%2Fwp%2Fv2%2Ftags&post=14372"}],"curies":[{"name":"wp","href":"https:\/\/api.w.org\/{rel}","templated":true}]}}