{"id":14374,"date":"2024-03-14T00:00:25","date_gmt":"2024-03-13T23:00:25","guid":{"rendered":"https:\/\/hallein-evangelisch.at\/wp\/?p=14374"},"modified":"2024-02-23T18:01:49","modified_gmt":"2024-02-23T17:01:49","slug":"wir-stellen-vor-gabriele-neugebauer","status":"publish","type":"post","link":"https:\/\/hallein-evangelisch.at\/wp\/?p=14374","title":{"rendered":"Wir stellen vor: Gabriele Neugebauer"},"content":{"rendered":"<p>[14.03.2024]<\/p>\n<p>Viele Pfarrgemeindemitglieder engagieren sich bereits ehrenamtlich in unserem Projekt \u201eDaLeTe \u2013 Das Leben Teilen\u201c.<\/p>\n<h3>Wir stellen vor<\/h3>\n<p>In unserer Rubrik \u201eWir stellen vor\u201c bitten wir DaLeTe-Freiwillige vor den Vorhang und geben interessante Einblicke in ihr ehrenamtliches Engagement.<\/p>\n<h4><a href=\"https:\/\/hallein-evangelisch.at\/wp\/wp-content\/uploads\/2024\/02\/gabriele_neugebauer.png\"><img loading=\"lazy\" decoding=\"async\" class=\"alignright size-thumbnail wp-image-14376\" src=\"https:\/\/hallein-evangelisch.at\/wp\/wp-content\/uploads\/2024\/02\/gabriele_neugebauer-300x389.png\" alt=\"\" width=\"300\" height=\"389\" srcset=\"https:\/\/hallein-evangelisch.at\/wp\/wp-content\/uploads\/2024\/02\/gabriele_neugebauer-300x389.png 300w, https:\/\/hallein-evangelisch.at\/wp\/wp-content\/uploads\/2024\/02\/gabriele_neugebauer-600x777.png 600w, https:\/\/hallein-evangelisch.at\/wp\/wp-content\/uploads\/2024\/02\/gabriele_neugebauer-791x1024.png 791w, https:\/\/hallein-evangelisch.at\/wp\/wp-content\/uploads\/2024\/02\/gabriele_neugebauer.png 1186w\" sizes=\"auto, (max-width: 300px) 100vw, 300px\" \/><\/a>Gabriele Neugebauer<\/h4>\n<p><strong>Ich hei\u00dfe:<\/strong> Gabriele Neugebauer<br \/>\n<strong>Ich wohne in:<\/strong> Hallein<br \/>\n<strong>4 W\u00f6rter, die mich beschreiben:<\/strong> Interessiert, beobachtend, beweglich, lache am liebsten \u00fcber mich, Pippi Langstrumpf<\/p>\n<p><strong>Wenn ich einen Zauberstab h\u00e4tte&#8230;<\/strong><br \/>\n&#8230;w\u00fcrde ich allen Kindern LIEBE schicken. Denn, wie schon Astrid Lindgren sagte: Man kann in Kinder nichts hineinpr\u00fcgeln, aber vieles herausstreicheln.<\/p>\n<p><strong>Darum engagiere ich mich freiwillig:<\/strong><br \/>\nIch engagiere mich freiwillig, um dem Leben etwas zur\u00fcck zu geben, das es mir so gro\u00dfz\u00fcgig gegeben hat.<\/p>\n<p><strong>Mein sch\u00f6nstes DaLeTe-Erlebnis:<\/strong><br \/>\nIn meiner freiwilligen T\u00e4tigkeit biete ich meine Profession an: Ich bin psychosoziale Beraterin (www.dasberatungszimmer.at) und begleite Menschen ein St\u00fcck ihres Lebensweges in emotional schwierigen Zeiten und helfe ihnen L\u00f6sungen zu finden, damit sie gest\u00e4rkt und selbstbewusst ihr Leben wieder genie\u00dfen k\u00f6nnen. Das Sch\u00f6nste an meiner nicht nur freiwilligen T\u00e4tigkeit ist, wenn der\/die Klient*in mein Beratungszimmer mit einem inneren nach au\u00dfen strahlenden Wohlgef\u00fchl verl\u00e4sst.<\/p>\n","protected":false},"excerpt":{"rendered":"<div class=\"mh-excerpt\"><p>[14.03.2024] Viele Pfarrgemeindemitglieder engagieren sich bereits ehrenamtlich in unserem Projekt \u201eDaLeTe \u2013 Das Leben Teilen\u201c. Wir stellen vor In unserer Rubrik \u201eWir stellen vor\u201c bitten wir DaLeTe-Freiwillige vor den Vorhang und geben interessante Einblicke in <a class=\"mh-excerpt-more\" href=\"https:\/\/hallein-evangelisch.at\/wp\/?p=14374\" title=\"Wir stellen vor: Gabriele Neugebauer\">[&#8230;]<\/a><\/p>\n<\/div>","protected":false},"author":8,"featured_media":14376,"comment_status":"closed","ping_status":"closed","sticky":false,"template":"","format":"standard","meta":{"footnotes":""},"categories":[107],"tags":[],"class_list":{"0":"post-14374","1":"post","2":"type-post","3":"status-publish","4":"format-standard","5":"has-post-thumbnail","7":"category-das-leben-teilen"},"_links":{"self":[{"href":"https:\/\/hallein-evangelisch.at\/wp\/index.php?rest_route=\/wp\/v2\/posts\/14374","targetHints":{"allow":["GET"]}}],"collection":[{"href":"https:\/\/hallein-evangelisch.at\/wp\/index.php?rest_route=\/wp\/v2\/posts"}],"about":[{"href":"https:\/\/hallein-evangelisch.at\/wp\/index.php?rest_route=\/wp\/v2\/types\/post"}],"author":[{"embeddable":true,"href":"https:\/\/hallein-evangelisch.at\/wp\/index.php?rest_route=\/wp\/v2\/users\/8"}],"replies":[{"embeddable":true,"href":"https:\/\/hallein-evangelisch.at\/wp\/index.php?rest_route=%2Fwp%2Fv2%2Fcomments&post=14374"}],"version-history":[{"count":2,"href":"https:\/\/hallein-evangelisch.at\/wp\/index.php?rest_route=\/wp\/v2\/posts\/14374\/revisions"}],"predecessor-version":[{"id":14377,"href":"https:\/\/hallein-evangelisch.at\/wp\/index.php?rest_route=\/wp\/v2\/posts\/14374\/revisions\/14377"}],"wp:featuredmedia":[{"embeddable":true,"href":"https:\/\/hallein-evangelisch.at\/wp\/index.php?rest_route=\/wp\/v2\/media\/14376"}],"wp:attachment":[{"href":"https:\/\/hallein-evangelisch.at\/wp\/index.php?rest_route=%2Fwp%2Fv2%2Fmedia&parent=14374"}],"wp:term":[{"taxonomy":"category","embeddable":true,"href":"https:\/\/hallein-evangelisch.at\/wp\/index.php?rest_route=%2Fwp%2Fv2%2Fcategories&post=14374"},{"taxonomy":"post_tag","embeddable":true,"href":"https:\/\/hallein-evangelisch.at\/wp\/index.php?rest_route=%2Fwp%2Fv2%2Ftags&post=14374"}],"curies":[{"name":"wp","href":"https:\/\/api.w.org\/{rel}","templated":true}]}}