{"id":14418,"date":"2024-02-27T22:23:09","date_gmt":"2024-02-27T21:23:09","guid":{"rendered":"https:\/\/hallein-evangelisch.at\/wp\/?p=14418"},"modified":"2024-12-26T11:22:34","modified_gmt":"2024-12-26T10:22:34","slug":"vom-wahren-wissen","status":"publish","type":"post","link":"https:\/\/hallein-evangelisch.at\/wp\/?p=14418","title":{"rendered":"Vom wahren Wissen"},"content":{"rendered":"<p>[27.02.2024]<\/p>\n<p>Dem zweiten Abend der disj\u00e4hrigen Fastenaktion im Gemeindesaal Rif war so wie schon am ersten Abend ein ausgezeichneter Besuch geg\u00f6nnt. Die Seelsorgering der Pfarrgemeinde Katharina Kern-Komarek freute sich in Rif so viele G\u00e4ste zu sehen und begr\u00fc\u00dfte schlie\u00dflich den Referenten des Abends, den P\u00e4dagogen Josef Schmid aus der Stadt Haag in Nieder\u00f6sterreich.<\/p>\n<p>Schmid ging in seiner Rede umfangreich auf die Fragen des Abends ein, berichtete, wie man Verschw\u00f6rungsmythen erkennen kann, wo diese ihren Ursprung haben und wie man mit Betroffenen umgehen kann bzw. wo dieser Umgang notfalls auch seine Grenzen haben sollte.<\/p>\n<p>Nachstehend einige Zitate des Abends:<\/p>\n<ul>\n<li><em>Verschw\u00f6rungstheorien sind immer falsch<\/em><\/li>\n<li><em>Verschw\u00f6rungstheorien sind immer langfristig, sind von einer von gro\u00dfer Gruppe orchestriert in der alle das gleiche Ziel verfolgen<\/em><\/li>\n<li><em>echte Verschw\u00f6rungen hingegen sind langfristig, werden von einer kleiner Gruppe geplant, widersprechen sich bzw. sind gegenl\u00e4ufig<\/em><\/li>\n<li><em>In der Argumentation in Verschw\u00f6rungstheorien sollte immer danach gefragt \/geachtet werden:<\/em>\n<ul>\n<li><em>Cui bono (wem n\u00fctzt die Theorie)<\/em><\/li>\n<li><em>Angebloches Bem\u00fchen um Wissenschaftlichkeit<\/em><\/li>\n<li><em>Misstrauen gegen\u00fcber Medien (sie sind \u201edas Letzte&#8220;)<\/em><\/li>\n<\/ul>\n<\/li>\n<li><em>Jeder hat ein Recht auf eine eigene Meinung, aber kein Recht<\/em><br \/>\n<em>auf eigene Daten.<\/em><\/li>\n<li><em>Die katholische Kirche hat inzwischen eine deutliche Anerkennung des Judentums vorgenommen im Dokument &#8222;Der Weg vom Antijudaismus zu Nostra Aetate&#8220;.\u00a0Nichtsdestoweniger sind die Juden nach dem Zeugnis der Apostel immer noch von Gott geliebt um er V\u00e4ter willen; sind doch seine Gnadengaben und seine Berufung unwiderruflich. (NA) 4.4<\/em><\/li>\n<li><em>Woran sind Verschw\u00f6rungsideologien \/ Verschw\u00f6rungserz\u00e4hlungen zu erkennen: <\/em>\n<ul>\n<li><em>geheime M\u00e4chte sind Strippenzieher<\/em><\/li>\n<li><em>keine Gegenargumente sind zul\u00e4ssig<\/em><\/li>\n<li><em>keine seri\u00f6sen Quellen bzw. seri\u00f6se Quellen werden verwendet oder falsch einordnet<\/em><\/li>\n<li><em>es gibt keinen Erkenntnisgewinn, sondern nur eine Best\u00e4tigung des eigenen Weltbilds<\/em><\/li>\n<li><em>sie denken sich in einem apokalyptischen Kampf &#8222;Gut gegen B\u00f6se&#8220;<\/em><\/li>\n<li><em>Die Menschen w\u00e4hnen sich auf der Seite des Guten<\/em><\/li>\n<li><em>die Anderen sind\u201eStrippenzieher&#8220; vom b\u00f6sen Handeln &gt; das absolut B\u00f6se<\/em><\/li>\n<li><em>f\u00fcr sich haben sie entlastende Erkl\u00e4rungsmodelle<\/em><\/li>\n<\/ul>\n<\/li>\n<li><em>Verschw\u00f6rungstheoretiker geben den Durstigen Salzwasser zu trinken.<\/em><\/li>\n<\/ul>\n<p>F\u00fcr Interessierte, die am Abend nicht in Rif sein konnten, bieten wie wieder eine Tonaufzeichnung des Vortrags an.<\/p>\n<p>[player id=14426]Hier kann die Tonaufzeichnung gestartet werden.<br \/>\n(Alternativ: <a href=\"https:\/\/hallein-evangelisch.at\/sound\/fa2024-02.mp3\">Download der Datei<\/a>)<\/p>\n<figure id=\"attachment_14432\" aria-describedby=\"caption-attachment-14432\" style=\"width: 800px\" class=\"wp-caption aligncenter\"><a href=\"https:\/\/hallein-evangelisch.at\/wp\/wp-content\/uploads\/2024\/02\/Katharina-Kern-Komarek-scaled.jpg\"><img loading=\"lazy\" decoding=\"async\" class=\"wp-image-14432\" src=\"https:\/\/hallein-evangelisch.at\/wp\/wp-content\/uploads\/2024\/02\/Katharina-Kern-Komarek-871x1024.jpg\" alt=\"\" width=\"800\" height=\"941\" srcset=\"https:\/\/hallein-evangelisch.at\/wp\/wp-content\/uploads\/2024\/02\/Katharina-Kern-Komarek-871x1024.jpg 871w, https:\/\/hallein-evangelisch.at\/wp\/wp-content\/uploads\/2024\/02\/Katharina-Kern-Komarek-600x706.jpg 600w, https:\/\/hallein-evangelisch.at\/wp\/wp-content\/uploads\/2024\/02\/Katharina-Kern-Komarek-300x353.jpg 300w, https:\/\/hallein-evangelisch.at\/wp\/wp-content\/uploads\/2024\/02\/Katharina-Kern-Komarek-1306x1536.jpg 1306w, https:\/\/hallein-evangelisch.at\/wp\/wp-content\/uploads\/2024\/02\/Katharina-Kern-Komarek-1741x2048.jpg 1741w\" sizes=\"auto, (max-width: 800px) 100vw, 800px\" \/><\/a><figcaption id=\"caption-attachment-14432\" class=\"wp-caption-text\">Katharina Kern-Komarek<\/figcaption><\/figure>\n<figure id=\"attachment_14431\" aria-describedby=\"caption-attachment-14431\" style=\"width: 800px\" class=\"wp-caption aligncenter\"><a href=\"https:\/\/hallein-evangelisch.at\/wp\/wp-content\/uploads\/2024\/02\/josef_schmid01-scaled.jpg\"><img loading=\"lazy\" decoding=\"async\" class=\"wp-image-14431\" src=\"https:\/\/hallein-evangelisch.at\/wp\/wp-content\/uploads\/2024\/02\/josef_schmid01-938x1024.jpg\" alt=\"\" width=\"800\" height=\"874\" srcset=\"https:\/\/hallein-evangelisch.at\/wp\/wp-content\/uploads\/2024\/02\/josef_schmid01-938x1024.jpg 938w, https:\/\/hallein-evangelisch.at\/wp\/wp-content\/uploads\/2024\/02\/josef_schmid01-600x655.jpg 600w, https:\/\/hallein-evangelisch.at\/wp\/wp-content\/uploads\/2024\/02\/josef_schmid01-300x328.jpg 300w, https:\/\/hallein-evangelisch.at\/wp\/wp-content\/uploads\/2024\/02\/josef_schmid01-1406x1536.jpg 1406w, https:\/\/hallein-evangelisch.at\/wp\/wp-content\/uploads\/2024\/02\/josef_schmid01-1875x2048.jpg 1875w\" sizes=\"auto, (max-width: 800px) 100vw, 800px\" \/><\/a><figcaption id=\"caption-attachment-14431\" class=\"wp-caption-text\">Josef Schmid<\/figcaption><\/figure>\n<figure id=\"attachment_14434\" aria-describedby=\"caption-attachment-14434\" style=\"width: 800px\" class=\"wp-caption aligncenter\"><a href=\"https:\/\/hallein-evangelisch.at\/wp\/wp-content\/uploads\/2024\/02\/josef_schmid03-scaled.jpg\"><img loading=\"lazy\" decoding=\"async\" class=\"wp-image-14434\" src=\"https:\/\/hallein-evangelisch.at\/wp\/wp-content\/uploads\/2024\/02\/josef_schmid03-1024x994.jpg\" alt=\"\" width=\"800\" height=\"777\" srcset=\"https:\/\/hallein-evangelisch.at\/wp\/wp-content\/uploads\/2024\/02\/josef_schmid03-1024x994.jpg 1024w, https:\/\/hallein-evangelisch.at\/wp\/wp-content\/uploads\/2024\/02\/josef_schmid03-600x582.jpg 600w, https:\/\/hallein-evangelisch.at\/wp\/wp-content\/uploads\/2024\/02\/josef_schmid03-300x291.jpg 300w, https:\/\/hallein-evangelisch.at\/wp\/wp-content\/uploads\/2024\/02\/josef_schmid03-1536x1491.jpg 1536w, https:\/\/hallein-evangelisch.at\/wp\/wp-content\/uploads\/2024\/02\/josef_schmid03-2048x1988.jpg 2048w\" sizes=\"auto, (max-width: 800px) 100vw, 800px\" \/><\/a><figcaption id=\"caption-attachment-14434\" class=\"wp-caption-text\">Josef Schmid<\/figcaption><\/figure>\n<figure id=\"attachment_14436\" aria-describedby=\"caption-attachment-14436\" style=\"width: 800px\" class=\"wp-caption aligncenter\"><a href=\"https:\/\/hallein-evangelisch.at\/wp\/wp-content\/uploads\/2024\/02\/josef_schmid04-scaled.jpg\"><img loading=\"lazy\" decoding=\"async\" class=\"wp-image-14436\" src=\"https:\/\/hallein-evangelisch.at\/wp\/wp-content\/uploads\/2024\/02\/josef_schmid04-1024x966.jpg\" alt=\"\" width=\"800\" height=\"755\" srcset=\"https:\/\/hallein-evangelisch.at\/wp\/wp-content\/uploads\/2024\/02\/josef_schmid04-1024x966.jpg 1024w, https:\/\/hallein-evangelisch.at\/wp\/wp-content\/uploads\/2024\/02\/josef_schmid04-600x566.jpg 600w, https:\/\/hallein-evangelisch.at\/wp\/wp-content\/uploads\/2024\/02\/josef_schmid04-300x283.jpg 300w, https:\/\/hallein-evangelisch.at\/wp\/wp-content\/uploads\/2024\/02\/josef_schmid04-1536x1449.jpg 1536w, https:\/\/hallein-evangelisch.at\/wp\/wp-content\/uploads\/2024\/02\/josef_schmid04-2048x1932.jpg 2048w\" sizes=\"auto, (max-width: 800px) 100vw, 800px\" \/><\/a><figcaption id=\"caption-attachment-14436\" class=\"wp-caption-text\">Josef Schmid<\/figcaption><\/figure>\n<p><a href=\"https:\/\/hallein-evangelisch.at\/wp\/wp-content\/uploads\/2024\/02\/aktionsplakat_2024_transparent.png\"><img loading=\"lazy\" decoding=\"async\" class=\"aligncenter size-full wp-image-14292\" src=\"https:\/\/hallein-evangelisch.at\/wp\/wp-content\/uploads\/2024\/02\/aktionsplakat_2024_transparent.png\" alt=\"\" width=\"1239\" height=\"1754\" srcset=\"https:\/\/hallein-evangelisch.at\/wp\/wp-content\/uploads\/2024\/02\/aktionsplakat_2024_transparent.png 1239w, https:\/\/hallein-evangelisch.at\/wp\/wp-content\/uploads\/2024\/02\/aktionsplakat_2024_transparent-600x849.png 600w, https:\/\/hallein-evangelisch.at\/wp\/wp-content\/uploads\/2024\/02\/aktionsplakat_2024_transparent-723x1024.png 723w, https:\/\/hallein-evangelisch.at\/wp\/wp-content\/uploads\/2024\/02\/aktionsplakat_2024_transparent-300x425.png 300w, https:\/\/hallein-evangelisch.at\/wp\/wp-content\/uploads\/2024\/02\/aktionsplakat_2024_transparent-1085x1536.png 1085w\" sizes=\"auto, (max-width: 1239px) 100vw, 1239px\" \/><\/a><\/p>\n","protected":false},"excerpt":{"rendered":"<div class=\"mh-excerpt\"><p>[27.02.2024] Dem zweiten Abend der disj\u00e4hrigen Fastenaktion im Gemeindesaal Rif war so wie schon am ersten Abend ein ausgezeichneter Besuch geg\u00f6nnt. Die Seelsorgering der Pfarrgemeinde Katharina Kern-Komarek freute sich in Rif so viele G\u00e4ste zu <a class=\"mh-excerpt-more\" href=\"https:\/\/hallein-evangelisch.at\/wp\/?p=14418\" title=\"Vom wahren Wissen\">[&#8230;]<\/a><\/p>\n<\/div>","protected":false},"author":8,"featured_media":14430,"comment_status":"closed","ping_status":"closed","sticky":false,"template":"","format":"standard","meta":{"footnotes":""},"categories":[18],"tags":[],"class_list":{"0":"post-14418","1":"post","2":"type-post","3":"status-publish","4":"format-standard","5":"has-post-thumbnail","7":"category-fastenaktion-archiv"},"_links":{"self":[{"href":"https:\/\/hallein-evangelisch.at\/wp\/index.php?rest_route=\/wp\/v2\/posts\/14418","targetHints":{"allow":["GET"]}}],"collection":[{"href":"https:\/\/hallein-evangelisch.at\/wp\/index.php?rest_route=\/wp\/v2\/posts"}],"about":[{"href":"https:\/\/hallein-evangelisch.at\/wp\/index.php?rest_route=\/wp\/v2\/types\/post"}],"author":[{"embeddable":true,"href":"https:\/\/hallein-evangelisch.at\/wp\/index.php?rest_route=\/wp\/v2\/users\/8"}],"replies":[{"embeddable":true,"href":"https:\/\/hallein-evangelisch.at\/wp\/index.php?rest_route=%2Fwp%2Fv2%2Fcomments&post=14418"}],"version-history":[{"count":11,"href":"https:\/\/hallein-evangelisch.at\/wp\/index.php?rest_route=\/wp\/v2\/posts\/14418\/revisions"}],"predecessor-version":[{"id":14447,"href":"https:\/\/hallein-evangelisch.at\/wp\/index.php?rest_route=\/wp\/v2\/posts\/14418\/revisions\/14447"}],"wp:featuredmedia":[{"embeddable":true,"href":"https:\/\/hallein-evangelisch.at\/wp\/index.php?rest_route=\/wp\/v2\/media\/14430"}],"wp:attachment":[{"href":"https:\/\/hallein-evangelisch.at\/wp\/index.php?rest_route=%2Fwp%2Fv2%2Fmedia&parent=14418"}],"wp:term":[{"taxonomy":"category","embeddable":true,"href":"https:\/\/hallein-evangelisch.at\/wp\/index.php?rest_route=%2Fwp%2Fv2%2Fcategories&post=14418"},{"taxonomy":"post_tag","embeddable":true,"href":"https:\/\/hallein-evangelisch.at\/wp\/index.php?rest_route=%2Fwp%2Fv2%2Ftags&post=14418"}],"curies":[{"name":"wp","href":"https:\/\/api.w.org\/{rel}","templated":true}]}}