{"id":14493,"date":"2024-03-12T22:11:29","date_gmt":"2024-03-12T21:11:29","guid":{"rendered":"https:\/\/hallein-evangelisch.at\/wp\/?p=14493"},"modified":"2024-12-26T11:22:34","modified_gmt":"2024-12-26T10:22:34","slug":"wer-gegen-wen","status":"publish","type":"post","link":"https:\/\/hallein-evangelisch.at\/wp\/?p=14493","title":{"rendered":"Wer gegen wen?"},"content":{"rendered":"<p>[12.03.2024]<\/p>\n<p>Pastoralassistentin Nicole Endres und Dechant Markus Danner konnten im ausgezeichnet besetzten Pfarrsaal im Pfarrzentrum Neualm am vorletzten Abend der Fastenaktion 2024 die n\u00e4chste prominente Referentin begr\u00fc\u00dfen: Die Theologin und Politologin Regina Polak aus Wien. Auch sie wusste die vielen Besucher \u00fcber eine Stunde lang in ihren Bann zu ziehen, zu spannend und zu aktuell zur momentanen Verfassung \u00d6sterreichs und Europas waren die Ausf\u00fchrungen beobachtet vom Gesichtspunkt der Sozialwissenschaft und jenem einer katholischen Theologin.<\/p>\n<p>So wie schon bei den ersten Abenden bieten wir weiter unten wieder den ganzen Vortrag zum &#8222;Nachh\u00f6ren&#8220; an und wir versprechen ihnen, wenn sie selbst nicht dabei sein konnten, das wird kurzweilig bleiben.<\/p>\n<h3>Zitate aus dem Vortrag<\/h3>\n<ul>\n<li><em>Wir haben tats\u00e4chlich eine Krise der Demokratie in \u00d6sterreich<\/em><\/li>\n<li><em>Religion spielt in dieser Krise eine ambivalente Rolle<\/em><\/li>\n<li><em>Demokratie lebt von Unterschieden<\/em><\/li>\n<li><em>Demokratie lebt von Spanungen und auch von Konflikten<\/em><\/li>\n<li><em>Es ist normal verschieden zu sein (Adorno)<\/em><\/li>\n<li><em>Nicht jeder Konflikt und jede Spannung ist auch gleich eine Polarisierung und eine Spaltung<\/em><\/li>\n<li><em>Wir leben in \u00d6sterreich in einem Land, das sehr harmobiebed\u00fcrftig ist<\/em><\/li>\n<li><em>Ein politischer Organismus ist nie eine &#8222;Familie&#8220;<\/em><\/li>\n<li><em>Konflikte werden in unserem Land, in unserer Kultur nicht so gerne gesehen<\/em><\/li>\n<li><em>Demokratie braucht Unterschiede, lebt von Unterschieden, auch von Spannungen und Konflikte sind ganz normal.<\/em><\/li>\n<li><em>Demokratie lebt aber auch ganz bedeutend vom Minderheitenschutz<\/em><\/li>\n<li><em>Politk bedeutet immer auch den Kampf um die Durchsetzung von Interessen<\/em><\/li>\n<\/ul>\n<h3>Zum tieferen Sinn von Unterschieden<\/h3>\n<p>\u201e<em>Gott k\u00f6nnte jeden, den er erw\u00e4hlt, augenblicklich zur Vollkommenheit f\u00fchren und jedem einzelnen alle Tugenden schenken. Aber in seiner liebenden Vorsehung handelt er an uns, so dass einer den andern brauche und in ihm bes\u00e4\u00dfe, was er nicht in sich selbst findet. Auf diese Weise soll die Demut bewahrt, die Liebe vermehrt und die Einheit erkannt werden.&#8220;<\/em> (Aelred von Riveaulx (12. Jhdt.)<\/p>\n<p>Wollen sie mehr erfahren? Nachstehend finden sie den Link zum Nachh\u00f6ren des gesamten Abends!<\/p>\n<p>[player id=14497]Hier kann die Tonaufzeichnung gestartet werden.<br \/>\n(Alternativ: <a href=\"https:\/\/hallein-evangelisch.at\/sound\/fa2024-04.mp3\" target=\"_blank\" rel=\"noopener\">Download der Datei<\/a>)<\/p>\n<figure id=\"attachment_14499\" aria-describedby=\"caption-attachment-14499\" style=\"width: 600px\" class=\"wp-caption aligncenter\"><a href=\"https:\/\/hallein-evangelisch.at\/wp\/wp-content\/uploads\/2024\/03\/abend04_HP_nicole_endres.png\"><img loading=\"lazy\" decoding=\"async\" class=\"size-medium wp-image-14499\" src=\"https:\/\/hallein-evangelisch.at\/wp\/wp-content\/uploads\/2024\/03\/abend04_HP_nicole_endres-600x462.png\" alt=\"\" width=\"600\" height=\"462\" srcset=\"https:\/\/hallein-evangelisch.at\/wp\/wp-content\/uploads\/2024\/03\/abend04_HP_nicole_endres-600x462.png 600w, https:\/\/hallein-evangelisch.at\/wp\/wp-content\/uploads\/2024\/03\/abend04_HP_nicole_endres-1024x788.png 1024w, https:\/\/hallein-evangelisch.at\/wp\/wp-content\/uploads\/2024\/03\/abend04_HP_nicole_endres-300x231.png 300w, https:\/\/hallein-evangelisch.at\/wp\/wp-content\/uploads\/2024\/03\/abend04_HP_nicole_endres-1536x1183.png 1536w, https:\/\/hallein-evangelisch.at\/wp\/wp-content\/uploads\/2024\/03\/abend04_HP_nicole_endres-2048x1577.png 2048w\" sizes=\"auto, (max-width: 600px) 100vw, 600px\" \/><\/a><figcaption id=\"caption-attachment-14499\" class=\"wp-caption-text\">Pastoralassistentin Nicole Endres<\/figcaption><\/figure>\n<figure id=\"attachment_14504\" aria-describedby=\"caption-attachment-14504\" style=\"width: 600px\" class=\"wp-caption aligncenter\"><a href=\"https:\/\/hallein-evangelisch.at\/wp\/wp-content\/uploads\/2024\/03\/abend04_HP_markus_danner.png\"><img loading=\"lazy\" decoding=\"async\" class=\"size-medium wp-image-14504\" src=\"https:\/\/hallein-evangelisch.at\/wp\/wp-content\/uploads\/2024\/03\/abend04_HP_markus_danner-600x593.png\" alt=\"\" width=\"600\" height=\"593\" srcset=\"https:\/\/hallein-evangelisch.at\/wp\/wp-content\/uploads\/2024\/03\/abend04_HP_markus_danner-600x593.png 600w, https:\/\/hallein-evangelisch.at\/wp\/wp-content\/uploads\/2024\/03\/abend04_HP_markus_danner-1024x1012.png 1024w, https:\/\/hallein-evangelisch.at\/wp\/wp-content\/uploads\/2024\/03\/abend04_HP_markus_danner-300x296.png 300w, https:\/\/hallein-evangelisch.at\/wp\/wp-content\/uploads\/2024\/03\/abend04_HP_markus_danner-1536x1518.png 1536w, https:\/\/hallein-evangelisch.at\/wp\/wp-content\/uploads\/2024\/03\/abend04_HP_markus_danner-2048x2024.png 2048w, https:\/\/hallein-evangelisch.at\/wp\/wp-content\/uploads\/2024\/03\/abend04_HP_markus_danner-60x60.png 60w\" sizes=\"auto, (max-width: 600px) 100vw, 600px\" \/><\/a><figcaption id=\"caption-attachment-14504\" class=\"wp-caption-text\">Dechant Markus Danner<\/figcaption><\/figure>\n<figure id=\"attachment_14501\" aria-describedby=\"caption-attachment-14501\" style=\"width: 600px\" class=\"wp-caption aligncenter\"><a href=\"https:\/\/hallein-evangelisch.at\/wp\/wp-content\/uploads\/2024\/03\/abend04_HP_regina_pollak1.png\"><img loading=\"lazy\" decoding=\"async\" class=\"wp-image-14501 size-medium\" src=\"https:\/\/hallein-evangelisch.at\/wp\/wp-content\/uploads\/2024\/03\/abend04_HP_regina_pollak1-600x449.png\" alt=\"\" width=\"600\" height=\"449\" srcset=\"https:\/\/hallein-evangelisch.at\/wp\/wp-content\/uploads\/2024\/03\/abend04_HP_regina_pollak1-600x449.png 600w, https:\/\/hallein-evangelisch.at\/wp\/wp-content\/uploads\/2024\/03\/abend04_HP_regina_pollak1-1024x767.png 1024w, https:\/\/hallein-evangelisch.at\/wp\/wp-content\/uploads\/2024\/03\/abend04_HP_regina_pollak1-300x225.png 300w, https:\/\/hallein-evangelisch.at\/wp\/wp-content\/uploads\/2024\/03\/abend04_HP_regina_pollak1-1536x1150.png 1536w, https:\/\/hallein-evangelisch.at\/wp\/wp-content\/uploads\/2024\/03\/abend04_HP_regina_pollak1-2048x1534.png 2048w, https:\/\/hallein-evangelisch.at\/wp\/wp-content\/uploads\/2024\/03\/abend04_HP_regina_pollak1-678x509.png 678w, https:\/\/hallein-evangelisch.at\/wp\/wp-content\/uploads\/2024\/03\/abend04_HP_regina_pollak1-326x245.png 326w, https:\/\/hallein-evangelisch.at\/wp\/wp-content\/uploads\/2024\/03\/abend04_HP_regina_pollak1-80x60.png 80w\" sizes=\"auto, (max-width: 600px) 100vw, 600px\" \/><\/a><figcaption id=\"caption-attachment-14501\" class=\"wp-caption-text\">Regina Polak<\/p>\n<dd><\/figcaption><\/figure>\n<figure id=\"attachment_14500\" aria-describedby=\"caption-attachment-14500\" style=\"width: 600px\" class=\"wp-caption aligncenter\"><a href=\"https:\/\/hallein-evangelisch.at\/wp\/wp-content\/uploads\/2024\/03\/abend04_HP_regina_pollak2.png\"><img loading=\"lazy\" decoding=\"async\" class=\"size-medium wp-image-14500\" src=\"https:\/\/hallein-evangelisch.at\/wp\/wp-content\/uploads\/2024\/03\/abend04_HP_regina_pollak2-600x400.png\" alt=\"\" width=\"600\" height=\"400\" srcset=\"https:\/\/hallein-evangelisch.at\/wp\/wp-content\/uploads\/2024\/03\/abend04_HP_regina_pollak2-600x400.png 600w, https:\/\/hallein-evangelisch.at\/wp\/wp-content\/uploads\/2024\/03\/abend04_HP_regina_pollak2-1024x683.png 1024w, https:\/\/hallein-evangelisch.at\/wp\/wp-content\/uploads\/2024\/03\/abend04_HP_regina_pollak2-300x200.png 300w, https:\/\/hallein-evangelisch.at\/wp\/wp-content\/uploads\/2024\/03\/abend04_HP_regina_pollak2-1536x1024.png 1536w, https:\/\/hallein-evangelisch.at\/wp\/wp-content\/uploads\/2024\/03\/abend04_HP_regina_pollak2-2048x1365.png 2048w\" sizes=\"auto, (max-width: 600px) 100vw, 600px\" \/><\/a><figcaption id=\"caption-attachment-14500\" class=\"wp-caption-text\">Regina Polak<\/figcaption><\/figure>\n<p><figure id=\"attachment_14503\" aria-describedby=\"caption-attachment-14503\" style=\"width: 600px\" class=\"wp-caption aligncenter\"><a href=\"https:\/\/hallein-evangelisch.at\/wp\/wp-content\/uploads\/2024\/03\/abend04_HP_regina_pollak3-scaled.jpg\"><img loading=\"lazy\" decoding=\"async\" class=\"size-medium wp-image-14503\" src=\"https:\/\/hallein-evangelisch.at\/wp\/wp-content\/uploads\/2024\/03\/abend04_HP_regina_pollak3-600x400.jpg\" alt=\"\" width=\"600\" height=\"400\" srcset=\"https:\/\/hallein-evangelisch.at\/wp\/wp-content\/uploads\/2024\/03\/abend04_HP_regina_pollak3-600x400.jpg 600w, https:\/\/hallein-evangelisch.at\/wp\/wp-content\/uploads\/2024\/03\/abend04_HP_regina_pollak3-1024x683.jpg 1024w, https:\/\/hallein-evangelisch.at\/wp\/wp-content\/uploads\/2024\/03\/abend04_HP_regina_pollak3-300x200.jpg 300w, https:\/\/hallein-evangelisch.at\/wp\/wp-content\/uploads\/2024\/03\/abend04_HP_regina_pollak3-1536x1024.jpg 1536w, https:\/\/hallein-evangelisch.at\/wp\/wp-content\/uploads\/2024\/03\/abend04_HP_regina_pollak3-2048x1365.jpg 2048w\" sizes=\"auto, (max-width: 600px) 100vw, 600px\" \/><\/a><figcaption id=\"caption-attachment-14503\" class=\"wp-caption-text\">Regina Polak und Markus Danner im Hintergrund<\/figcaption><\/figure><\/dd>\n","protected":false},"excerpt":{"rendered":"<div class=\"mh-excerpt\"><p>[12.03.2024] Pastoralassistentin Nicole Endres und Dechant Markus Danner konnten im ausgezeichnet besetzten Pfarrsaal im Pfarrzentrum Neualm am vorletzten Abend der Fastenaktion 2024 die n\u00e4chste prominente Referentin begr\u00fc\u00dfen: Die Theologin und Politologin Regina Polak aus Wien. <a class=\"mh-excerpt-more\" href=\"https:\/\/hallein-evangelisch.at\/wp\/?p=14493\" title=\"Wer gegen wen?\">[&#8230;]<\/a><\/p>\n<\/div>","protected":false},"author":8,"featured_media":14500,"comment_status":"closed","ping_status":"closed","sticky":false,"template":"","format":"standard","meta":{"footnotes":""},"categories":[18],"tags":[],"class_list":{"0":"post-14493","1":"post","2":"type-post","3":"status-publish","4":"format-standard","5":"has-post-thumbnail","7":"category-fastenaktion-archiv"},"_links":{"self":[{"href":"https:\/\/hallein-evangelisch.at\/wp\/index.php?rest_route=\/wp\/v2\/posts\/14493","targetHints":{"allow":["GET"]}}],"collection":[{"href":"https:\/\/hallein-evangelisch.at\/wp\/index.php?rest_route=\/wp\/v2\/posts"}],"about":[{"href":"https:\/\/hallein-evangelisch.at\/wp\/index.php?rest_route=\/wp\/v2\/types\/post"}],"author":[{"embeddable":true,"href":"https:\/\/hallein-evangelisch.at\/wp\/index.php?rest_route=\/wp\/v2\/users\/8"}],"replies":[{"embeddable":true,"href":"https:\/\/hallein-evangelisch.at\/wp\/index.php?rest_route=%2Fwp%2Fv2%2Fcomments&post=14493"}],"version-history":[{"count":8,"href":"https:\/\/hallein-evangelisch.at\/wp\/index.php?rest_route=\/wp\/v2\/posts\/14493\/revisions"}],"predecessor-version":[{"id":14522,"href":"https:\/\/hallein-evangelisch.at\/wp\/index.php?rest_route=\/wp\/v2\/posts\/14493\/revisions\/14522"}],"wp:featuredmedia":[{"embeddable":true,"href":"https:\/\/hallein-evangelisch.at\/wp\/index.php?rest_route=\/wp\/v2\/media\/14500"}],"wp:attachment":[{"href":"https:\/\/hallein-evangelisch.at\/wp\/index.php?rest_route=%2Fwp%2Fv2%2Fmedia&parent=14493"}],"wp:term":[{"taxonomy":"category","embeddable":true,"href":"https:\/\/hallein-evangelisch.at\/wp\/index.php?rest_route=%2Fwp%2Fv2%2Fcategories&post=14493"},{"taxonomy":"post_tag","embeddable":true,"href":"https:\/\/hallein-evangelisch.at\/wp\/index.php?rest_route=%2Fwp%2Fv2%2Ftags&post=14493"}],"curies":[{"name":"wp","href":"https:\/\/api.w.org\/{rel}","templated":true}]}}