{"id":14517,"date":"2024-03-15T12:28:17","date_gmt":"2024-03-15T11:28:17","guid":{"rendered":"https:\/\/hallein-evangelisch.at\/wp\/?p=14517"},"modified":"2024-12-20T12:20:59","modified_gmt":"2024-12-20T11:20:59","slug":"wir-suchen-fruehlings-und-sommerbekleidung","status":"publish","type":"post","link":"https:\/\/hallein-evangelisch.at\/wp\/?p=14517","title":{"rendered":"Wir suchen: Fr\u00fchlings- und Sommerbekleidung"},"content":{"rendered":"<p>[15.03.2024]<\/p>\n<p><img loading=\"lazy\" decoding=\"async\" class=\"aligncenter wp-image-15128 size-medium\" src=\"https:\/\/hallein-evangelisch.at\/wp\/wp-content\/uploads\/2024\/03\/danke2024-600x622.png\" alt=\"\" width=\"600\" height=\"622\" srcset=\"https:\/\/hallein-evangelisch.at\/wp\/wp-content\/uploads\/2024\/03\/danke2024-600x622.png 600w, https:\/\/hallein-evangelisch.at\/wp\/wp-content\/uploads\/2024\/03\/danke2024-988x1024.png 988w, https:\/\/hallein-evangelisch.at\/wp\/wp-content\/uploads\/2024\/03\/danke2024-300x311.png 300w, https:\/\/hallein-evangelisch.at\/wp\/wp-content\/uploads\/2024\/03\/danke2024.png 1235w\" sizes=\"auto, (max-width: 600px) 100vw, 600px\" \/><\/p>\n<h3>Fr\u00fchlings- und Sommerbekleidung und Schuhe gesucht!<\/h3>\n<div>Wir suchen f\u00fcr eine Familie mit 4 Kindern Fr\u00fchlings- und Sommerbekleidung und Schuhe:<\/div>\n<div>\n<ul>\n<li dir=\"auto\">Junge Gr\u00f6\u00dfe 86<\/li>\n<li dir=\"auto\">Junge Gr\u00f6\u00dfe 116<\/li>\n<li dir=\"auto\">M\u00e4dchen Gr\u00f6\u00dfe 122<\/li>\n<li dir=\"auto\">M\u00e4dchen Gr\u00f6\u00dfe 134<\/li>\n<li dir=\"auto\">Schuhe\/Sneaker in Gr\u00f6\u00dfe 28 (M\u00e4dchen) und Gr\u00f6\u00dfe 27 (Junge)<\/li>\n<\/ul>\n<\/div>\n<h3>Ja, ich kann helfen!<\/h3>\n<div class=\"default-style\">\n<div>Solltest Du uns helfen k\u00f6nnen, nimm bitte Kontakt mit unserer Projektkoordination auf. (<a href=\"mailto:dalete@hallein-evangelisch.at\">dalete@hallein-evangelisch.at<\/a> bzw. +43 699 188 77 597<\/div>\n<div><\/div>\n<div>Wir freuen uns auf deinen Anruf oder dein Email!<\/div>\n<div><\/div>\n<\/div>\n<div class=\"default-style\">Herzlichen Dank!<\/div>\n<div class=\"default-style\"><\/div>\n<div class=\"default-style\"><\/div>\n","protected":false},"excerpt":{"rendered":"<div class=\"mh-excerpt\"><p>[15.03.2024] Fr\u00fchlings- und Sommerbekleidung und Schuhe gesucht! Wir suchen f\u00fcr eine Familie mit 4 Kindern Fr\u00fchlings- und Sommerbekleidung und Schuhe: Junge Gr\u00f6\u00dfe 86 Junge Gr\u00f6\u00dfe 116 M\u00e4dchen Gr\u00f6\u00dfe 122 M\u00e4dchen Gr\u00f6\u00dfe 134 Schuhe\/Sneaker in Gr\u00f6\u00dfe <a class=\"mh-excerpt-more\" href=\"https:\/\/hallein-evangelisch.at\/wp\/?p=14517\" title=\"Wir suchen: Fr\u00fchlings- und Sommerbekleidung\">[&#8230;]<\/a><\/p>\n<\/div>","protected":false},"author":8,"featured_media":15128,"comment_status":"closed","ping_status":"closed","sticky":false,"template":"","format":"standard","meta":{"footnotes":""},"categories":[109],"tags":[],"class_list":{"0":"post-14517","1":"post","2":"type-post","3":"status-publish","4":"format-standard","5":"has-post-thumbnail","7":"category-wir-suchen-wir-bieten"},"_links":{"self":[{"href":"https:\/\/hallein-evangelisch.at\/wp\/index.php?rest_route=\/wp\/v2\/posts\/14517","targetHints":{"allow":["GET"]}}],"collection":[{"href":"https:\/\/hallein-evangelisch.at\/wp\/index.php?rest_route=\/wp\/v2\/posts"}],"about":[{"href":"https:\/\/hallein-evangelisch.at\/wp\/index.php?rest_route=\/wp\/v2\/types\/post"}],"author":[{"embeddable":true,"href":"https:\/\/hallein-evangelisch.at\/wp\/index.php?rest_route=\/wp\/v2\/users\/8"}],"replies":[{"embeddable":true,"href":"https:\/\/hallein-evangelisch.at\/wp\/index.php?rest_route=%2Fwp%2Fv2%2Fcomments&post=14517"}],"version-history":[{"count":6,"href":"https:\/\/hallein-evangelisch.at\/wp\/index.php?rest_route=\/wp\/v2\/posts\/14517\/revisions"}],"predecessor-version":[{"id":15760,"href":"https:\/\/hallein-evangelisch.at\/wp\/index.php?rest_route=\/wp\/v2\/posts\/14517\/revisions\/15760"}],"wp:featuredmedia":[{"embeddable":true,"href":"https:\/\/hallein-evangelisch.at\/wp\/index.php?rest_route=\/wp\/v2\/media\/15128"}],"wp:attachment":[{"href":"https:\/\/hallein-evangelisch.at\/wp\/index.php?rest_route=%2Fwp%2Fv2%2Fmedia&parent=14517"}],"wp:term":[{"taxonomy":"category","embeddable":true,"href":"https:\/\/hallein-evangelisch.at\/wp\/index.php?rest_route=%2Fwp%2Fv2%2Fcategories&post=14517"},{"taxonomy":"post_tag","embeddable":true,"href":"https:\/\/hallein-evangelisch.at\/wp\/index.php?rest_route=%2Fwp%2Fv2%2Ftags&post=14517"}],"curies":[{"name":"wp","href":"https:\/\/api.w.org\/{rel}","templated":true}]}}