{"id":14524,"date":"2024-03-20T22:20:26","date_gmt":"2024-03-20T21:20:26","guid":{"rendered":"https:\/\/hallein-evangelisch.at\/wp\/?p=14524"},"modified":"2024-12-26T11:22:34","modified_gmt":"2024-12-26T10:22:34","slug":"zuhoeren-koennen-und-ausreden-lassen","status":"publish","type":"post","link":"https:\/\/hallein-evangelisch.at\/wp\/?p=14524","title":{"rendered":"Zuh\u00f6ren k\u00f6nnen und ausreden lassen"},"content":{"rendered":"<p>[20.03.2024]<\/p>\n<p>Der letzte Abend der diesj\u00e4hrigen Fastenaktion f\u00fchrte erstmals seit Bestehen der Aktion nach Puch in das dortige Pfarrzentrum. Namens des Vorbereitungsteams begr\u00fc\u00dften Barbarsa Vigl Kaltner vom Kath. Bildungswerk und Arno Stockinger als Vertreter der Pfarrgemeinde Puch den Psychotherapeuten und Mediator Hannes Goditsch aus Salzburg.<\/p>\n<h3>Zitate aus dem Vortrag<\/h3>\n<ul>\n<li><em>Bei Konflikten kommt es zu \u00dcberempfindlichkeit, Verletzlichkeit, und in der Folge machen wir uns unempfindlich, legen uns eine Panzerung an. Gelernt haben wir diesen Mechanismus in unserer Kindheit, was damals hilfreich war. Im Erwachsenenalter bestimmt er auch dann unser Verhalten, wenn er in einer Gesellschaft sch\u00e4dlich ist. (F. Glasl)<\/em><\/li>\n<li><em>In Zeiten der globalen Krisen: Augenmerk auch auf die kleinste soziale Einheit richten =&gt; die Familie<\/em><\/li>\n<li><em>Aspekte f\u00fcr das Heranwachsen konfliktf\u00e4higer Kinder: Triangulierung = das Hinzutreten eines Dritten zu einer Zweierbeziehung.<\/em><br \/>\n<em>Verinnerlichung dreier Beziehungen:<\/em><br \/>\n<em>1) die Beziehung der Eltern zueinander und die Beziehungen des Kindes<\/em><br \/>\n<em>2) zur Mutter und<\/em><br \/>\n<em>3) zum Vater<\/em><\/li>\n<li><em>Methoden, um die Konfliktf\u00e4higkeit auszubauen<\/em>\n<ul>\n<li><em>ein Umfeld, in welchem Spiegelung erfolgt<\/em><\/li>\n<li><em>P\u00e4dagogik (angelehnt an Film \u201eDie Kinder..): Schutz f\u00fcr kinder, nachvolliehbare Regel und Konsequenzen, Humor, eigene Kreativit\u00e4t einsetzen um die der Kinder zu f\u00f6rdern<\/em><\/li>\n<li><em>Psychotherapie:<\/em>\n<ul>\n<li><em>die innere \u00dcberzeugung des Psychotherapeuten, dass Entwicklung f\u00fcr den Klienten m\u00f6glich ist und auf dieser Basis arbeiten<\/em><\/li>\n<li><em>Ev. auftauchende Konflikte in der Psychotherapie m\u00f6glichst offen austragen<\/em><\/li>\n<li><em>St\u00e4rken der Pers\u00f6nlichkeit durch Ressourcenarbeit,<\/em><\/li>\n<li><em>Reflexion aktueller und wesentlicher vergangener Beziehungserfahrungen, auch von Konflikten<\/em><\/li>\n<li><em>Aufarbeitung der schwierigen, oft auch traumatischen Themen &#8230;<\/em><\/li>\n<\/ul>\n<\/li>\n<li><em>in aussichtslos scheinenden Konflikten: Mediation und andere Konfliktl\u00f6sungsstrategien<\/em><\/li>\n<\/ul>\n<\/li>\n<li><em>Wie wirkt Mediation<\/em>\n<ul>\n<li><em>Je mehr und je st\u00e4rker die angef\u00fchrten pers\u00f6nlichen Entwicklungen bei den Personen, die eine Mediation in Anspruch nehmen, vorhanden sind desto eher kann es zu einer L\u00f6sung kommen.<\/em><\/li>\n<li><em>Mediation ist eine Chance.<\/em><\/li>\n<li><em>Sie ist machtlos und kann doch viel bewirken.<\/em><\/li>\n<li><em>Sie kennt keinen Sieger oder Verlierer.<\/em><\/li>\n<\/ul>\n<\/li>\n<\/ul>\n<p><strong>DIE BR\u00dcCKE<\/strong><br \/>\n<em>DIE BR\u00dcCKE, AUF DER WIR \u00dcBER DEN ABGRUND GEHEN, &#8211; DIES IST DAS GLEICHNIS UNSERES LEBENS &#8211; DIESE BR\u00dcCKE GIBT ES NICHT. JEDER SCHRITT, MIT DEM WIR VORANSCHREITEN, L\u00c4SST SIE ERST ST\u00dcCK F\u00dcR ST\u00dcCK UNTER UNSEREN F\u00dcSSEN ENTSTEHEN. (MANES SPERBER)<\/em><\/p>\n<p>Wollen sie mehr erfahren? Nachstehend finden sie den Link zum Nachh\u00f6ren des Abends!<br \/>\nLeider fehlt aufgrund eines Mi\u00dfgeschicks mit dem Funkmikrofon ein Teil der Aufnahme; wir ersuchen hief\u00fcr um Verst\u00e4ndnis!<\/p>\n<p>[player id=14538]Hier kann die Tonaufzeichnung gestartet werden.<br \/>\n(Alternativ: <a href=\"https:\/\/hallein-evangelisch.at\/sound\/fa2024-05.mp3\" target=\"_blank\" rel=\"noopener\">Download der Datei<\/a>)<\/p>\n<figure id=\"attachment_14532\" aria-describedby=\"caption-attachment-14532\" style=\"width: 600px\" class=\"wp-caption aligncenter\"><a href=\"https:\/\/hallein-evangelisch.at\/wp\/wp-content\/uploads\/2024\/03\/abend05_HP_Barbara-Vigl-Kaltner.png\"><img loading=\"lazy\" decoding=\"async\" class=\"size-medium wp-image-14532\" src=\"https:\/\/hallein-evangelisch.at\/wp\/wp-content\/uploads\/2024\/03\/abend05_HP_Barbara-Vigl-Kaltner-600x691.png\" alt=\"\" width=\"600\" height=\"691\" srcset=\"https:\/\/hallein-evangelisch.at\/wp\/wp-content\/uploads\/2024\/03\/abend05_HP_Barbara-Vigl-Kaltner-600x691.png 600w, https:\/\/hallein-evangelisch.at\/wp\/wp-content\/uploads\/2024\/03\/abend05_HP_Barbara-Vigl-Kaltner-889x1024.png 889w, https:\/\/hallein-evangelisch.at\/wp\/wp-content\/uploads\/2024\/03\/abend05_HP_Barbara-Vigl-Kaltner-300x346.png 300w, https:\/\/hallein-evangelisch.at\/wp\/wp-content\/uploads\/2024\/03\/abend05_HP_Barbara-Vigl-Kaltner-1334x1536.png 1334w, https:\/\/hallein-evangelisch.at\/wp\/wp-content\/uploads\/2024\/03\/abend05_HP_Barbara-Vigl-Kaltner-1778x2048.png 1778w\" sizes=\"auto, (max-width: 600px) 100vw, 600px\" \/><\/a><figcaption id=\"caption-attachment-14532\" class=\"wp-caption-text\">Barbara Vigl Kaltner<\/figcaption><\/figure>\n<figure id=\"attachment_14531\" aria-describedby=\"caption-attachment-14531\" style=\"width: 600px\" class=\"wp-caption aligncenter\"><a href=\"https:\/\/hallein-evangelisch.at\/wp\/wp-content\/uploads\/2024\/03\/abend05_HP_Arno_Stockinger.png\"><img loading=\"lazy\" decoding=\"async\" class=\"size-medium wp-image-14531\" src=\"https:\/\/hallein-evangelisch.at\/wp\/wp-content\/uploads\/2024\/03\/abend05_HP_Arno_Stockinger-600x671.png\" alt=\"\" width=\"600\" height=\"671\" srcset=\"https:\/\/hallein-evangelisch.at\/wp\/wp-content\/uploads\/2024\/03\/abend05_HP_Arno_Stockinger-600x671.png 600w, https:\/\/hallein-evangelisch.at\/wp\/wp-content\/uploads\/2024\/03\/abend05_HP_Arno_Stockinger-916x1024.png 916w, https:\/\/hallein-evangelisch.at\/wp\/wp-content\/uploads\/2024\/03\/abend05_HP_Arno_Stockinger-300x335.png 300w, https:\/\/hallein-evangelisch.at\/wp\/wp-content\/uploads\/2024\/03\/abend05_HP_Arno_Stockinger-1374x1536.png 1374w, https:\/\/hallein-evangelisch.at\/wp\/wp-content\/uploads\/2024\/03\/abend05_HP_Arno_Stockinger-1832x2048.png 1832w\" sizes=\"auto, (max-width: 600px) 100vw, 600px\" \/><\/a><figcaption id=\"caption-attachment-14531\" class=\"wp-caption-text\">Arno Stockinger<\/figcaption><\/figure>\n<figure id=\"attachment_14535\" aria-describedby=\"caption-attachment-14535\" style=\"width: 600px\" class=\"wp-caption aligncenter\"><a href=\"https:\/\/hallein-evangelisch.at\/wp\/wp-content\/uploads\/2024\/03\/abend05_HP_Hannes_Goditsch_3.png\"><img loading=\"lazy\" decoding=\"async\" class=\"size-medium wp-image-14535\" src=\"https:\/\/hallein-evangelisch.at\/wp\/wp-content\/uploads\/2024\/03\/abend05_HP_Hannes_Goditsch_3-600x647.png\" alt=\"\" width=\"600\" height=\"647\" srcset=\"https:\/\/hallein-evangelisch.at\/wp\/wp-content\/uploads\/2024\/03\/abend05_HP_Hannes_Goditsch_3-600x647.png 600w, https:\/\/hallein-evangelisch.at\/wp\/wp-content\/uploads\/2024\/03\/abend05_HP_Hannes_Goditsch_3-950x1024.png 950w, https:\/\/hallein-evangelisch.at\/wp\/wp-content\/uploads\/2024\/03\/abend05_HP_Hannes_Goditsch_3-300x323.png 300w, https:\/\/hallein-evangelisch.at\/wp\/wp-content\/uploads\/2024\/03\/abend05_HP_Hannes_Goditsch_3-1425x1536.png 1425w, https:\/\/hallein-evangelisch.at\/wp\/wp-content\/uploads\/2024\/03\/abend05_HP_Hannes_Goditsch_3-1900x2048.png 1900w\" sizes=\"auto, (max-width: 600px) 100vw, 600px\" \/><\/a><figcaption id=\"caption-attachment-14535\" class=\"wp-caption-text\">Hannes Goditsch<\/figcaption><\/figure>\n<p><a href=\"https:\/\/hallein-evangelisch.at\/wp\/wp-content\/uploads\/2024\/03\/abend05_HP_Hannes_Goditsch_2.png\"><img loading=\"lazy\" decoding=\"async\" class=\"aligncenter size-medium wp-image-14534\" src=\"https:\/\/hallein-evangelisch.at\/wp\/wp-content\/uploads\/2024\/03\/abend05_HP_Hannes_Goditsch_2-600x611.png\" alt=\"\" width=\"600\" height=\"611\" srcset=\"https:\/\/hallein-evangelisch.at\/wp\/wp-content\/uploads\/2024\/03\/abend05_HP_Hannes_Goditsch_2-600x611.png 600w, https:\/\/hallein-evangelisch.at\/wp\/wp-content\/uploads\/2024\/03\/abend05_HP_Hannes_Goditsch_2-1005x1024.png 1005w, https:\/\/hallein-evangelisch.at\/wp\/wp-content\/uploads\/2024\/03\/abend05_HP_Hannes_Goditsch_2-300x306.png 300w, https:\/\/hallein-evangelisch.at\/wp\/wp-content\/uploads\/2024\/03\/abend05_HP_Hannes_Goditsch_2-1508x1536.png 1508w, https:\/\/hallein-evangelisch.at\/wp\/wp-content\/uploads\/2024\/03\/abend05_HP_Hannes_Goditsch_2-2010x2048.png 2010w, https:\/\/hallein-evangelisch.at\/wp\/wp-content\/uploads\/2024\/03\/abend05_HP_Hannes_Goditsch_2-60x60.png 60w\" sizes=\"auto, (max-width: 600px) 100vw, 600px\" \/><\/a><\/p>\n","protected":false},"excerpt":{"rendered":"<div class=\"mh-excerpt\"><p>[20.03.2024] Der letzte Abend der diesj\u00e4hrigen Fastenaktion f\u00fchrte erstmals seit Bestehen der Aktion nach Puch in das dortige Pfarrzentrum. Namens des Vorbereitungsteams begr\u00fc\u00dften Barbarsa Vigl Kaltner vom Kath. Bildungswerk und Arno Stockinger als Vertreter der <a class=\"mh-excerpt-more\" href=\"https:\/\/hallein-evangelisch.at\/wp\/?p=14524\" title=\"Zuh\u00f6ren k\u00f6nnen und ausreden lassen\">[&#8230;]<\/a><\/p>\n<\/div>","protected":false},"author":8,"featured_media":14533,"comment_status":"closed","ping_status":"closed","sticky":false,"template":"","format":"standard","meta":{"footnotes":""},"categories":[18],"tags":[],"class_list":{"0":"post-14524","1":"post","2":"type-post","3":"status-publish","4":"format-standard","5":"has-post-thumbnail","7":"category-fastenaktion-archiv"},"_links":{"self":[{"href":"https:\/\/hallein-evangelisch.at\/wp\/index.php?rest_route=\/wp\/v2\/posts\/14524","targetHints":{"allow":["GET"]}}],"collection":[{"href":"https:\/\/hallein-evangelisch.at\/wp\/index.php?rest_route=\/wp\/v2\/posts"}],"about":[{"href":"https:\/\/hallein-evangelisch.at\/wp\/index.php?rest_route=\/wp\/v2\/types\/post"}],"author":[{"embeddable":true,"href":"https:\/\/hallein-evangelisch.at\/wp\/index.php?rest_route=\/wp\/v2\/users\/8"}],"replies":[{"embeddable":true,"href":"https:\/\/hallein-evangelisch.at\/wp\/index.php?rest_route=%2Fwp%2Fv2%2Fcomments&post=14524"}],"version-history":[{"count":15,"href":"https:\/\/hallein-evangelisch.at\/wp\/index.php?rest_route=\/wp\/v2\/posts\/14524\/revisions"}],"predecessor-version":[{"id":14564,"href":"https:\/\/hallein-evangelisch.at\/wp\/index.php?rest_route=\/wp\/v2\/posts\/14524\/revisions\/14564"}],"wp:featuredmedia":[{"embeddable":true,"href":"https:\/\/hallein-evangelisch.at\/wp\/index.php?rest_route=\/wp\/v2\/media\/14533"}],"wp:attachment":[{"href":"https:\/\/hallein-evangelisch.at\/wp\/index.php?rest_route=%2Fwp%2Fv2%2Fmedia&parent=14524"}],"wp:term":[{"taxonomy":"category","embeddable":true,"href":"https:\/\/hallein-evangelisch.at\/wp\/index.php?rest_route=%2Fwp%2Fv2%2Fcategories&post=14524"},{"taxonomy":"post_tag","embeddable":true,"href":"https:\/\/hallein-evangelisch.at\/wp\/index.php?rest_route=%2Fwp%2Fv2%2Ftags&post=14524"}],"curies":[{"name":"wp","href":"https:\/\/api.w.org\/{rel}","templated":true}]}}