{"id":14549,"date":"2024-03-22T10:05:54","date_gmt":"2024-03-22T09:05:54","guid":{"rendered":"https:\/\/hallein-evangelisch.at\/wp\/?p=14549"},"modified":"2024-03-22T10:05:54","modified_gmt":"2024-03-22T09:05:54","slug":"sonntagsgruss-zum-24-maerz-2024","status":"publish","type":"post","link":"https:\/\/hallein-evangelisch.at\/wp\/?p=14549","title":{"rendered":"Sonntagsgru\u00df zum 24. M\u00e4rz 2024"},"content":{"rendered":"<p>[22.03.2024]<\/p>\n<p>Liebe Mitglieder und Freunde unserer Gemeinde!<\/p>\n<p>Heute bejubelt, morgenfallen gelassen: der Einzug Jesu in Jerusalem am Palmsonntag steht am Anfang der Karwoche. Wenig sp\u00e4ter schlagen sie Jesus ans Kreuz. Durch die Tiefe f\u00fchrt Gottes Weg zur Verherrlichung \u2013 das dr\u00fcckt auch der Wochenspruch aus (Johannes 3,14b.15): <em>\u201eDer Menschensohn muss erh\u00f6ht werden, auf dass alle, die an ihn glauben, das ewige Leben haben.\u201c <\/em>Von der Bedeutung des Palmsonntags handelt der nachstehende Sonntagsgru\u00df.<\/p>\n<p>In den Gottesdiensten werden wir dieses Lied von Gottfried Neubert singen:<br \/>\n<em>\u201eJesus zieht in Jerusalem ein, Hosianna! Alle Leute fangen auf der Stra\u00dfe an zu schrein:<\/em><br \/>\n<em>Hosianna, Hosianna, Hosianna in der H\u00f6h! Hosianna, Hosianna, Hosianna in der H\u00f6h!<\/em><br \/>\n<em>Jesus zieht in Jerusalem ein, Hosianna! Seht, der kommt geritten, auf dem Esel sitzt der Herr,<\/em><br \/>\n<em>Hosianna, Hosianna, Hosianna in der H\u00f6h! Hosianna, Hosianna, Hosianna in der H\u00f6h!<\/em><br \/>\n<em>Jesus zieht in Jerusalem ein, Hosianna! Kommt und breitet Kleider auf der Stra\u00dfe vor ihm aus!<\/em><br \/>\n<em>Hosianna, Hosianna, Hosianna in der H\u00f6h! Hosianna, Hosianna, Hosianna in der H\u00f6h!&#8220;<\/em><\/p>\n<p>Euch ein gesegnetes Palmsonntagswochenende und ein gutes Eintauchen in die Stille der Karwoche!<\/p>\n<p>Eure Pfarrer Peter und Jens-Daniel<\/p>\n<h3>Sonntagsgru\u00df zum Palmsonntag<\/h3>\n<p>Liebe Mitglieder, Freundinnen und Freunde unserer Halleiner Pfarrgemeinde!<\/p>\n<p><a href=\"https:\/\/hallein-evangelisch.at\/wp\/wp-content\/uploads\/2024\/02\/foto_gabriel.png\"><img loading=\"lazy\" decoding=\"async\" class=\"alignright size-thumbnail wp-image-14215\" src=\"https:\/\/hallein-evangelisch.at\/wp\/wp-content\/uploads\/2024\/02\/foto_gabriel-300x363.png\" alt=\"\" width=\"300\" height=\"363\" srcset=\"https:\/\/hallein-evangelisch.at\/wp\/wp-content\/uploads\/2024\/02\/foto_gabriel-300x363.png 300w, https:\/\/hallein-evangelisch.at\/wp\/wp-content\/uploads\/2024\/02\/foto_gabriel-600x727.png 600w, https:\/\/hallein-evangelisch.at\/wp\/wp-content\/uploads\/2024\/02\/foto_gabriel.png 777w\" sizes=\"auto, (max-width: 300px) 100vw, 300px\" \/><\/a>\u201eWer ist denn der Palm-Esel?\u201c \u2013 mit dieser Frage werden in manchen Familien diejenigen geneckt, die am Palmsonntag als letztes aufstehen und am Fr\u00fchst\u00fcckstisch erscheinen. Fr\u00fcher war es derjenigen, der zeitlich knapp mit seinem Palmwedel die Kirche betrat, um damit an der Palmprozession teilzunehmen. Rund um den Palmsonntag ranken sich einige Br\u00e4uche, die bis heute gepflegt werden. Viele Menschen besorgen sich einen Palmbuschen \u2013 er gilt als Zeichen des Lebens und erinnert an Jesus Christus und seine Ankunft in Jerusalem.<\/p>\n<p>Wie heute bei einem Star, einem ber\u00fchmten Menschen jubelt die Volksmenge Jesus zu, als er nach Jerusalem kommt. Sie rei\u00dfen Palmzweige von den B\u00e4umen und winken, sie legen Kleidungsst\u00fccke wie einen roten Teppich auf den Weg und sie rufen und singen: <em>\u201eHosianna, gelobt sei der kommt im Namen des Herrn, der K\u00f6nig von Israel.\u201c<\/em> (Hosianna meint die flehentliche Bitte \u201eHilf doch!\u201c) Denn die Menschen hatten von Jesus geh\u00f6rt, wie er Menschen heil machte, wie er auf alle ohne Ausnahme zuging und auch diejenigen in die Gottesgemeinschaft einlud, die sonst am Rande standen, auf die manche herabschauten. Beeindruckt hatte sie vor allem, wie Jesus von einem barmherzigen Gott wie einem liebenden Vater sprach. Von diesem Jesus erwarteten sie sich Hilfe in ihren pers\u00f6nlichen N\u00f6ten, in der angespannten politischen Situation mit der Unterdr\u00fcckung durch die R\u00f6mer. Mit Jesus verbanden sich gro\u00dfe Hoffnungen \u2013 so wird er frenetisch willkommen gehei\u00dfen.<\/p>\n<p>Doch Jesus entt\u00e4uscht \u2013 wieder einmal \u2013 und entspricht nicht den Erwartungen. Er kommt nicht wie ein K\u00f6nig, herrschaftlich auf einem gro\u00dfen Tier, sondern auf einem Esel. Wer auf einem Esel sitzt, ist gleich gro\u00df wie diejenigen, die um ihn herumstehen, er begegnet ihnen also auf Augenh\u00f6he. Mit einem Esel kann man nicht in den Kampf ziehen, er ist ein zahmes, friedliches, manchmal bockiges Tier. Manchen ist vielleicht schon damals klar, was sp\u00e4ter die Anh\u00e4nger Jesu begreifen: der neue K\u00f6nig Israels ist anders als ein weltlicher Herrscher, das hatte ja schon der Prophet Sacharja vorausgesagt. Die kommenden Tage in Jerusalem werden dann zeigen, was anders Jesus seine Sendung, sein Herr-Sein versteht, eben als Diener, als einer, der sein Leben hingibt, der nicht k\u00e4mpft, sondern sich in Leid und Tod begibt und gerade darin sich als stark erweist.<\/p>\n<p>Dem will ich mich nicht so gerne stellen, ich h\u00e4tte lieber einen starken, m\u00e4chtigen Gott\u2026 Wenn ich es richtig verstehe, ermuntert mich der Palmsonntag, wie Jesus mich nicht anzupassen, den Erwartungen zu entsprechen, sondern neue Wege des Friedens zu gehen \u2013 und manchmal mich auch ungeb\u00fchrlich zu verhalten\u2026 In diesem Sinne m\u00f6chte ich gerne der Palm-Esel sein!<\/p>\n<p><em>Euer Pfarrer Peter Gabriel<\/em><\/p>\n<p>&nbsp;<\/p>\n","protected":false},"excerpt":{"rendered":"<div class=\"mh-excerpt\"><p>[22.03.2024] Liebe Mitglieder und Freunde unserer Gemeinde! Heute bejubelt, morgenfallen gelassen: der Einzug Jesu in Jerusalem am Palmsonntag steht am Anfang der Karwoche. Wenig sp\u00e4ter schlagen sie Jesus ans Kreuz. Durch die Tiefe f\u00fchrt Gottes <a class=\"mh-excerpt-more\" href=\"https:\/\/hallein-evangelisch.at\/wp\/?p=14549\" title=\"Sonntagsgru\u00df zum 24. M\u00e4rz 2024\">[&#8230;]<\/a><\/p>\n<\/div>","protected":false},"author":8,"featured_media":13840,"comment_status":"closed","ping_status":"closed","sticky":false,"template":"","format":"standard","meta":{"footnotes":""},"categories":[84,102],"tags":[],"class_list":{"0":"post-14549","1":"post","2":"type-post","3":"status-publish","4":"format-standard","5":"has-post-thumbnail","7":"category-hauskirche","8":"category-sonntagsgruss"},"_links":{"self":[{"href":"https:\/\/hallein-evangelisch.at\/wp\/index.php?rest_route=\/wp\/v2\/posts\/14549","targetHints":{"allow":["GET"]}}],"collection":[{"href":"https:\/\/hallein-evangelisch.at\/wp\/index.php?rest_route=\/wp\/v2\/posts"}],"about":[{"href":"https:\/\/hallein-evangelisch.at\/wp\/index.php?rest_route=\/wp\/v2\/types\/post"}],"author":[{"embeddable":true,"href":"https:\/\/hallein-evangelisch.at\/wp\/index.php?rest_route=\/wp\/v2\/users\/8"}],"replies":[{"embeddable":true,"href":"https:\/\/hallein-evangelisch.at\/wp\/index.php?rest_route=%2Fwp%2Fv2%2Fcomments&post=14549"}],"version-history":[{"count":3,"href":"https:\/\/hallein-evangelisch.at\/wp\/index.php?rest_route=\/wp\/v2\/posts\/14549\/revisions"}],"predecessor-version":[{"id":14552,"href":"https:\/\/hallein-evangelisch.at\/wp\/index.php?rest_route=\/wp\/v2\/posts\/14549\/revisions\/14552"}],"wp:featuredmedia":[{"embeddable":true,"href":"https:\/\/hallein-evangelisch.at\/wp\/index.php?rest_route=\/wp\/v2\/media\/13840"}],"wp:attachment":[{"href":"https:\/\/hallein-evangelisch.at\/wp\/index.php?rest_route=%2Fwp%2Fv2%2Fmedia&parent=14549"}],"wp:term":[{"taxonomy":"category","embeddable":true,"href":"https:\/\/hallein-evangelisch.at\/wp\/index.php?rest_route=%2Fwp%2Fv2%2Fcategories&post=14549"},{"taxonomy":"post_tag","embeddable":true,"href":"https:\/\/hallein-evangelisch.at\/wp\/index.php?rest_route=%2Fwp%2Fv2%2Ftags&post=14549"}],"curies":[{"name":"wp","href":"https:\/\/api.w.org\/{rel}","templated":true}]}}