{"id":14625,"date":"2024-04-26T10:16:26","date_gmt":"2024-04-26T08:16:26","guid":{"rendered":"https:\/\/hallein-evangelisch.at\/wp\/?p=14625"},"modified":"2024-04-26T10:16:26","modified_gmt":"2024-04-26T08:16:26","slug":"sonntagsgruss-zum-28-april-2024","status":"publish","type":"post","link":"https:\/\/hallein-evangelisch.at\/wp\/?p=14625","title":{"rendered":"Sonntagsgru\u00df zum 28. April 2024"},"content":{"rendered":"<p>[26.04.2024]<\/p>\n<p>Liebe Mitglieder und Freunde unserer Gemeinde!<\/p>\n<p><em>\u201eSingt dem Herrn ein neues Lied, denn er tut Wunder. Lobt den Herrn mit Harfen, mit Harfen und mit Saitenspiel! Mit Trompeten und Posaunen jauchzt vor dem HERRN, dem K\u00f6nig!\u201c<\/em> \u2013 so lauten Verse aus Psalm 98 f\u00fcr diesen Sonntag Kantate. Der Beter staunt \u00fcber das, was Gott f\u00fcr ihn tut, immer wieder \u2013 und sagt ihm daf\u00fcr Danke. Sicherlich ist auch in seinem Leben nicht alles super und trotzdem lobt er Gott.<\/p>\n<p>Das Singen und die Musik \u2013 sie geh\u00f6ren zum christlichen Glauben dazu, sind elementarer Ausdruck des Dankes, der Freude \u00fcber Gott, aber auch der Klage oder der Bitte.<\/p>\n<p>Der nachstehende Sonntagsgru\u00df bedenkt, wie das Leben in einer christlichen Gemeinde durch das Wort Gottes und den Lobgesang gepr\u00e4gt wird.<\/p>\n<p>Gedanken von Hanna H\u00fcmmer sollen uns auch in schwierigen Zeiten st\u00e4rken und zum Lob Gottes Mut machen:<\/p>\n<p><em>\u201eAlles Bruchst\u00fcckhafte in meinem Leben bringe ich zu dir, mein Gott. Du sprichst in mein Dunkel, dass die Finsternis vergeht und dein Licht hervorbricht. Ich danke dir, dass du die Bruchst\u00fccke meines Lebens annimmst und etwas Ganzes daraus machst.\u201c<\/em><\/p>\n<p>Singen \u2013 mitten in dunkler Nacht, Gottvertrauen \u2013 auch im Zweifel, Jubeln \u2013 im Blick auf Gottes Segen \u2013 dazu will uns dieser Sonntag ermutigen!<\/p>\n<p><em>Euer Pfarrer Peter<\/em><\/p>\n<h3>Gru\u00df zum Sonntag Kantate, 28. April 2024<\/h3>\n<p>Liebe Mitglieder, Freundinnen und Freunde unserer Halleiner Pfarrgemeinde!<\/p>\n<p><em><img loading=\"lazy\" decoding=\"async\" class=\"alignright size-thumbnail wp-image-11658\" src=\"https:\/\/hallein-evangelisch.at\/wp\/wp-content\/uploads\/2022\/09\/peter_gabriel_2_F-225x300.png\" alt=\"\" width=\"225\" height=\"300\" srcset=\"https:\/\/hallein-evangelisch.at\/wp\/wp-content\/uploads\/2022\/09\/peter_gabriel_2_F-225x300.png 225w, https:\/\/hallein-evangelisch.at\/wp\/wp-content\/uploads\/2022\/09\/peter_gabriel_2_F-450x600.png 450w, https:\/\/hallein-evangelisch.at\/wp\/wp-content\/uploads\/2022\/09\/peter_gabriel_2_F.png 470w\" sizes=\"auto, (max-width: 225px) 100vw, 225px\" \/>\u201eLasst das Wort Christi reichlich unter euch wohnen: Lehrt und ermahnt einander in aller Weisheit; mit Psalmen, Lobges\u00e4ngen und geistlichen Liedern singt Gott dankbar in euren Herzen. Und alles, was ihr tut mit Worten oder mit Werken, das tut alles im Namen des Herrn Jesus und dankt Gott, dem Vater, durch ihn.\u201c<\/em> \u2013 so lauten Worte aus der Lesung f\u00fcr diesen Sonntag aus dem Brief an die christliche Gemeinde in Koloss\u00e4 (Kolosser 3,16-17).<\/p>\n<p>Paulus beschreibt, wie das Miteinander von Christen und Christinnen auf gute Weise funktionieren kann. Im Zentrum steht das Wort Christi, also das, was von Jesu Reden und Handeln erz\u00e4hlt wird und heute in den 4 Evangelien zusammengefasst ist. Wie er auf alle Menschen ohne Vorurteile zugeht und sie einl\u00e4dt in die Gottesgemeinschaft, wie er mit einfachen Beispielen aus dem Leben der Menschen erz\u00e4hlt, wie barmherzig und den Menschen zugewandt Gott ist. Wie Jesus Menschen wieder heil macht und ihnen erf\u00fclltes Leben erm\u00f6glicht und zusagt.<\/p>\n<p>Dazu geh\u00f6rt aber auch, wie Jesus Leiden und Tod auf sich nimmt, um damit die Trennung (= S\u00fcnde) zwischen uns Menschen und Gott aufzuheben, wie in seiner Aufweckung deutlich wird: der Tod hat seine letzte Macht verloren, Jesus ist und bleibt bei seinen J\u00fcngerinnen und J\u00fcngern, bei seiner Kirche.<\/p>\n<p>Paulus macht uns auch heute Mut, die Geschichten von Jesus immer wieder zu erz\u00e4hlen, etwas weiterzugeben von dem, was mich erf\u00fcllt und gl\u00fccklich macht. Das geschieht im Gottesdienst, in vielen Veranstaltungen unserer Gemeinde, ganz besonders auch im Religionsunterricht oder der Konfi-Zeit, das ereignet sich in unserem pers\u00f6nlichen Miteinander.<\/p>\n<p>Wenn ich dabei in der Spur Jesu bleibe, erz\u00e4hle ich aber nicht nur von dem, was mich erf\u00fcllt, sondern ich schaue auch achtsam auf meine Mitmenschen, gerade auf die, denen es gerade nicht so gut geht, die sich schwertun, Gott zu vertrauen. Denn ich glaube: Gott ist auch bei mir, wenn ich ihn nicht sp\u00fcre, Gott will mir wieder neue Kraft und Trost in schwierigen Zeiten schenken.<\/p>\n<p>Und dann k\u00f6nnen wir auch gemeinsam Gott loben und singen, dankbar f\u00fcr alles, was Gott schenkt. Und dazu geh\u00f6ren eben auch die nicht so einfachen Zeiten\u2026<\/p>\n<p>Bei allem, was ich rede und tue, will ich zudem immer danach fragen, ob es Jesus gem\u00e4\u00df ist. Ihn will ich mir zum Vorbild, zum Ma\u00dfstab nehmen, von ihm mich korrigieren lassen.<\/p>\n<p>Dazu brauche ich die Gemeinschaft mit anderen Gl\u00e4ubigen und immer wieder die dankbare Ausrichtung auf Gott und sein Wort.<\/p>\n<p>Kantate \u2013 das ist mehr als ein Jubelgesang, das ist eine Hilfe f\u00fcr mein Leben!<\/p>\n<p><em>Euer Pfarrer Peter Gabriel<\/em><\/p>\n<p>&nbsp;<\/p>\n<p>&nbsp;<\/p>\n<p>&nbsp;<\/p>\n<p>&nbsp;<\/p>\n","protected":false},"excerpt":{"rendered":"<div class=\"mh-excerpt\"><p>[26.04.2024] Liebe Mitglieder und Freunde unserer Gemeinde! \u201eSingt dem Herrn ein neues Lied, denn er tut Wunder. Lobt den Herrn mit Harfen, mit Harfen und mit Saitenspiel! Mit Trompeten und Posaunen jauchzt vor dem HERRN, <a class=\"mh-excerpt-more\" href=\"https:\/\/hallein-evangelisch.at\/wp\/?p=14625\" title=\"Sonntagsgru\u00df zum 28. April 2024\">[&#8230;]<\/a><\/p>\n<\/div>","protected":false},"author":8,"featured_media":13845,"comment_status":"closed","ping_status":"closed","sticky":false,"template":"","format":"standard","meta":{"footnotes":""},"categories":[84,102],"tags":[],"class_list":{"0":"post-14625","1":"post","2":"type-post","3":"status-publish","4":"format-standard","5":"has-post-thumbnail","7":"category-hauskirche","8":"category-sonntagsgruss"},"_links":{"self":[{"href":"https:\/\/hallein-evangelisch.at\/wp\/index.php?rest_route=\/wp\/v2\/posts\/14625","targetHints":{"allow":["GET"]}}],"collection":[{"href":"https:\/\/hallein-evangelisch.at\/wp\/index.php?rest_route=\/wp\/v2\/posts"}],"about":[{"href":"https:\/\/hallein-evangelisch.at\/wp\/index.php?rest_route=\/wp\/v2\/types\/post"}],"author":[{"embeddable":true,"href":"https:\/\/hallein-evangelisch.at\/wp\/index.php?rest_route=\/wp\/v2\/users\/8"}],"replies":[{"embeddable":true,"href":"https:\/\/hallein-evangelisch.at\/wp\/index.php?rest_route=%2Fwp%2Fv2%2Fcomments&post=14625"}],"version-history":[{"count":3,"href":"https:\/\/hallein-evangelisch.at\/wp\/index.php?rest_route=\/wp\/v2\/posts\/14625\/revisions"}],"predecessor-version":[{"id":14628,"href":"https:\/\/hallein-evangelisch.at\/wp\/index.php?rest_route=\/wp\/v2\/posts\/14625\/revisions\/14628"}],"wp:featuredmedia":[{"embeddable":true,"href":"https:\/\/hallein-evangelisch.at\/wp\/index.php?rest_route=\/wp\/v2\/media\/13845"}],"wp:attachment":[{"href":"https:\/\/hallein-evangelisch.at\/wp\/index.php?rest_route=%2Fwp%2Fv2%2Fmedia&parent=14625"}],"wp:term":[{"taxonomy":"category","embeddable":true,"href":"https:\/\/hallein-evangelisch.at\/wp\/index.php?rest_route=%2Fwp%2Fv2%2Fcategories&post=14625"},{"taxonomy":"post_tag","embeddable":true,"href":"https:\/\/hallein-evangelisch.at\/wp\/index.php?rest_route=%2Fwp%2Fv2%2Ftags&post=14625"}],"curies":[{"name":"wp","href":"https:\/\/api.w.org\/{rel}","templated":true}]}}