{"id":14702,"date":"2024-06-03T00:00:18","date_gmt":"2024-06-02T22:00:18","guid":{"rendered":"https:\/\/hallein-evangelisch.at\/wp\/?p=14702"},"modified":"2024-12-20T12:19:33","modified_gmt":"2024-12-20T11:19:33","slug":"wir-bringen-menschen-zusammen","status":"publish","type":"post","link":"https:\/\/hallein-evangelisch.at\/wp\/?p=14702","title":{"rendered":"Wir bringen Menschen zusammen"},"content":{"rendered":"<p>[03.06.2024]<\/p>\n<div class=\"markdown markdown-main-panel\" dir=\"ltr\">\n<p data-sourcepos=\"1:1-1:86\">Im M\u00e4rz 2023 gr\u00fcndete unsere Pfarrgemeinde das Projekt \u201eDaLeTe \u2013 Das Leben Teilen\u201c.<\/p>\n<p data-sourcepos=\"3:1-3:39\">Hier bringen wir Menschen zusammen, die sich zum Wohle anderer engagieren wollen, mit denen, die ohne Hilfe und Unterst\u00fctzung ihre aktuelle Lebenssituation nur schwer meistern k\u00f6nnen. Viele Pfarrgemeindemitglieder haben sich gemeldet und engagieren sich bereits ehrenamtlich. In unserer neuen Rubrik \u201eWir stellen vor\u201c bitten wir DaLeTe-Freiwillige vor den Vorhang und geben interessante Einblicke in ihr ehrenamtliches Engagement.<\/p>\n<h3 data-sourcepos=\"5:1-5:58\">Aus unserem DaLeTe-Freiwilligen-Team: Wir stellen vor!<\/h3>\n<p data-sourcepos=\"7:1-10:87\"><strong>Ich hei\u00dfe:<\/strong> Michaela Mattel<br \/>\n<strong>Mein Geburtstag ist am:<\/strong> 21.03.1978<br \/>\n<strong>Ich wohne in:<\/strong> Abtenau<br \/>\n<strong>4 W\u00f6rter, die mich beschreiben:<\/strong> Familienmensch, empathisch, freundlich, hilfsbereit<\/p>\n<p data-sourcepos=\"12:1-13:69\"><strong>Wenn ich einen Zauberstab h\u00e4tte&#8230;<\/strong> &#8230;w\u00fcrde ich alle Kriege und Hungersn\u00f6te auf der Welt sofort beenden.<\/p>\n<p data-sourcepos=\"15:1-16:148\"><strong>Darum engagiere ich mich freiwillig:<\/strong> Weil es mich gl\u00fccklich macht, mit nur ein paar Stunden meiner Freizeit, unseren Senioren einen sch\u00f6nen und gem\u00fctlichen Spielenachmittag zu bereiten.<\/p>\n<p data-sourcepos=\"18:1-18:12\"><strong>Mein sch\u00f6nstes DaLeTe-Erlebnis:<\/strong> Ich finde die Gespr\u00e4che, die sich w\u00e4hrend des Spielens und Kuchenessens ergeben, so sch\u00f6n, weil man merkt, dass sich jeder wohl f\u00fchlt. Und ich liebe die Geschichten von fr\u00fcher, bei denen ich zuh\u00f6ren darf.<\/p>\n<p data-sourcepos=\"21:1-22:111\"><strong>Tipp:<\/strong> Der n\u00e4chste Spielenachmittag findet am 18.09.2024 von 14:30 bis 16:30 Uhr im Gemeindesaal unserer Pfarre statt!<\/p>\n<div class=\"markdown markdown-main-panel\" dir=\"ltr\">\n<h4 data-sourcepos=\"1:1-1:22\">Neugierig geworden?<\/h4>\n<p data-sourcepos=\"3:1-3:153\">M\u00f6chtest auch du dich freiwillig engagieren und die Welt zu einem besseren Ort machen? Hast du Lust, deine F\u00e4higkeiten und Talente f\u00fcr Gutes einzusetzen?\u00a0Egal wie deine M\u00f6glichkeiten aussehen, melde dich gerne bei uns! Schreib uns unter dalete@hallein-evangelisch.at oder ruf unter 0699\/188 77 597 an.<\/p>\n<p data-sourcepos=\"9:1-9:43\">Wir freuen uns darauf, dich kennenzulernen!<\/p>\n<p data-sourcepos=\"11:1-11:52\">\n<\/div>\n<\/div>\n","protected":false},"excerpt":{"rendered":"<div class=\"mh-excerpt\"><p>[03.06.2024] Im M\u00e4rz 2023 gr\u00fcndete unsere Pfarrgemeinde das Projekt \u201eDaLeTe \u2013 Das Leben Teilen\u201c. Hier bringen wir Menschen zusammen, die sich zum Wohle anderer engagieren wollen, mit denen, die ohne Hilfe und Unterst\u00fctzung ihre aktuelle <a class=\"mh-excerpt-more\" href=\"https:\/\/hallein-evangelisch.at\/wp\/?p=14702\" title=\"Wir bringen Menschen zusammen\">[&#8230;]<\/a><\/p>\n<\/div>","protected":false},"author":8,"featured_media":14592,"comment_status":"closed","ping_status":"closed","sticky":false,"template":"","format":"standard","meta":{"footnotes":""},"categories":[107],"tags":[],"class_list":{"0":"post-14702","1":"post","2":"type-post","3":"status-publish","4":"format-standard","5":"has-post-thumbnail","7":"category-das-leben-teilen"},"_links":{"self":[{"href":"https:\/\/hallein-evangelisch.at\/wp\/index.php?rest_route=\/wp\/v2\/posts\/14702","targetHints":{"allow":["GET"]}}],"collection":[{"href":"https:\/\/hallein-evangelisch.at\/wp\/index.php?rest_route=\/wp\/v2\/posts"}],"about":[{"href":"https:\/\/hallein-evangelisch.at\/wp\/index.php?rest_route=\/wp\/v2\/types\/post"}],"author":[{"embeddable":true,"href":"https:\/\/hallein-evangelisch.at\/wp\/index.php?rest_route=\/wp\/v2\/users\/8"}],"replies":[{"embeddable":true,"href":"https:\/\/hallein-evangelisch.at\/wp\/index.php?rest_route=%2Fwp%2Fv2%2Fcomments&post=14702"}],"version-history":[{"count":5,"href":"https:\/\/hallein-evangelisch.at\/wp\/index.php?rest_route=\/wp\/v2\/posts\/14702\/revisions"}],"predecessor-version":[{"id":15759,"href":"https:\/\/hallein-evangelisch.at\/wp\/index.php?rest_route=\/wp\/v2\/posts\/14702\/revisions\/15759"}],"wp:featuredmedia":[{"embeddable":true,"href":"https:\/\/hallein-evangelisch.at\/wp\/index.php?rest_route=\/wp\/v2\/media\/14592"}],"wp:attachment":[{"href":"https:\/\/hallein-evangelisch.at\/wp\/index.php?rest_route=%2Fwp%2Fv2%2Fmedia&parent=14702"}],"wp:term":[{"taxonomy":"category","embeddable":true,"href":"https:\/\/hallein-evangelisch.at\/wp\/index.php?rest_route=%2Fwp%2Fv2%2Fcategories&post=14702"},{"taxonomy":"post_tag","embeddable":true,"href":"https:\/\/hallein-evangelisch.at\/wp\/index.php?rest_route=%2Fwp%2Fv2%2Ftags&post=14702"}],"curies":[{"name":"wp","href":"https:\/\/api.w.org\/{rel}","templated":true}]}}