{"id":14705,"date":"2024-06-17T00:00:22","date_gmt":"2024-06-16T22:00:22","guid":{"rendered":"https:\/\/hallein-evangelisch.at\/wp\/?p=14705"},"modified":"2024-05-30T18:08:46","modified_gmt":"2024-05-30T16:08:46","slug":"gottesdienst-fuer-dich-und-mich","status":"publish","type":"post","link":"https:\/\/hallein-evangelisch.at\/wp\/?p=14705","title":{"rendered":"Gottesdienst f\u00fcr dich und mich"},"content":{"rendered":"<p>[17.06.2024]<\/p>\n<div class=\"markdown markdown-main-panel\" dir=\"ltr\">\n<p data-sourcepos=\"1:1-1:28\">Liebe Gemeindemitglieder!<\/p>\n<p data-sourcepos=\"3:1-3:305\"><img loading=\"lazy\" decoding=\"async\" class=\"alignright size-thumbnail wp-image-14706\" src=\"https:\/\/hallein-evangelisch.at\/wp\/wp-content\/uploads\/2024\/05\/alle_gd-300x300.png\" alt=\"\" width=\"300\" height=\"300\" srcset=\"https:\/\/hallein-evangelisch.at\/wp\/wp-content\/uploads\/2024\/05\/alle_gd-300x300.png 300w, https:\/\/hallein-evangelisch.at\/wp\/wp-content\/uploads\/2024\/05\/alle_gd-600x600.png 600w, https:\/\/hallein-evangelisch.at\/wp\/wp-content\/uploads\/2024\/05\/alle_gd-60x60.png 60w, https:\/\/hallein-evangelisch.at\/wp\/wp-content\/uploads\/2024\/05\/alle_gd.png 934w\" sizes=\"auto, (max-width: 300px) 100vw, 300px\" \/>Viele von euch haben sich vielleicht schon gefragt, warum es keinen Gottesdienst mehr f\u00fcr junge Leute gibt, warum es keinen Gottesdienst f\u00fcr besondere Bed\u00fcrfnisse gibt, warum es keinen Gottesdienst f\u00fcr Alleinstehende gibt oder warum es keinen Familiengottesdienst gibt? Ganz einfach: Jetzt wird alles neu!<\/p>\n<p data-sourcepos=\"5:1-5:35\">Und daf\u00fcr gibt es nur eine Antwort:<\/p>\n<h4 data-sourcepos=\"7:1-7:37\"><strong>\u201eGottesdienst f\u00fcr<\/strong> dich<strong> und mich!\u201c<\/strong><\/h4>\n<p data-sourcepos=\"9:1-9:77\">Es soll in Zukunft einen Gottesdienst geben, der f\u00fcr wirklich alle ist, also:<\/p>\n<ul data-sourcepos=\"11:1-17:8\">\n<li data-sourcepos=\"11:1-11:54\">Menschen, die eine einfache Sprache besser verstehen<\/li>\n<li data-sourcepos=\"12:1-12:8\">Allein<\/li>\n<li data-sourcepos=\"13:1-13:39\">Alt, jung oder einfach nur mittendrin<\/li>\n<li data-sourcepos=\"14:1-14:10\">Familien<\/li>\n<li data-sourcepos=\"15:1-15:8\">Kinder<\/li>\n<li data-sourcepos=\"16:1-16:13\">Jugendliche<\/li>\n<li data-sourcepos=\"17:1-17:8\">Kinderlose<\/li>\n<li data-sourcepos=\"18:1-18:12\">Elternlose<\/li>\n<li data-sourcepos=\"19:1-19:10\">Suchende<\/li>\n<li data-sourcepos=\"20:1-20:11\">Gefundene<\/li>\n<li data-sourcepos=\"21:1-22:0\">und so weiter!<\/li>\n<\/ul>\n<p data-sourcepos=\"23:1-23:16\">F\u00fcr alle eben!!!<\/p>\n<p data-sourcepos=\"25:1-25:193\">Wir wollen jeden Einzelnen von euch bei uns haben, egal ob arm-reich, jung-alt, alleinstehend-Familie, depressiv-unbelastet, gestresst-relaxed \u2013 alle, ja wirklich alle k\u00f6nnen daran teilnehmen!!<\/p>\n<h4 data-sourcepos=\"27:1-27:39\">Wer sind wir und was haben wir vor?<\/h4>\n<p data-sourcepos=\"29:1-29:47\">Wir wollen euch einen Gottesdienst bieten, der:<\/p>\n<ul data-sourcepos=\"31:1-31:26\">\n<li data-sourcepos=\"31:1-31:26\">in einfacher Sprache ist<\/li>\n<li data-sourcepos=\"32:1-32:64\">von euch mitgestaltet werden kann (aber nur wenn ihr wollt!!!)<\/li>\n<li data-sourcepos=\"33:1-33:14\">lebendig ist<\/li>\n<li data-sourcepos=\"34:1-35:0\">und \u201elast but not least\u201c (\u201ezum Schluss aber doch\u201c) uns neuen Lektor*innen eine Plattform bietet, um uns auszuprobieren, um Erfahrungen zu sammeln, um zu lernen.<\/li>\n<\/ul>\n<p data-sourcepos=\"36:1-36:328\">Nach dem Gottesdienst wird es immer ein \u201ebring and share\u201c (\u201ebringen und teilen\u201c) geben. Das hei\u00dft, dass wir uns im Gemeindesaal treffen (wie beim Nachgespr\u00e4ch) und ihr eine St\u00e4rkung zu euch nehmen und uns dann sagen k\u00f6nnt, wie es euch gefallen hat und was wir noch verbessern sollen\/k\u00f6nnen! Wir sind f\u00fcr alles offen und dankbar!<\/p>\n<p data-sourcepos=\"38:1-38:268\">Zus\u00e4tzlich werden uns nicht nur unsere \u201ealt\u201c-bekannten Musikerinnen im Gottesdienst unterst\u00fctzen, sondern wir werden auch neue andere Musikerinnen und Bands in unserem Gottesdienst haben, die teilweise moderne und andere Musik f\u00fcr den Gottesdienst mitbringen werden!<\/p>\n<p data-sourcepos=\"40:1-40:86\"><strong>Habt ihr Lust darauf? \u2013 Wir SEHR! Und wir freuen uns auf jeden Einzelnen von euch!<\/strong><\/p>\n<p data-sourcepos=\"42:1-42:109\">Kommt zuhauf\u2018 und lasst uns Gottesdienst feiern! Der erste wird zum Schulschluss am 30.Juni 2024 stattfinden.<\/p>\n<p data-sourcepos=\"48:1-48:73\"><strong>Aber ab Herbst starten wir voll durch! \u2013 Gottesdienst f\u00fcr dich + mich<\/strong><\/p>\n<p data-sourcepos=\"50:1-50:98\">wird ab dem 6. Oktober 2024 immer am ersten Sonntag im Monat mit unseren Lektor*innen stattfinden.<\/p>\n<p data-sourcepos=\"52:1-52:27\">Euer Lektor*innen-Team!<br \/>\n<em>Angelika Wagner, Daniela Breinich,Yvonne Ennsmann, Martina und Markus Mayr<\/em><\/p>\n<\/div>\n","protected":false},"excerpt":{"rendered":"<div class=\"mh-excerpt\"><p>[17.06.2024] Liebe Gemeindemitglieder! Viele von euch haben sich vielleicht schon gefragt, warum es keinen Gottesdienst mehr f\u00fcr junge Leute gibt, warum es keinen Gottesdienst f\u00fcr besondere Bed\u00fcrfnisse gibt, warum es keinen Gottesdienst f\u00fcr Alleinstehende gibt <a class=\"mh-excerpt-more\" href=\"https:\/\/hallein-evangelisch.at\/wp\/?p=14705\" title=\"Gottesdienst f\u00fcr dich und mich\">[&#8230;]<\/a><\/p>\n<\/div>","protected":false},"author":8,"featured_media":14706,"comment_status":"closed","ping_status":"closed","sticky":false,"template":"","format":"standard","meta":{"footnotes":""},"categories":[1],"tags":[],"class_list":{"0":"post-14705","1":"post","2":"type-post","3":"status-publish","4":"format-standard","5":"has-post-thumbnail","7":"category-allgemein"},"_links":{"self":[{"href":"https:\/\/hallein-evangelisch.at\/wp\/index.php?rest_route=\/wp\/v2\/posts\/14705","targetHints":{"allow":["GET"]}}],"collection":[{"href":"https:\/\/hallein-evangelisch.at\/wp\/index.php?rest_route=\/wp\/v2\/posts"}],"about":[{"href":"https:\/\/hallein-evangelisch.at\/wp\/index.php?rest_route=\/wp\/v2\/types\/post"}],"author":[{"embeddable":true,"href":"https:\/\/hallein-evangelisch.at\/wp\/index.php?rest_route=\/wp\/v2\/users\/8"}],"replies":[{"embeddable":true,"href":"https:\/\/hallein-evangelisch.at\/wp\/index.php?rest_route=%2Fwp%2Fv2%2Fcomments&post=14705"}],"version-history":[{"count":4,"href":"https:\/\/hallein-evangelisch.at\/wp\/index.php?rest_route=\/wp\/v2\/posts\/14705\/revisions"}],"predecessor-version":[{"id":14748,"href":"https:\/\/hallein-evangelisch.at\/wp\/index.php?rest_route=\/wp\/v2\/posts\/14705\/revisions\/14748"}],"wp:featuredmedia":[{"embeddable":true,"href":"https:\/\/hallein-evangelisch.at\/wp\/index.php?rest_route=\/wp\/v2\/media\/14706"}],"wp:attachment":[{"href":"https:\/\/hallein-evangelisch.at\/wp\/index.php?rest_route=%2Fwp%2Fv2%2Fmedia&parent=14705"}],"wp:term":[{"taxonomy":"category","embeddable":true,"href":"https:\/\/hallein-evangelisch.at\/wp\/index.php?rest_route=%2Fwp%2Fv2%2Fcategories&post=14705"},{"taxonomy":"post_tag","embeddable":true,"href":"https:\/\/hallein-evangelisch.at\/wp\/index.php?rest_route=%2Fwp%2Fv2%2Ftags&post=14705"}],"curies":[{"name":"wp","href":"https:\/\/api.w.org\/{rel}","templated":true}]}}