{"id":14768,"date":"2024-06-07T09:58:10","date_gmt":"2024-06-07T07:58:10","guid":{"rendered":"https:\/\/hallein-evangelisch.at\/wp\/?p=14768"},"modified":"2024-06-07T09:58:10","modified_gmt":"2024-06-07T07:58:10","slug":"sonntagsgruss-zum-9-juni-2024","status":"publish","type":"post","link":"https:\/\/hallein-evangelisch.at\/wp\/?p=14768","title":{"rendered":"Sonntagsgru\u00df zum 9. Juni 2024"},"content":{"rendered":"<p>[07.06.2024]<\/p>\n<p>Liebe Mitglieder und Freunde unserer Gemeinde!<\/p>\n<p><em><img loading=\"lazy\" decoding=\"async\" class=\"alignright size-thumbnail wp-image-11662\" src=\"https:\/\/hallein-evangelisch.at\/wp\/wp-content\/uploads\/2022\/09\/peter_gabriel_6_F-239x300.png\" alt=\"\" width=\"239\" height=\"300\" srcset=\"https:\/\/hallein-evangelisch.at\/wp\/wp-content\/uploads\/2022\/09\/peter_gabriel_6_F-239x300.png 239w, https:\/\/hallein-evangelisch.at\/wp\/wp-content\/uploads\/2022\/09\/peter_gabriel_6_F-477x600.png 477w, https:\/\/hallein-evangelisch.at\/wp\/wp-content\/uploads\/2022\/09\/peter_gabriel_6_F.png 592w\" sizes=\"auto, (max-width: 239px) 100vw, 239px\" \/>\u201eKommt her zu mir alle, die ihr m\u00fchselig und beladen seid; ich will euch erquicken.\u201c<\/em> (Matth\u00e4us 11,28) \u2013 das ist das biblische Motto f\u00fcr diesen Sonntag! Bei Jesus und bei Gott sind alle willkommen \u2013 ohne Ausnahme. Diese Einladung gilt besonders denen, die es nicht leicht haben im Leben oder mit sich selbst, die k\u00f6rperlich oder geistig belastet sind und viel auf ihren Schultern zu tragen haben. Aber wir d\u00fcrfen gewiss sein: Jesus ist da, hilft Tragen und verhei\u00dft Erleichterung und Freude. Denn ich bin nicht allein, ich geh\u00f6re in eine Gemeinschaft von Schwestern und Br\u00fcdern, ich bin ein lebendiger Stein im Hause Gottes.<\/p>\n<p>Der nachstehende Sonntagsgru\u00df bedenkt einen Kernsatz des Predigttextes f\u00fcr diesen Sonntag.<\/p>\n<p>Klinkt euch ein in das Gebet des Sonntagsgottesdienstes:<br \/>\n\u201e<em>Wo k\u00f6nnen wir Frieden finden, Gott? Auf unserer Welt herrscht so viel Unfrieden, Streit u. Auseinandersetzung. Wir m\u00f6chten so gern im Frieden wohnen. Wo, Gott, wenn nicht bei dir? So bitten wir: Komm jetzt! Komm hierher in unsere Mitte! Schenk unseren Herzen u. unseren Gedanken deinen Frieden, Gott. In Jesus Christus. Amen.\u201c<\/em><\/p>\n<p>Wir w\u00fcnschen Euch, dass ihr Gottes Frieden erfahren d\u00fcrft in euch selbst, in eurem pers\u00f6nlichen Umfeld und dass ihr selber zu Friedensstiftern werden k\u00f6nnt!<\/p>\n<p><em>Euer Pfarrer Peter<\/em><\/p>\n<hr \/>\n<h3>Sonntagsgru\u00df zum 2. Sonntag nach Trinitatis<\/h3>\n<p>Liebe Mitglieder, Freundinnen und Freunde unserer Halleiner Pfarrgemeinde!<\/p>\n<p><em>\u201eJa, Christus selbst ist unser Friede.\u201c<\/em> (Epheser 2,14) \u2013 das ist einer der Kerns\u00e4tze aus dem Predigttext f\u00fcr diesen Sonntag. F\u00fcr den Schreiber des Epheserbriefes entsteht der Frieden dadurch, dass Jesus Christus aus Juden und Nicht-Juden, ja aus allen Menschen ein Volk, ein Ganzes gemacht hat.<\/p>\n<p>Es gibt keine trennende Mauer mehr zwischen Menschen aus verschiedenen L\u00e4ndern, mit verschiedenen Traditionen. In und durch Jesus Christus sind alle Teil, ja Bausteine im Hause Gottes. Dieser Tempel Gottes ist kein Bauwerk, sondern besteht aus Menschen, die auf Gott vertrauen, zu ihm geh\u00f6ren, die er zu Mitgliedern in seiner Hausgemeinschaft macht. Was f\u00fcr eine Verhei\u00dfung, was f\u00fcr eine Vision!<\/p>\n<p>Unsere Welt sieht leider vielfach anders aus\u2026 Gewaltt\u00e4tige Auseinandersetzungen und Kriege nehmen zu, gerade im Heiligen Land, in Jerusalem herrscht alles andere als Frieden. Menschen j\u00fcdischen Glaubens werden fast \u00fcberall auf der Welt angefeindet, m\u00fcssen auch im Staat Israel um ihr Leben f\u00fcrchten und zugleich ist die Regierung dieses Staates verantwortlich f\u00fcr das Leid der Menschen in Pal\u00e4stina. \u00dcberall auf der Welt entstehen neue Z\u00e4une und Mauern, die Menschen voneinander trennen und Grenzen un\u00fcberwindlich machen sollen.<\/p>\n<p>Auch bei uns in \u00d6sterreich steigen Aggressionspotential und Wut. Menschen machen einander das Leben zur H\u00f6lle \u2013 selbst unter Nachbarn, in der Familie oder bei Glaubensgeschwistern. Wie gro\u00df ist die Sehnsucht nach Frieden, nach einem friedlichen Miteinander!<\/p>\n<p>Der Schreiber des Epheserbriefes ermahnt nicht, friedfertiger miteinander umzugehen, sondern er vertraut: Jesus Christus sagt uns Frieden zu, er bringt und bewirkt Frieden \u2013 zwischen Menschen, so unterschiedlich sie auch sind, zwischen V\u00f6lkern, zwischen denen, die sich besser f\u00fchlen und die andere von sich fernhalten wollen \u2013 wirtschaftlich, politisch, religi\u00f6s\u2026 Friede wird und w\u00e4chst dadurch, dass ich mich von Jesus anr\u00fchren lasse, dass ich mich einlasse auf seinen Weg der Liebe und des Friedens.<\/p>\n<p>So ist der Friede, den Jesus schenkt, zuerst ein innerer Friede! Friede mit mir selbst \u2013 das bedeutet, mich nicht st\u00e4ndig zu \u00fcberfordern, sondern zufrieden und dankbar zu sein, mein Leben so zu akzeptieren, wie es ist. Dieser innere Frieden macht mich ruhiger und gelassener \u2013 und er strahlt auch nach au\u00dfen.<\/p>\n<p>Wenn ich mit mir im Frieden lebe, brauche ich mich nicht mit anderen zu vergleichen, muss diese nicht schlecht machen, ihnen neidig sein, ihnen mit Vorurteilen oder sogar b\u00f6sen Absichten begegnen. Je mehr Menschen sich vom Frieden Jesu Christi anstecken lassen und auf ihn vertrauen, so friedlicher wird unsere Welt. Diese Hoffnung erf\u00fcllt mich und treibt mich an!<\/p>\n<p><em>Euer Pfarrer Peter Gabriel<\/em><\/p>\n","protected":false},"excerpt":{"rendered":"<div class=\"mh-excerpt\"><p>[07.06.2024] Liebe Mitglieder und Freunde unserer Gemeinde! \u201eKommt her zu mir alle, die ihr m\u00fchselig und beladen seid; ich will euch erquicken.\u201c (Matth\u00e4us 11,28) \u2013 das ist das biblische Motto f\u00fcr diesen Sonntag! Bei Jesus <a class=\"mh-excerpt-more\" href=\"https:\/\/hallein-evangelisch.at\/wp\/?p=14768\" title=\"Sonntagsgru\u00df zum 9. Juni 2024\">[&#8230;]<\/a><\/p>\n<\/div>","protected":false},"author":8,"featured_media":13851,"comment_status":"closed","ping_status":"closed","sticky":false,"template":"","format":"standard","meta":{"footnotes":""},"categories":[84,102],"tags":[],"class_list":{"0":"post-14768","1":"post","2":"type-post","3":"status-publish","4":"format-standard","5":"has-post-thumbnail","7":"category-hauskirche","8":"category-sonntagsgruss"},"_links":{"self":[{"href":"https:\/\/hallein-evangelisch.at\/wp\/index.php?rest_route=\/wp\/v2\/posts\/14768","targetHints":{"allow":["GET"]}}],"collection":[{"href":"https:\/\/hallein-evangelisch.at\/wp\/index.php?rest_route=\/wp\/v2\/posts"}],"about":[{"href":"https:\/\/hallein-evangelisch.at\/wp\/index.php?rest_route=\/wp\/v2\/types\/post"}],"author":[{"embeddable":true,"href":"https:\/\/hallein-evangelisch.at\/wp\/index.php?rest_route=\/wp\/v2\/users\/8"}],"replies":[{"embeddable":true,"href":"https:\/\/hallein-evangelisch.at\/wp\/index.php?rest_route=%2Fwp%2Fv2%2Fcomments&post=14768"}],"version-history":[{"count":4,"href":"https:\/\/hallein-evangelisch.at\/wp\/index.php?rest_route=\/wp\/v2\/posts\/14768\/revisions"}],"predecessor-version":[{"id":14772,"href":"https:\/\/hallein-evangelisch.at\/wp\/index.php?rest_route=\/wp\/v2\/posts\/14768\/revisions\/14772"}],"wp:featuredmedia":[{"embeddable":true,"href":"https:\/\/hallein-evangelisch.at\/wp\/index.php?rest_route=\/wp\/v2\/media\/13851"}],"wp:attachment":[{"href":"https:\/\/hallein-evangelisch.at\/wp\/index.php?rest_route=%2Fwp%2Fv2%2Fmedia&parent=14768"}],"wp:term":[{"taxonomy":"category","embeddable":true,"href":"https:\/\/hallein-evangelisch.at\/wp\/index.php?rest_route=%2Fwp%2Fv2%2Fcategories&post=14768"},{"taxonomy":"post_tag","embeddable":true,"href":"https:\/\/hallein-evangelisch.at\/wp\/index.php?rest_route=%2Fwp%2Fv2%2Ftags&post=14768"}],"curies":[{"name":"wp","href":"https:\/\/api.w.org\/{rel}","templated":true}]}}